{"id":62730,"date":"2024-02-10T12:00:16","date_gmt":"2024-02-10T15:00:16","guid":{"rendered":"https:\/\/www.tvnovelas.com.br\/tvnews\/?p=62730"},"modified":"2024-02-10T11:06:14","modified_gmt":"2024-02-10T14:06:14","slug":"o-que-se-passa-em-fuzue-na-semana-12-a-17-de-fevereiro","status":"publish","type":"post","link":"https:\/\/www.tvnovelas.com.br\/tvnews\/o-que-se-passa-em-fuzue-na-semana-12-a-17-de-fevereiro\/","title":{"rendered":"O que se passa em Fuzu\u00ea na semana 12 a 17 de fevereiro"},"content":{"rendered":"<p><em>Resumos de Fuzu\u00ea na semana 12 a 17 de fevereiro<\/em><\/p>\n<p><img data-recalc-dims=\"1\" decoding=\"async\" class=\"alignnone wp-image-62731 size-full\" title=\"(Foto: TV Globo\/Fuzu\u00ea)\" src=\"https:\/\/i0.wp.com\/www.tvnovelas.com.br\/tvnews\/wp-content\/uploads\/2024\/02\/39968a.jpg?resize=728%2C410&#038;ssl=1\" alt=\"Foto em Fuzu\u00ea na semana 12 a 17 de fevereiro\" width=\"728\" height=\"410\" srcset=\"https:\/\/i0.wp.com\/www.tvnovelas.com.br\/tvnews\/wp-content\/uploads\/2024\/02\/39968a.jpg?w=728&amp;ssl=1 728w, https:\/\/i0.wp.com\/www.tvnovelas.com.br\/tvnews\/wp-content\/uploads\/2024\/02\/39968a.jpg?resize=678%2C381&amp;ssl=1 678w\" sizes=\"(max-width: 728px) 100vw, 728px\" \/><\/p>\n<blockquote><p>Pascoal usa Preciosa para tentar escapar da pol\u00edcia; Luna discute com Preciosa; Juli\u00e3o briga com Merreca na rua; Jefinho se recusa a cantar com Selena; Preciosa vai ao pres\u00eddio falar com Pascoal&#8230;<\/p><\/blockquote>\n<p><strong>Resumo de segunda-feira, 12 de fevereiro<\/strong><br \/>\nSandra liga para Pascoal, que n\u00e3o desconfia da armadilha. Nero procura Maria. Ma\u00e7arico v\u00ea Pascoal no bairro e avisa a Merreca. Sandra questiona Barreto sobre o equipamento de escuta. Preciosa segue o carro de Pascoal. Sandra consegue a confiss\u00e3o de Pascoal sobre o golpe em Maria. Merreca intercepta o carro de Pascoal, e Sandra foge. Preciosa \u00e9 capturada por Pascoal. C\u00e9sar chega \u00e0 casa de Maria e confronta Nero. Luna e Miguel encontram Sandra. Pascoal usa Preciosa para tentar escapar da pol\u00edcia. Cec\u00edlia surpreende Pascoal.<\/p>\n<p><strong>Resumo de ter\u00e7a-feira, 13 de fevereiro<\/strong><br \/>\nPascoal \u00e9 atingido por Cec\u00edlia. Luna discute com Preciosa. Soraya expulsa Francisco e Merreca da casa de Gl\u00e1ucia. Pascoal confronta Cec\u00edlia ao v\u00ea-la presa. Preciosa se frustra com a falta de acolhimento de Heitor. Juli\u00e3o avisa a C\u00e9sar que invadir\u00e1 o apartamento de Pascoal. Preciosa vai com Rui at\u00e9 a casa de Pascoal. Miguel e Luna se re\u00fanem com o advogado do banco. Barreto encontra Juli\u00e3o, Preciosa e Rui no apartamento de Pascoal.<br \/>\n<img data-recalc-dims=\"1\" decoding=\"async\" class=\"alignnone wp-image-62732 size-full\" title=\"(Foto: TV Globo\/Fuzu\u00ea)\" src=\"https:\/\/i0.wp.com\/www.tvnovelas.com.br\/tvnews\/wp-content\/uploads\/2024\/02\/39968c.jpg?resize=728%2C410&#038;ssl=1\" alt=\"Foto em Fuzu\u00ea na semana 12 a 17 de fevereiro\" width=\"728\" height=\"410\" srcset=\"https:\/\/i0.wp.com\/www.tvnovelas.com.br\/tvnews\/wp-content\/uploads\/2024\/02\/39968c.jpg?w=728&amp;ssl=1 728w, https:\/\/i0.wp.com\/www.tvnovelas.com.br\/tvnews\/wp-content\/uploads\/2024\/02\/39968c.jpg?resize=678%2C381&amp;ssl=1 678w\" sizes=\"(max-width: 728px) 100vw, 728px\" \/><\/p>\n<p><strong>Resumo de quarta-feira, 14 de fevereiro<\/strong><br \/>\nPreciosa engana Barreto e ajuda Juli\u00e3o e Rui. Miguel e Luna n\u00e3o conseguem um acordo com o banco. Preciosa encontra um papel com a suposta senha de Pascoal. V\u00e2nia faz um pacto com Bebel. C\u00e9sar repreende Preciosa por invadir o apartamento de Pascoal. Mercedes e Lampi\u00e3o t\u00eam uma crise de espirro ao se encontrarem. Miguel auxilia Cec\u00edlia em seu depoimento. Preciosa procura Pascoal na delegacia. Barreto conta para Miguel sobre Juli\u00e3o. Preciosa afirma a Rui que descobrir\u00e1 o paradeiro do tesouro de Maria. Luna tira satisfa\u00e7\u00e3o com Juli\u00e3o.<\/p>\n<p><strong>Resumo de quinta-feira, 15 de fevereiro<\/strong><br \/>\nLuna demite Juli\u00e3o. Nero conclui que Juli\u00e3o plantou a arma em seu escrit\u00f3rio a mando de C\u00e9sar, e o denuncia para Barreto. Bebel se lamenta para Heitor ao falar de Preciosa. Juli\u00e3o procura Maria. Luna fala com Merreca sobre o comparsa de C\u00e9sar. Miguel expulsa Juli\u00e3o da casa de Luna. Nero passa mal ao se aborrecer com C\u00e9sar, e Heitor o acode. Juli\u00e3o briga com Merreca na rua. Bebel se emociona com Nero no hospital. Soraya cuida de Merreca. Lampi\u00e3o e Mercedes come\u00e7am a namorar. Preciosa descobre que C\u00e9sar armou o pr\u00f3prio atentado. Preciosa vai ao pres\u00eddio falar com Pascoal.<br \/>\n<img data-recalc-dims=\"1\" decoding=\"async\" class=\"alignnone wp-image-62733 size-full\" title=\"(Foto: TV Globo\/Fuzu\u00ea)\" src=\"https:\/\/i0.wp.com\/www.tvnovelas.com.br\/tvnews\/wp-content\/uploads\/2024\/02\/39968b.jpg?resize=728%2C410&#038;ssl=1\" alt=\"Foto em Fuzu\u00ea na semana 12 a 17 de fevereiro\" width=\"728\" height=\"410\" srcset=\"https:\/\/i0.wp.com\/www.tvnovelas.com.br\/tvnews\/wp-content\/uploads\/2024\/02\/39968b.jpg?w=728&amp;ssl=1 728w, https:\/\/i0.wp.com\/www.tvnovelas.com.br\/tvnews\/wp-content\/uploads\/2024\/02\/39968b.jpg?resize=678%2C381&amp;ssl=1 678w\" sizes=\"(max-width: 728px) 100vw, 728px\" \/><\/p>\n<p><strong>Resumo de sexta-feira, 16 de fevereiro<\/strong><br \/>\nPreciosa tenta se aliar novamente a Pascoal. Nero \u00e9 levado para uma cirurgia e todos se preocupam. C\u00e9sar demonstra a Rui e Preciosa sua preocupa\u00e7\u00e3o com o depoimento de Juli\u00e3o. Juli\u00e3o revela a Barreto seu envolvimento com C\u00e9sar. Jefinho se recusa a cantar com Selena. Juli\u00e3o exige se associar aos neg\u00f3cios de C\u00e9sar. Heitor sai de casa. Bebel manda C\u00e9sar se afastar. Miguel e Al\u00edcia pedem para Francisco comandar a Fuzu\u00ea na aus\u00eancia de Nero. Barreto desabafa com Luna. Juli\u00e3o observa Miguel e Luna. Maria sofre ao ver seus cabelos ca\u00edrem. Preciosa pede para Juli\u00e3o sabotar o lan\u00e7amento de Luna.<\/p>\n<p><strong>Resumo de s\u00e1bado, 17 de fevereiro<\/strong><br \/>\nJuli\u00e3o contesta o pedido de Preciosa. Luna apoia Maria. Barreto finaliza a investiga\u00e7\u00e3o contra Cec\u00edlia. Nero se emociona ao chegar em casa. Cl\u00e1udio questiona as decis\u00f5es de Francisco na Fuzu\u00ea. Soraya passa mal, e Gl\u00e1ucia desconfia. Juli\u00e3o procura Luna. Mercedes pensa em desistir de ir ao show no Beco do Gamb\u00e1. Lampi\u00e3o estranha o atraso de Mercedes. Cec\u00edlia revela a Miguel que Rui \u00e9 o novo parceiro de neg\u00f3cios de C\u00e9sar. Juli\u00e3o decide ajudar Preciosa. Bianca percebe a troca de olhares entre Vitor e Ca\u00edto. Heitor se surpreende com a visita de Vieira. Maria \u00e9 ovacionada em sua performance no palco. Juli\u00e3o chega \u00e0 Fuzu\u00ea com a inten\u00e7\u00e3o de sabotar o lan\u00e7amento de Luna.<br \/>\n<!--THE END--><br \/>\n<a href=\"https:\/\/www.tvnovelas.com.br\/novelas\/resumos-de-fuzue\/\" target=\"_blank\" rel=\"noopener\">Confira os resumos da semana de &#8216;Fuzu\u00ea&#8217;<\/a><br \/>\n<strong style=\"font-size: 120%;\">\u00daltimas not\u00edcias de Fuzu\u00ea:<\/strong><br \/>\n<div class=\"pt-cv-wrapper\"><div class=\"pt-cv-view pt-cv-grid pt-cv-colsys\" id=\"pt-cv-view-f2001fcqsk\"><div data-id=\"pt-cv-page-1\" class=\"pt-cv-page\" data-cvc=\"1\"><div class=\"col-md-12 col-sm-12 col-xs-12 pt-cv-content-item pt-cv-1-col\" ><div class='pt-cv-ifield'><h4 class=\"pt-cv-title\"><a href=\"https:\/\/www.tvnovelas.com.br\/tvnews\/fuzue-cesar-e-preciosa-planejam-novo-roubo-do-tesouro-da-dama-de-ouro\/\" class=\"_blank\" target=\"_blank\" >Fuzu\u00ea: C\u00e9sar e Preciosa planejam novo roubo do tesouro da Dama de Ouro<\/a><\/h4><\/div><\/div>\n<div class=\"col-md-12 col-sm-12 col-xs-12 pt-cv-content-item pt-cv-1-col\" ><div class='pt-cv-ifield'><h4 class=\"pt-cv-title\"><a href=\"https:\/\/www.tvnovelas.com.br\/tvnews\/fuzue-julgado-merreca-pega-6-anos-no-art-121\/\" class=\"_blank\" target=\"_blank\" >Fuzu\u00ea: julgado, Merreca pega 6 anos no art. 121<\/a><\/h4><\/div><\/div>\n<div class=\"col-md-12 col-sm-12 col-xs-12 pt-cv-content-item pt-cv-1-col\" ><div class='pt-cv-ifield'><h4 class=\"pt-cv-title\"><a href=\"https:\/\/www.tvnovelas.com.br\/tvnews\/fuzue-luna-compra-a-conde-de-montebello-e-planeja-torna-la-filial-da-fuzue\/\" class=\"_blank\" target=\"_blank\" >Fuzu\u00ea: Luna compra a Conde de Montebello e planeja torn\u00e1-la filial da Fuzu\u00ea<\/a><\/h4><\/div><\/div>\n<div class=\"col-md-12 col-sm-12 col-xs-12 pt-cv-content-item pt-cv-1-col\" ><div class='pt-cv-ifield'><h4 class=\"pt-cv-title\"><a href=\"https:\/\/www.tvnovelas.com.br\/tvnews\/fuzue-heitor-manda-preciosa-escolher-entre-ele-e-cesar-montebello\/\" class=\"_blank\" target=\"_blank\" >Fuzu\u00ea: Heitor manda Preciosa escolher entre ele e C\u00e9sar Montebello<\/a><\/h4><\/div><\/div>\n<div class=\"col-md-12 col-sm-12 col-xs-12 pt-cv-content-item pt-cv-1-col\" ><div class='pt-cv-ifield'><h4 class=\"pt-cv-title\"><a href=\"https:\/\/www.tvnovelas.com.br\/tvnews\/fuzue-luna-compra-o-apartamento-de-bebel\/\" class=\"_blank\" target=\"_blank\" >Fuzu\u00ea: Luna compra o apartamento de Bebel<\/a><\/h4><\/div><\/div>\n<div class=\"col-md-12 col-sm-12 col-xs-12 pt-cv-content-item pt-cv-1-col\" ><div class='pt-cv-ifield'><h4 class=\"pt-cv-title\"><a href=\"https:\/\/www.tvnovelas.com.br\/tvnews\/fuzue-cesar-arma-e-nero-e-acusado-de-sonegar-impostos\/\" class=\"_blank\" target=\"_blank\" >Fuzu\u00ea: C\u00e9sar arma, e Nero \u00e9 acusado de sonegar impostos<\/a><\/h4><\/div><\/div><\/div><\/div><\/div><br \/>\n<strong style=\"font-size: 120%;\">\u00daltimas not\u00edcias deste site:<\/strong><br \/>\n<div class=\"pt-cv-wrapper\"><div class=\"pt-cv-view pt-cv-grid pt-cv-colsys\" id=\"pt-cv-view-90991035b3\"><div data-id=\"pt-cv-page-1\" class=\"pt-cv-page\" data-cvc=\"1\"><div class=\"col-md-12 col-sm-12 col-xs-12 pt-cv-content-item pt-cv-1-col\" ><div class='pt-cv-ifield'><h4 class=\"pt-cv-title\"><a href=\"https:\/\/www.tvnovelas.com.br\/tvnews\/em-a-nobreza-do-amor-na-semana-04-a-09-de-maio\/\" class=\"_self\" target=\"_self\" >Em A Nobreza do Amor na semana 04 a 09 de maio<\/a><\/h4><\/div><\/div>\n<div class=\"col-md-12 col-sm-12 col-xs-12 pt-cv-content-item pt-cv-1-col\" ><div class='pt-cv-ifield'><h4 class=\"pt-cv-title\"><a href=\"https:\/\/www.tvnovelas.com.br\/tvnews\/o-que-acontece-em-tres-gracas-na-semana-04-a-09-de-maio\/\" class=\"_self\" target=\"_self\" >O que acontece em Tr\u00eas Gra\u00e7as na semana 04 a 09 de maio<\/a><\/h4><\/div><\/div>\n<div class=\"col-md-12 col-sm-12 col-xs-12 pt-cv-content-item pt-cv-1-col\" ><div class='pt-cv-ifield'><h4 class=\"pt-cv-title\"><a href=\"https:\/\/www.tvnovelas.com.br\/tvnews\/coracao-de-mae-reha-entra-em-panico-com-a-prisao-de-adnan\/\" class=\"_self\" target=\"_self\" >Cora\u00e7\u00e3o de M\u00e3e: Reha entra em p\u00e2nico com a pris\u00e3o de Adnan<\/a><\/h4><\/div><\/div>\n<div class=\"col-md-12 col-sm-12 col-xs-12 pt-cv-content-item pt-cv-1-col\" ><div class='pt-cv-ifield'><h4 class=\"pt-cv-title\"><a href=\"https:\/\/www.tvnovelas.com.br\/tvnews\/guerra-das-rosas-mert-sequestra-gulru\/\" class=\"_self\" target=\"_self\" >Guerra das Rosas: Mert sequestra Gulru<\/a><\/h4><\/div><\/div>\n<div class=\"col-md-12 col-sm-12 col-xs-12 pt-cv-content-item pt-cv-1-col\" ><div class='pt-cv-ifield'><h4 class=\"pt-cv-title\"><a href=\"https:\/\/www.tvnovelas.com.br\/tvnews\/a-nobreza-do-amor-resistencia-sequestra-noivo-de-kenia-e-o-despacha-de-batanga\/\" class=\"_self\" target=\"_self\" >A Nobreza do Amor: Resist\u00eancia sequestra noivo de K\u00eania e o despacha de Batanga<\/a><\/h4><\/div><\/div>\n<div class=\"col-md-12 col-sm-12 col-xs-12 pt-cv-content-item pt-cv-1-col\" ><div class='pt-cv-ifield'><h4 class=\"pt-cv-title\"><a href=\"https:\/\/www.tvnovelas.com.br\/tvnews\/tres-gracas-joelly-e-gerluce-descobrem-que-filha-de-lena-e-a-bebe-roubada\/\" class=\"_self\" target=\"_self\" >Tr\u00eas Gra\u00e7as: Jo\u00e9lly e Gerluce descobrem que filha de Lena \u00e9 a beb\u00ea roubada<\/a><\/h4><\/div><\/div>\n<div class=\"col-md-12 col-sm-12 col-xs-12 pt-cv-content-item pt-cv-1-col\" ><div class='pt-cv-ifield'><h4 class=\"pt-cv-title\"><a href=\"https:\/\/www.tvnovelas.com.br\/tvnews\/em-coracao-de-mae-nos-proximos-capitulos-04-a-08-5\/\" class=\"_self\" target=\"_self\" >Em Cora\u00e7\u00e3o de M\u00e3e nos pr\u00f3ximos cap\u00edtulos (04 a 08\/5)<\/a><\/h4><\/div><\/div>\n<div class=\"col-md-12 col-sm-12 col-xs-12 pt-cv-content-item pt-cv-1-col\" ><div class='pt-cv-ifield'><h4 class=\"pt-cv-title\"><a href=\"https:\/\/www.tvnovelas.com.br\/tvnews\/coracao-de-mae-hasan-e-filiz-em-piquenique-romantico\/\" class=\"_self\" target=\"_self\" >Cora\u00e7\u00e3o de M\u00e3e: Hasan e Filiz em piquenique rom\u00e2ntico<\/a><\/h4><\/div><\/div>\n<div class=\"col-md-12 col-sm-12 col-xs-12 pt-cv-content-item pt-cv-1-col\" ><div class='pt-cv-ifield'><h4 class=\"pt-cv-title\"><a href=\"https:\/\/www.tvnovelas.com.br\/tvnews\/guerra-das-rosas-cihan-vibra-com-desistencia-de-gulru-de-casar-com-mert\/\" class=\"_self\" target=\"_self\" >Guerra das Rosas: Cihan vibra com desist\u00eancia de Gulru de casar com Mert<\/a><\/h4><\/div><\/div>\n<div class=\"col-md-12 col-sm-12 col-xs-12 pt-cv-content-item pt-cv-1-col\" ><div class='pt-cv-ifield'><h4 class=\"pt-cv-title\"><a href=\"https:\/\/www.tvnovelas.com.br\/tvnews\/coracao-de-mae-irmak-denuncia-adnan\/\" class=\"_self\" target=\"_self\" >Cora\u00e7\u00e3o de M\u00e3e: Irmak denuncia Adnan<\/a><\/h4><\/div><\/div><\/div><\/div><\/div><br \/>\n<a href=\"https:\/\/www.tvnovelas.com.br\/novelas\/\"><strong>Confira os resumos da semana de todas novelas<\/strong><\/a><\/p>\n<h3>Confira tamb\u00e9m<\/h3>\n<p><a href=\"https:\/\/www.tvnovelas.com.br\/filmes\/\" target=\"_blank\" rel=\"noopener noreferrer\"><strong>Programa\u00e7\u00e3o de filmes na TV aberta<\/strong><\/a><br \/>\n<a href=\"https:\/\/caetenews.com.br\/semana\/filmes-da-globo-na-sessao-da-tarde-desta-semana\/\" target=\"_blank\" rel=\"noopener\"><strong>Confira os filmes da semana na Sess\u00e3o da Tarde<\/strong><\/a><br \/>\n<a href=\"https:\/\/www.tvnovelas.com.br\/novelas\/\" target=\"_blank\" rel=\"noopener noreferrer\"><strong>Resumos de novelas<\/strong><\/a><\/p>\n","protected":false},"excerpt":{"rendered":"<p>Em Fuzu\u00ea na semana 12 a 17 de fevereiro, Pascoal usa Preciosa para tentar escapar da pol\u00edcia; Luna discute com Preciosa; Juli\u00e3o briga com Merreca na rua; Jefinho se recusa a cantar com Selena; Preciosa vai ao pres\u00eddio falar com Pascoal&#8230;<\/p>\n","protected":false},"author":1,"featured_media":62731,"comment_status":"closed","ping_status":"closed","sticky":false,"template":"","format":"standard","meta":{"_uf_show_specific_survey":0,"_uf_disable_surveys":false,"_jetpack_memberships_contains_paid_content":false,"footnotes":"","_wp_rev_ctl_limit":""},"categories":[396],"tags":[399,5,64,344],"class_list":["post-62730","post","type-post","status-publish","format-standard","has-post-thumbnail","hentry","category-fuzue","tag-fuzue","tag-globo","tag-novelas","tag-resumos-de-novelas","wpcat-396-id"],"aioseo_notices":[],"jetpack_featured_media_url":"https:\/\/i0.wp.com\/www.tvnovelas.com.br\/tvnews\/wp-content\/uploads\/2024\/02\/39968a.jpg?fit=728%2C410&ssl=1","jetpack_shortlink":"https:\/\/wp.me\/pdP2BO-gjM","jetpack_sharing_enabled":true,"_links":{"self":[{"href":"https:\/\/www.tvnovelas.com.br\/tvnews\/wp-json\/wp\/v2\/posts\/62730","targetHints":{"allow":["GET"]}}],"collection":[{"href":"https:\/\/www.tvnovelas.com.br\/tvnews\/wp-json\/wp\/v2\/posts"}],"about":[{"href":"https:\/\/www.tvnovelas.com.br\/tvnews\/wp-json\/wp\/v2\/types\/post"}],"author":[{"embeddable":true,"href":"https:\/\/www.tvnovelas.com.br\/tvnews\/wp-json\/wp\/v2\/users\/1"}],"replies":[{"embeddable":true,"href":"https:\/\/www.tvnovelas.com.br\/tvnews\/wp-json\/wp\/v2\/comments?post=62730"}],"version-history":[{"count":1,"href":"https:\/\/www.tvnovelas.com.br\/tvnews\/wp-json\/wp\/v2\/posts\/62730\/revisions"}],"predecessor-version":[{"id":62734,"href":"https:\/\/www.tvnovelas.com.br\/tvnews\/wp-json\/wp\/v2\/posts\/62730\/revisions\/62734"}],"wp:featuredmedia":[{"embeddable":true,"href":"https:\/\/www.tvnovelas.com.br\/tvnews\/wp-json\/wp\/v2\/media\/62731"}],"wp:attachment":[{"href":"https:\/\/www.tvnovelas.com.br\/tvnews\/wp-json\/wp\/v2\/media?parent=62730"}],"wp:term":[{"taxonomy":"category","embeddable":true,"href":"https:\/\/www.tvnovelas.com.br\/tvnews\/wp-json\/wp\/v2\/categories?post=62730"},{"taxonomy":"post_tag","embeddable":true,"href":"https:\/\/www.tvnovelas.com.br\/tvnews\/wp-json\/wp\/v2\/tags?post=62730"}],"curies":[{"name":"wp","href":"https:\/\/api.w.org\/{rel}","templated":true}]}}