{"id":62992,"date":"2024-02-17T09:53:19","date_gmt":"2024-02-17T12:53:19","guid":{"rendered":"https:\/\/www.tvnovelas.com.br\/tvnews\/?p=62992"},"modified":"2024-02-17T09:53:19","modified_gmt":"2024-02-17T12:53:19","slug":"renascer-eliana-declara-guerra-a-jose-venancio","status":"publish","type":"post","link":"https:\/\/www.tvnovelas.com.br\/tvnews\/renascer-eliana-declara-guerra-a-jose-venancio\/","title":{"rendered":"Renascer: Eliana declara guerra a Jos\u00e9 Ven\u00e2ncio"},"content":{"rendered":"<p><em>Em Renascer: Eliana declara guerra<\/em><br \/>\n<img data-recalc-dims=\"1\" decoding=\"async\" class=\"alignnone wp-image-62993 size-full\" title=\"(Foto: TV Globo\/Renascer)\" src=\"https:\/\/i0.wp.com\/www.tvnovelas.com.br\/tvnews\/wp-content\/uploads\/2024\/02\/39592.jpg?resize=728%2C410&#038;ssl=1\" alt=\"Foto em Renascer: Eliana declara guerra\" width=\"728\" height=\"410\" srcset=\"https:\/\/i0.wp.com\/www.tvnovelas.com.br\/tvnews\/wp-content\/uploads\/2024\/02\/39592.jpg?w=728&amp;ssl=1 728w, https:\/\/i0.wp.com\/www.tvnovelas.com.br\/tvnews\/wp-content\/uploads\/2024\/02\/39592.jpg?resize=678%2C381&amp;ssl=1 678w\" sizes=\"(max-width: 728px) 100vw, 728px\" \/><br \/>\nEm Renascer, Jos\u00e9 Ven\u00e2ncio (Rodrigo Simas) que se prepare, pois vem chumbo grosso pela frente. Depois de passar alguns dias com Buba (Gabriela Medeiros) na fazenda de \u201cpainho\u201d em Ilh\u00e9us, chega a hora de voltar para o Rio de Janeiro e enfrentar um furac\u00e3o chamado Eliana (Sophie Charlotte), sua esposa, que n\u00e3o vai facilitar em nada a vida dele.<\/p>\n<p>Ele decide ir ao seu antigo apartamento para acertar o div\u00f3rcio com Eliana. Ingenuidade dele achar que seria t\u00e3o f\u00e1cil resolver isso.<\/p>\n<p>\u201cEu senti tanto a sua falta&#8230;\u201d, diz ela.<\/p>\n<p>Mas Ven\u00e2ncio n\u00e3o quer ficar de conversinha e vai direto ao ponto, interrompendo o clima de sedu\u00e7\u00e3o que ela estava armando.<\/p>\n<p>\u201cQuanto tenho que te dar pelo nosso div\u00f3rcio?\u201d<\/p>\n<p>Eliana estranha Jos\u00e9 Ven\u00e2ncio estar sem as malas e quer saber por onde ele andou. Ela quase n\u00e3o acredita quando o publicit\u00e1rio revela que estava na fazenda de seu pai e joga com todas as armas para salvar seu casamento.<\/p>\n<p>\u201cN\u00f3s estamos come\u00e7ando uma vida, uma fam\u00edlia. E, brigar, todo mundo briga! Eu reconhe\u00e7o que n\u00f3s passamos dos limites&#8230; mas \u00e9 que na hora da raiva a gente fala besteira, n\u00e3o \u00e9?\u201d<\/p>\n<p>Diante da certeza de Ven\u00e2ncio em querer a separa\u00e7\u00e3o, ela logo desconfia que tem outra no peda\u00e7o.<\/p>\n<p>\u201cSeja homem&#8230; pelo menos uma vez na vida! Fala na minha cara quem \u00e9 essa cachorra!\u201d<\/p>\n<p>Ven\u00e2ncio tenta desconversar e promete pagar uma pens\u00e3o e deixar o carro e o apartamento com ela. Mas tem muito mais coisas em jogo na vida de Eliana.<\/p>\n<p>\u201cE o que eu fa\u00e7o com os anos que eu desperdicei do teu lado? Que eram pra ser os melhores anos da minha vida&#8230; e da minha carreira!\u201d<\/p>\n<p>Ela cresce o olho para as fazendas de Jos\u00e9 Inoc\u00eancio (Marcos Palmeira) e Jos\u00e9 Ven\u00e2ncio deixa claro que ela n\u00e3o tem direto \u00e0 heran\u00e7a e que ele s\u00f3 est\u00e1 oferecendo pens\u00e3o, apartamento e carro como uma &#8220;repara\u00e7\u00e3o&#8221;, pois nem a isso ela teria direito pela lei.<\/p>\n<p>\u201cEu quero te dar um filho&#8230; um quero botar um neto dos bra\u00e7os do teu painho, o primeiro neto var\u00e3o\u201d, diz ela.<\/p>\n<p>\u201cS\u00f3 que eu&#8230; eu n\u00e3o quero, Eliana!\u201d<\/p>\n<p>Ven\u00e2ncio ainda tenta fazer um acordo pac\u00edfico, mas \u00e9 em v\u00e3o. Eliana diz para ele mandar o advogado dele entrar em contato com ela e avisa:<\/p>\n<p>\u201cDepois que voc\u00ea cruzar esta porta, Jos\u00e9 Ven\u00e2ncio, me considere a sua maior inimiga!\u201d<br \/>\n<!--END POST--><br \/>\n<a href=\"https:\/\/tvnovelas.com.br\/novelas\/resumos-de-renascer\/\">Confira os resumos da semana de &#8216;Renascer&#8217;<\/a><br \/>\n<strong style=\"font-size: 120%;\">\u00daltimas not\u00edcias de Renascer:<\/strong><br \/>\n<div class=\"pt-cv-wrapper\"><div class=\"pt-cv-view pt-cv-grid pt-cv-colsys\" id=\"pt-cv-view-76e11f7eis\"><div data-id=\"pt-cv-page-1\" class=\"pt-cv-page\" data-cvc=\"1\"><div class=\"col-md-12 col-sm-12 col-xs-12 pt-cv-content-item pt-cv-1-col\" ><div class='pt-cv-ifield'><h4 class=\"pt-cv-title\"><a href=\"https:\/\/www.tvnovelas.com.br\/tvnews\/renascer-jose-inocencio-agoniza-antes-de-morrer\/\" class=\"_blank\" target=\"_blank\" >Renascer: Jos\u00e9 Inoc\u00eancio agoniza antes de morrer<\/a><\/h4><\/div><\/div>\n<div class=\"col-md-12 col-sm-12 col-xs-12 pt-cv-content-item pt-cv-1-col\" ><div class='pt-cv-ifield'><h4 class=\"pt-cv-title\"><a href=\"https:\/\/www.tvnovelas.com.br\/tvnews\/renascer-seducao-e-vinganca-a-morte-de-egidio\/\" class=\"_blank\" target=\"_blank\" >Renascer: Sedu\u00e7\u00e3o e vingan\u00e7a. A morte de Eg\u00eddio<\/a><\/h4><\/div><\/div>\n<div class=\"col-md-12 col-sm-12 col-xs-12 pt-cv-content-item pt-cv-1-col\" ><div class='pt-cv-ifield'><h4 class=\"pt-cv-title\"><a href=\"https:\/\/www.tvnovelas.com.br\/tvnews\/renascer-mariana-se-comove-ao-ver-jose-inocencio-na-cadeira-de-rodas\/\" class=\"_blank\" target=\"_blank\" >Renascer: Mariana se comove ao ver Jos\u00e9 Inoc\u00eancio na cadeira de rodas<\/a><\/h4><\/div><\/div>\n<div class=\"col-md-12 col-sm-12 col-xs-12 pt-cv-content-item pt-cv-1-col\" ><div class='pt-cv-ifield'><h4 class=\"pt-cv-title\"><a href=\"https:\/\/www.tvnovelas.com.br\/tvnews\/renascer-inocencio-promete-que-vai-sair-da-cadeira-e-se-vingar\/\" class=\"_blank\" target=\"_blank\" >Renascer: Inoc\u00eancio promete que vai sair da cadeira e se vingar<\/a><\/h4><\/div><\/div>\n<div class=\"col-md-12 col-sm-12 col-xs-12 pt-cv-content-item pt-cv-1-col\" ><div class='pt-cv-ifield'><h4 class=\"pt-cv-title\"><a href=\"https:\/\/www.tvnovelas.com.br\/tvnews\/renascer-inocencio-dispensa-visita-de-aurora\/\" class=\"_blank\" target=\"_blank\" >Renascer: Inoc\u00eancio dispensa visita de Aurora<\/a><\/h4><\/div><\/div>\n<div class=\"col-md-12 col-sm-12 col-xs-12 pt-cv-content-item pt-cv-1-col\" ><div class='pt-cv-ifield'><h4 class=\"pt-cv-title\"><a href=\"https:\/\/www.tvnovelas.com.br\/tvnews\/renascer-eliana-comeca-a-suspeitar-de-egidio\/\" class=\"_blank\" target=\"_blank\" >Renascer: Eliana come\u00e7a a suspeitar de Eg\u00eddio<\/a><\/h4><\/div><\/div>\n<div class=\"col-md-12 col-sm-12 col-xs-12 pt-cv-content-item pt-cv-1-col\" ><div class='pt-cv-ifield'><h4 class=\"pt-cv-title\"><a href=\"https:\/\/www.tvnovelas.com.br\/tvnews\/renascer-inocencio-leva-varios-tiros-a-queima-roupa\/\" class=\"_blank\" target=\"_blank\" >Renascer: Inoc\u00eancio leva v\u00e1rios tiros \u00e0 queima roupa<\/a><\/h4><\/div><\/div>\n<div class=\"col-md-12 col-sm-12 col-xs-12 pt-cv-content-item pt-cv-1-col\" ><div class='pt-cv-ifield'><h4 class=\"pt-cv-title\"><a href=\"https:\/\/www.tvnovelas.com.br\/tvnews\/renascer-teca-em-transe-e-tem-encontro-espiritual-com-quiteria\/\" class=\"_blank\" target=\"_blank\" >Renascer: Teca em transe e tem encontro espiritual com Quit\u00e9ria<\/a><\/h4><\/div><\/div>\n<div class=\"col-md-12 col-sm-12 col-xs-12 pt-cv-content-item pt-cv-1-col\" ><div class='pt-cv-ifield'><h4 class=\"pt-cv-title\"><a href=\"https:\/\/www.tvnovelas.com.br\/tvnews\/renascer-ze-inocencio-desvenda-misterio-da-carta-da-marianinha\/\" class=\"_blank\" target=\"_blank\" >Renascer: Z\u00e9 Inoc\u00eancio desvenda mist\u00e9rio da carta da Marianinha<\/a><\/h4><\/div><\/div>\n<div class=\"col-md-12 col-sm-12 col-xs-12 pt-cv-content-item pt-cv-1-col\" ><div class='pt-cv-ifield'><h4 class=\"pt-cv-title\"><a href=\"https:\/\/www.tvnovelas.com.br\/tvnews\/renascer-eliana-e-egidio-se-casam\/\" class=\"_blank\" target=\"_blank\" >Renascer: Eliana e Eg\u00eddio se casam<\/a><\/h4><\/div><\/div><\/div><\/div><\/div><br \/>\n<strong style=\"font-size: 120%;\">\u00daltimas not\u00edcias deste canal:<\/strong><br \/>\n<div class=\"pt-cv-wrapper\"><div class=\"pt-cv-view pt-cv-grid pt-cv-colsys\" id=\"pt-cv-view-90991035b3\"><div data-id=\"pt-cv-page-1\" class=\"pt-cv-page\" data-cvc=\"1\"><div class=\"col-md-12 col-sm-12 col-xs-12 pt-cv-content-item pt-cv-1-col\" ><div class='pt-cv-ifield'><h4 class=\"pt-cv-title\"><a href=\"https:\/\/www.tvnovelas.com.br\/tvnews\/coracao-de-mae-atilla-confronta-hasan-e-exige-o-divorcio-de-lale\/\" class=\"_self\" target=\"_self\" >Cora\u00e7\u00e3o de M\u00e3e: Atilla confronta Hasan e exige o div\u00f3rcio de Lale<\/a><\/h4><\/div><\/div>\n<div class=\"col-md-12 col-sm-12 col-xs-12 pt-cv-content-item pt-cv-1-col\" ><div class='pt-cv-ifield'><h4 class=\"pt-cv-title\"><a href=\"https:\/\/www.tvnovelas.com.br\/tvnews\/guerra-das-rosas-gulfem-coloca-gulru-contra-a-parede\/\" class=\"_self\" target=\"_self\" >Guerra das Rosas: Gulfem coloca Gulru contra a parede<\/a><\/h4><\/div><\/div>\n<div class=\"col-md-12 col-sm-12 col-xs-12 pt-cv-content-item pt-cv-1-col\" ><div class='pt-cv-ifield'><h4 class=\"pt-cv-title\"><a href=\"https:\/\/www.tvnovelas.com.br\/tvnews\/coracao-de-mae-atilla-diz-a-lale-que-quer-o-divorcio\/\" class=\"_self\" target=\"_self\" >Cora\u00e7\u00e3o de M\u00e3e: Atilla diz a Lale que quer o div\u00f3rcio<\/a><\/h4><\/div><\/div>\n<div class=\"col-md-12 col-sm-12 col-xs-12 pt-cv-content-item pt-cv-1-col\" ><div class='pt-cv-ifield'><h4 class=\"pt-cv-title\"><a href=\"https:\/\/www.tvnovelas.com.br\/tvnews\/a-nobreza-do-amor-mirinho-garante-noivado-com-virginia-para-atrair-sogro-a-negocio\/\" class=\"_self\" target=\"_self\" >A Nobreza do Amor: Mirinho garante noivado com Virg\u00ednia para atrair sogro a neg\u00f3cio<\/a><\/h4><\/div><\/div>\n<div class=\"col-md-12 col-sm-12 col-xs-12 pt-cv-content-item pt-cv-1-col\" ><div class='pt-cv-ifield'><h4 class=\"pt-cv-title\"><a href=\"https:\/\/www.tvnovelas.com.br\/tvnews\/tres-gracas-joaquim-propoe-fuga-a-arminda-com-o-dinheiro-das-tres-gracas\/\" class=\"_self\" target=\"_self\" >Tr\u00eas Gra\u00e7as:  Joaquim prop\u00f5e fuga a Arminda com o dinheiro das Tr\u00eas Gra\u00e7as<\/a><\/h4><\/div><\/div>\n<div class=\"col-md-12 col-sm-12 col-xs-12 pt-cv-content-item pt-cv-1-col\" ><div class='pt-cv-ifield'><h4 class=\"pt-cv-title\"><a href=\"https:\/\/www.tvnovelas.com.br\/tvnews\/coracao-de-mae-atilla-decide-abrir-o-jogo-com-karsu\/\" class=\"_self\" target=\"_self\" >Cora\u00e7\u00e3o de M\u00e3e: Atilla decide abrir o jogo com Karsu<\/a><\/h4><\/div><\/div>\n<div class=\"col-md-12 col-sm-12 col-xs-12 pt-cv-content-item pt-cv-1-col\" ><div class='pt-cv-ifield'><h4 class=\"pt-cv-title\"><a href=\"https:\/\/www.tvnovelas.com.br\/tvnews\/coracao-de-mae-adnan-e-preso-apos-denuncia-de-irmak\/\" class=\"_self\" target=\"_self\" >Em Cora\u00e7\u00e3o de M\u00e3e: Adnan \u00e9 preso ap\u00f3s denuncia de Irmak<\/a><\/h4><\/div><\/div>\n<div class=\"col-md-12 col-sm-12 col-xs-12 pt-cv-content-item pt-cv-1-col\" ><div class='pt-cv-ifield'><h4 class=\"pt-cv-title\"><a href=\"https:\/\/www.tvnovelas.com.br\/tvnews\/coracao-de-mae-atilla-forca-karsu-a-ouvir-suas-explicacoes\/\" class=\"_self\" target=\"_self\" >Cora\u00e7\u00e3o de M\u00e3e: Atilla for\u00e7a Karsu a ouvir suas explica\u00e7\u00f5es<\/a><\/h4><\/div><\/div>\n<div class=\"col-md-12 col-sm-12 col-xs-12 pt-cv-content-item pt-cv-1-col\" ><div class='pt-cv-ifield'><h4 class=\"pt-cv-title\"><a href=\"https:\/\/www.tvnovelas.com.br\/tvnews\/coracao-acelerado-mulher-choca-janete-ao-se-apresentar-como-amante-do-palhares\/\" class=\"_self\" target=\"_self\" >Cora\u00e7\u00e3o Acelerado: Mulher choca Janete ao se apresentar como amante do Palhares<\/a><\/h4><\/div><\/div>\n<div class=\"col-md-12 col-sm-12 col-xs-12 pt-cv-content-item pt-cv-1-col\" ><div class='pt-cv-ifield'><h4 class=\"pt-cv-title\"><a href=\"https:\/\/www.tvnovelas.com.br\/tvnews\/a-nobreza-do-amor-jendal-dobra-a-recompensa-por-alika\/\" class=\"_self\" target=\"_self\" >A Nobreza do Amor: Jendal dobra a recompensa por Alika<\/a><\/h4><\/div><\/div><\/div><\/div><\/div><br \/>\n<a href=\"https:\/\/www.tvnovelas.com.br\/novelas\/\"><strong>Confira os resumos da semana de todas novelas<\/strong><\/a><\/p>\n<h3>Confira tamb\u00e9m<\/h3>\n<p><a href=\"https:\/\/www.tvnovelas.com.br\/filmes\/\" target=\"_blank\" rel=\"noopener noreferrer\"><strong>Programa\u00e7\u00e3o de filmes na TV aberta<\/strong><\/a><br \/>\n<a href=\"https:\/\/caetenews.com.br\/semana\/filmes-da-globo-na-sessao-da-tarde-desta-semana\/\" target=\"_blank\" rel=\"noopener\"><strong>Confira os filmes da semana na Sess\u00e3o da Tarde<\/strong><\/a><br \/>\n<a href=\"https:\/\/www.tvnovelas.com.br\/novelas\/\" target=\"_blank\" rel=\"noopener noreferrer\"><strong>Resumos de novelas<\/strong><\/a><\/p>\n","protected":false},"excerpt":{"rendered":"<p>Em Renascer, Jos\u00e9 Ven\u00e2ncio (Rodrigo Simas) que se prepare, pois vem chumbo grosso pela frente. Depois de passar alguns dias com Buba&#8230;<\/p>\n","protected":false},"author":1,"featured_media":62993,"comment_status":"closed","ping_status":"closed","sticky":false,"template":"","format":"standard","meta":{"_uf_show_specific_survey":0,"_uf_disable_surveys":false,"_jetpack_memberships_contains_paid_content":false,"footnotes":"","_wp_rev_ctl_limit":""},"categories":[574],"tags":[5,64,285],"class_list":["post-62992","post","type-post","status-publish","format-standard","has-post-thumbnail","hentry","category-renascer","tag-globo","tag-novelas","tag-renascer","wpcat-574-id"],"aioseo_notices":[],"jetpack_featured_media_url":"https:\/\/i0.wp.com\/www.tvnovelas.com.br\/tvnews\/wp-content\/uploads\/2024\/02\/39592.jpg?fit=728%2C410&ssl=1","jetpack_shortlink":"https:\/\/wp.me\/pdP2BO-go0","jetpack_sharing_enabled":true,"_links":{"self":[{"href":"https:\/\/www.tvnovelas.com.br\/tvnews\/wp-json\/wp\/v2\/posts\/62992","targetHints":{"allow":["GET"]}}],"collection":[{"href":"https:\/\/www.tvnovelas.com.br\/tvnews\/wp-json\/wp\/v2\/posts"}],"about":[{"href":"https:\/\/www.tvnovelas.com.br\/tvnews\/wp-json\/wp\/v2\/types\/post"}],"author":[{"embeddable":true,"href":"https:\/\/www.tvnovelas.com.br\/tvnews\/wp-json\/wp\/v2\/users\/1"}],"replies":[{"embeddable":true,"href":"https:\/\/www.tvnovelas.com.br\/tvnews\/wp-json\/wp\/v2\/comments?post=62992"}],"version-history":[{"count":1,"href":"https:\/\/www.tvnovelas.com.br\/tvnews\/wp-json\/wp\/v2\/posts\/62992\/revisions"}],"predecessor-version":[{"id":62994,"href":"https:\/\/www.tvnovelas.com.br\/tvnews\/wp-json\/wp\/v2\/posts\/62992\/revisions\/62994"}],"wp:featuredmedia":[{"embeddable":true,"href":"https:\/\/www.tvnovelas.com.br\/tvnews\/wp-json\/wp\/v2\/media\/62993"}],"wp:attachment":[{"href":"https:\/\/www.tvnovelas.com.br\/tvnews\/wp-json\/wp\/v2\/media?parent=62992"}],"wp:term":[{"taxonomy":"category","embeddable":true,"href":"https:\/\/www.tvnovelas.com.br\/tvnews\/wp-json\/wp\/v2\/categories?post=62992"},{"taxonomy":"post_tag","embeddable":true,"href":"https:\/\/www.tvnovelas.com.br\/tvnews\/wp-json\/wp\/v2\/tags?post=62992"}],"curies":[{"name":"wp","href":"https:\/\/api.w.org\/{rel}","templated":true}]}}