{"id":63224,"date":"2024-02-24T14:59:19","date_gmt":"2024-02-24T17:59:19","guid":{"rendered":"https:\/\/www.tvnovelas.com.br\/tvnews\/?p=63224"},"modified":"2024-02-24T11:57:44","modified_gmt":"2024-02-24T14:57:44","slug":"o-que-rola-em-elas-por-elas-na-semana-26-a-02-de-marco","status":"publish","type":"post","link":"https:\/\/www.tvnovelas.com.br\/tvnews\/o-que-rola-em-elas-por-elas-na-semana-26-a-02-de-marco\/","title":{"rendered":"O que rola em Elas por Elas na semana 26 a 02 de mar\u00e7o"},"content":{"rendered":"<p><em>Resumos de Elas por Elas na semana 26 a 02<\/em><br \/>\n<img data-recalc-dims=\"1\" decoding=\"async\" class=\"alignnone wp-image-63225 size-full\" title=\"(Foto: TV Globo\/Elas por Elas)\" src=\"https:\/\/i0.wp.com\/www.tvnovelas.com.br\/tvnews\/wp-content\/uploads\/2024\/02\/39657.jpg?resize=728%2C410&#038;ssl=1\" alt=\"Foto em Resumos de Elas por Elas na semana 26 a 02\" width=\"728\" height=\"410\" srcset=\"https:\/\/i0.wp.com\/www.tvnovelas.com.br\/tvnews\/wp-content\/uploads\/2024\/02\/39657.jpg?w=728&amp;ssl=1 728w, https:\/\/i0.wp.com\/www.tvnovelas.com.br\/tvnews\/wp-content\/uploads\/2024\/02\/39657.jpg?resize=678%2C381&amp;ssl=1 678w\" sizes=\"(max-width: 728px) 100vw, 728px\" \/><br \/>\n24\/02\/39657a.jpg&#8221; alt=&#8221;Foto em Resumos de Elas por Elas na semana 26 a 02&#8243; width=&#8221;728&#8243; height=&#8221;410&#8243; \/><\/p>\n<blockquote><p>Helena pede que Roberto afaste Marcos de sua vida; Helena anuncia que se internar\u00e1 em uma cl\u00ednica; Jonas deixa a casa de Adriana; Cris inventa para Giovanni que est\u00e1 gr\u00e1vida; Fagundes sequestra Jonas e o leva at\u00e9 Helena&#8230;<\/p><\/blockquote>\n<p><strong>Resumo de segunda-feira, 26 de fevereiro<\/strong><br \/>\nTodos ficam constrangidos com a presen\u00e7a de Marcos, e Nat\u00e1lia apoia o sobrinho. Rico termina o relacionamento com Ren\u00e9e. Carlinhos se declara para Carol. Giovanni convida Marcos para conhecer a empresa da fam\u00edlia. Helena pede que Roberto afaste Marcos de sua vida. Nat\u00e1lia conta para Carol que Marcos \u00e9 filho de Helena. \u00cdsis sofre uma agress\u00e3o ao tentar defender um animal na rua, e Marcos a defende. Lara, Yeda e M\u00e1rio descobrem que o atestado de \u00f3bito de \u00c1tila foi falsificado.<\/p>\n<p><strong>Resumo de ter\u00e7a-feira, 27 de fevereiro<\/strong><br \/>\nLara e M\u00e1rio decidem iniciar uma investiga\u00e7\u00e3o sobre a morte de \u00c1tila. Nat\u00e1lia confronta Helena sobre sua rela\u00e7\u00e3o com Bruno. Giovanni pede que Jonas retorne \u00e0 empresa. Ren\u00e9e confessa a Tony que teve uma reca\u00edda por Wagner. Jonas revela a Giovanni que \u00cdsis decidiu se mudar para a Austr\u00e1lia. Ta\u00eds questiona Pedro sobre seu comportamento obsessivo em rela\u00e7\u00e3o a ela. Giovanni diz a S\u00e9rgio que Jonas aceitou fazer assessoria na empresa, e Helena ouve. Wagner desmaia, e Ren\u00e9e se desespera. Helena anuncia que se internar\u00e1 em uma cl\u00ednica de repouso. O m\u00e9dico afirma que o estado de Wagner \u00e9 grave.<br \/>\n<img data-recalc-dims=\"1\" decoding=\"async\" class=\"alignnone wp-image-63226 size-full\" title=\"(Foto: TV Globo\/Elas por Elas)\" src=\"https:\/\/i0.wp.com\/www.tvnovelas.com.br\/tvnews\/wp-content\/uploads\/2024\/02\/39656.jpg?resize=728%2C407&#038;ssl=1\" alt=\"Foto em Resumos de Elas por Elas na semana 26 a 02\" width=\"728\" height=\"407\" \/><\/p>\n<p><strong>Resumo de quarta-feira, 28 de fevereiro<\/strong><br \/>\nWagner aguarda na fila priorit\u00e1ria pelo transplante, e Ren\u00e9e, Vic e Tony se unem. Aramis consegue instalar uma c\u00e2mera no escrit\u00f3rio de Roberto. Giovanni apresenta Marcos aos funcion\u00e1rios da Hel\u00e0ne. Rico e \u00c9rica se aproximam, e Edu questiona a ex. Helena se interna em uma cl\u00ednica. Nat\u00e1lia confronta Rico sobre o dia da morte de Bruno. Lara e M\u00e1rio iniciam a investiga\u00e7\u00e3o sobre a morte de \u00c1tila. Cris descobre que \u00cdsis est\u00e1 gr\u00e1vida. S\u00e9rgio tenta impedir \u00cdsis de viajar para a Austr\u00e1lia. Adriana revela a Jonas que \u00cdsis \u00e9 filha de S\u00e9rgio.<\/p>\n<p><strong>Resumo de quinta-feira, 1\u00ba de mar\u00e7o<\/strong><br \/>\nJonas se revolta contra Adriana por ter lhe omitido a paternidade de \u00cdsis e rompe o relacionamento com ela. Na cl\u00ednica, Helena dispensa a ajuda de L\u00edgia e aciona Fagundes. Ren\u00e9e se desespera com o estado de Wagner. Helena orienta Fagundes a sequestrar Jonas. S\u00e9rgio e Giovanni tentam convencer Marcos a come\u00e7ar a trabalhar na Hel\u00e0ne. Adriana desabafa com Carol sobre o t\u00e9rmino de seu relacionamento com Jonas. Nat\u00e1lia questiona Pedro sobre a morte de Bruno. Pressionado por Ta\u00eds, Pedro acaba revelando que acredita ter sido Nat\u00e1lia a respons\u00e1vel pela morte do irm\u00e3o.<br \/>\n<img decoding=\"async\" class=\"alignnone wp-image-63227 size-full\" title=\"(Foto: TV Globo\/Elas por Elas)\" src=\"https:\/\/www.tvnovelas.com.br\/tvnews\/wp-content\/uploads\/20\n\n<strong>Resumo de sexta-feira, 02 de mar\u00e7o<\/strong><br \/>\nPedro explica sua teoria sobre o acidente de Bruno para Ta\u00eds, e pede segredo \u00e0 mulher. Marcos garante a Nat\u00e1lia que descobrir\u00e1 quem tirou a vida de Bruno. Rico reabre o caso de \u00c1tila, e Lara e M\u00e1rio comemoram. Fagundes informa a Helena que Jonas deixou a casa de Adriana. Lara e M\u00e1rio invadem a casa de Roberto, e Nice os ajuda quando o patr\u00e3o chega. Yeda revela seu interesse por Aramis. Giovanni desabafa com S\u00e9rgio sobre \u00cdsis e Cris. Adriana sofre com a falta de not\u00edcias de Jonas, e aconselha \u00cdsis a ser verdadeira com Giovanni. Cris inventa para Giovanni que est\u00e1 gr\u00e1vida.<\/p>\n<p><strong>Resumo de s\u00e1bado, 03 de mar\u00e7o<\/strong><br \/>\nGiovanni fica abalado com a suposta gravidez de Cris. Aramis garante a Yeda que \u00e9 apaixonado por ela. Pedro implora para que Ta\u00eds o ajude a manter em segredo sua teoria sobre Bruno, para proteger Nat\u00e1lia. Ren\u00e9e usa suas economias para comprar o rem\u00e9dio de Wagner. Giovanni desabafa com S\u00e9rgio sobre o estado de Cris, e Marcos ouve. Marcos conta a \u00cdsis que Cris est\u00e1 gr\u00e1vida de Giovanni. Aramis n\u00e3o consegue terminar com Carmen. Rico confirma a Pedro que Marcos forjou seu sequestro com Jairinho. Fagundes sequestra Jonas e o leva at\u00e9 Helena.<br \/>\n<!--END POST--><br \/>\n<a href=\"https:\/\/www.tvnovelas.com.br\/novelas\/resumos-de-elas-por-elas\/\" target=\"_blank\" rel=\"noopener\">Confira os resumos da semana de &#8216;Elas por Elas&#8217;<\/a><br \/>\n<strong style=\"font-size: 120%;\">\u00daltimas not\u00edcias de Elas por Elas:<\/strong><br \/>\n<div class=\"pt-cv-wrapper\"><div class=\"pt-cv-view pt-cv-grid pt-cv-colsys\" id=\"pt-cv-view-23f2f2esxk\"><div data-id=\"pt-cv-page-1\" class=\"pt-cv-page\" data-cvc=\"1\"><div class=\"col-md-12 col-sm-12 col-xs-12 pt-cv-content-item pt-cv-1-col\" ><div class='pt-cv-ifield'><h4 class=\"pt-cv-title\"><a href=\"https:\/\/www.tvnovelas.com.br\/tvnews\/elas-por-elas-sergio-entrega-helena-para-salvar-isis\/\" class=\"_blank\" target=\"_blank\" >Elas por Elas: S\u00e9rgio entrega Helena para salvar Isis<\/a><\/h4><\/div><\/div>\n<div class=\"col-md-12 col-sm-12 col-xs-12 pt-cv-content-item pt-cv-1-col\" ><div class='pt-cv-ifield'><h4 class=\"pt-cv-title\"><a href=\"https:\/\/www.tvnovelas.com.br\/tvnews\/elas-por-elas-tais-sai-do-tribunal-para-a-maternidade\/\" class=\"_blank\" target=\"_blank\" >Elas por Elas:  Ta\u00eds sai do tribunal para a maternidade<\/a><\/h4><\/div><\/div>\n<div class=\"col-md-12 col-sm-12 col-xs-12 pt-cv-content-item pt-cv-1-col\" ><div class='pt-cv-ifield'><h4 class=\"pt-cv-title\"><a href=\"https:\/\/www.tvnovelas.com.br\/tvnews\/elas-por-elas-vilma-depoe-roberto-e-preso\/\" class=\"_blank\" target=\"_blank\" >Elas por Elas: Vilma dep\u00f5e;  Roberto \u00e9 preso<\/a><\/h4><\/div><\/div>\n<div class=\"col-md-12 col-sm-12 col-xs-12 pt-cv-content-item pt-cv-1-col\" ><div class='pt-cv-ifield'><h4 class=\"pt-cv-title\"><a href=\"https:\/\/www.tvnovelas.com.br\/tvnews\/elas-por-elas-vilma-depoe-e-derruba-o-alibi-de-roberto\/\" class=\"_blank\" target=\"_blank\" >Elas por Elas: Vilma dep\u00f5e e derruba o \u00e1libi de Roberto<\/a><\/h4><\/div><\/div>\n<div class=\"col-md-12 col-sm-12 col-xs-12 pt-cv-content-item pt-cv-1-col\" ><div class='pt-cv-ifield'><h4 class=\"pt-cv-title\"><a href=\"https:\/\/www.tvnovelas.com.br\/tvnews\/elas-por-elas-isis-sofre-outro-golpe-o-juiz-nega-habeas-corpus\/\" class=\"_blank\" target=\"_blank\" >Elas por Elas: \u00cdsis sofre outro golpe; o juiz nega habeas corpus<\/a><\/h4><\/div><\/div>\n<div class=\"col-md-12 col-sm-12 col-xs-12 pt-cv-content-item pt-cv-1-col\" ><div class='pt-cv-ifield'><h4 class=\"pt-cv-title\"><a href=\"https:\/\/www.tvnovelas.com.br\/tvnews\/elas-por-elas-juiz-mantem-prisao-de-isis-pelo-suposto-assassinato-de-helena\/\" class=\"_blank\" target=\"_blank\" >Elas por Elas: Juiz mant\u00e9m pris\u00e3o de \u00cdsis pelo suposto assassinato de Helena<\/a><\/h4><\/div><\/div><\/div><\/div><\/div><br \/>\n<strong style=\"font-size: 120%;\">\u00daltimas not\u00edcias deste site:<\/strong><br \/>\n<div class=\"pt-cv-wrapper\"><div class=\"pt-cv-view pt-cv-grid pt-cv-colsys\" id=\"pt-cv-view-90991035b3\"><div data-id=\"pt-cv-page-1\" class=\"pt-cv-page\" data-cvc=\"1\"><div class=\"col-md-12 col-sm-12 col-xs-12 pt-cv-content-item pt-cv-1-col\" ><div class='pt-cv-ifield'><h4 class=\"pt-cv-title\"><a href=\"https:\/\/www.tvnovelas.com.br\/tvnews\/coracao-de-mae-atilla-confronta-hasan-e-exige-o-divorcio-de-lale\/\" class=\"_self\" target=\"_self\" >Cora\u00e7\u00e3o de M\u00e3e: Atilla confronta Hasan e exige o div\u00f3rcio de Lale<\/a><\/h4><\/div><\/div>\n<div class=\"col-md-12 col-sm-12 col-xs-12 pt-cv-content-item pt-cv-1-col\" ><div class='pt-cv-ifield'><h4 class=\"pt-cv-title\"><a href=\"https:\/\/www.tvnovelas.com.br\/tvnews\/guerra-das-rosas-gulfem-coloca-gulru-contra-a-parede\/\" class=\"_self\" target=\"_self\" >Guerra das Rosas: Gulfem coloca Gulru contra a parede<\/a><\/h4><\/div><\/div>\n<div class=\"col-md-12 col-sm-12 col-xs-12 pt-cv-content-item pt-cv-1-col\" ><div class='pt-cv-ifield'><h4 class=\"pt-cv-title\"><a href=\"https:\/\/www.tvnovelas.com.br\/tvnews\/coracao-de-mae-atilla-diz-a-lale-que-quer-o-divorcio\/\" class=\"_self\" target=\"_self\" >Cora\u00e7\u00e3o de M\u00e3e: Atilla diz a Lale que quer o div\u00f3rcio<\/a><\/h4><\/div><\/div>\n<div class=\"col-md-12 col-sm-12 col-xs-12 pt-cv-content-item pt-cv-1-col\" ><div class='pt-cv-ifield'><h4 class=\"pt-cv-title\"><a href=\"https:\/\/www.tvnovelas.com.br\/tvnews\/a-nobreza-do-amor-mirinho-garante-noivado-com-virginia-para-atrair-sogro-a-negocio\/\" class=\"_self\" target=\"_self\" >A Nobreza do Amor: Mirinho garante noivado com Virg\u00ednia para atrair sogro a neg\u00f3cio<\/a><\/h4><\/div><\/div>\n<div class=\"col-md-12 col-sm-12 col-xs-12 pt-cv-content-item pt-cv-1-col\" ><div class='pt-cv-ifield'><h4 class=\"pt-cv-title\"><a href=\"https:\/\/www.tvnovelas.com.br\/tvnews\/tres-gracas-joaquim-propoe-fuga-a-arminda-com-o-dinheiro-das-tres-gracas\/\" class=\"_self\" target=\"_self\" >Tr\u00eas Gra\u00e7as:  Joaquim prop\u00f5e fuga a Arminda com o dinheiro das Tr\u00eas Gra\u00e7as<\/a><\/h4><\/div><\/div>\n<div class=\"col-md-12 col-sm-12 col-xs-12 pt-cv-content-item pt-cv-1-col\" ><div class='pt-cv-ifield'><h4 class=\"pt-cv-title\"><a href=\"https:\/\/www.tvnovelas.com.br\/tvnews\/coracao-de-mae-atilla-decide-abrir-o-jogo-com-karsu\/\" class=\"_self\" target=\"_self\" >Cora\u00e7\u00e3o de M\u00e3e: Atilla decide abrir o jogo com Karsu<\/a><\/h4><\/div><\/div>\n<div class=\"col-md-12 col-sm-12 col-xs-12 pt-cv-content-item pt-cv-1-col\" ><div class='pt-cv-ifield'><h4 class=\"pt-cv-title\"><a href=\"https:\/\/www.tvnovelas.com.br\/tvnews\/coracao-de-mae-adnan-e-preso-apos-denuncia-de-irmak\/\" class=\"_self\" target=\"_self\" >Em Cora\u00e7\u00e3o de M\u00e3e: Adnan \u00e9 preso ap\u00f3s denuncia de Irmak<\/a><\/h4><\/div><\/div>\n<div class=\"col-md-12 col-sm-12 col-xs-12 pt-cv-content-item pt-cv-1-col\" ><div class='pt-cv-ifield'><h4 class=\"pt-cv-title\"><a href=\"https:\/\/www.tvnovelas.com.br\/tvnews\/coracao-de-mae-atilla-forca-karsu-a-ouvir-suas-explicacoes\/\" class=\"_self\" target=\"_self\" >Cora\u00e7\u00e3o de M\u00e3e: Atilla for\u00e7a Karsu a ouvir suas explica\u00e7\u00f5es<\/a><\/h4><\/div><\/div>\n<div class=\"col-md-12 col-sm-12 col-xs-12 pt-cv-content-item pt-cv-1-col\" ><div class='pt-cv-ifield'><h4 class=\"pt-cv-title\"><a href=\"https:\/\/www.tvnovelas.com.br\/tvnews\/coracao-acelerado-mulher-choca-janete-ao-se-apresentar-como-amante-do-palhares\/\" class=\"_self\" target=\"_self\" >Cora\u00e7\u00e3o Acelerado: Mulher choca Janete ao se apresentar como amante do Palhares<\/a><\/h4><\/div><\/div>\n<div class=\"col-md-12 col-sm-12 col-xs-12 pt-cv-content-item pt-cv-1-col\" ><div class='pt-cv-ifield'><h4 class=\"pt-cv-title\"><a href=\"https:\/\/www.tvnovelas.com.br\/tvnews\/a-nobreza-do-amor-jendal-dobra-a-recompensa-por-alika\/\" class=\"_self\" target=\"_self\" >A Nobreza do Amor: Jendal dobra a recompensa por Alika<\/a><\/h4><\/div><\/div><\/div><\/div><\/div><br \/>\n<a href=\"https:\/\/www.tvnovelas.com.br\/novelas\/\"><strong>Confira os resumos da semana de todas novelas<\/strong><\/a><\/p>\n<h3>Confira tamb\u00e9m<\/h3>\n<p><a href=\"https:\/\/www.tvnovelas.com.br\/filmes\/\" target=\"_blank\" rel=\"noopener noreferrer\"><strong>Programa\u00e7\u00e3o de filmes na TV aberta<\/strong><\/a><br \/>\n<a href=\"https:\/\/caetenews.com.br\/semana\/filmes-da-globo-na-sessao-da-tarde-desta-semana\/\" target=\"_blank\" rel=\"noopener\"><strong>Confira os filmes da semana na Sess\u00e3o da Tarde<\/strong><\/a><br \/>\n<a href=\"https:\/\/www.tvnovelas.com.br\/novelas\/\" target=\"_blank\" rel=\"noopener noreferrer\"><strong>Resumos de novelas<\/strong><\/a><\/p>\n","protected":false},"excerpt":{"rendered":"<p>Em las por Elas na semana 26 a 02 de mar\u00e7o, Helena pede que Roberto afaste Marcos de sua vida; Helena anuncia que se internar\u00e1 em uma cl\u00ednica; Jonas deixa a casa de Adriana; Cris inventa para Giovanni que est\u00e1 gr\u00e1vida; Fagundes sequestra Jonas e o leva at\u00e9 Helena&#8230;<\/p>\n","protected":false},"author":1,"featured_media":63225,"comment_status":"closed","ping_status":"closed","sticky":false,"template":"","format":"standard","meta":{"_uf_show_specific_survey":0,"_uf_disable_surveys":false,"_jetpack_memberships_contains_paid_content":false,"footnotes":"","_wp_rev_ctl_limit":""},"categories":[401],"tags":[402,5,64],"class_list":["post-63224","post","type-post","status-publish","format-standard","has-post-thumbnail","hentry","category-elas-por-elas","tag-elas-por-elas","tag-globo","tag-novelas","wpcat-401-id"],"aioseo_notices":[],"jetpack_featured_media_url":"https:\/\/i0.wp.com\/www.tvnovelas.com.br\/tvnews\/wp-content\/uploads\/2024\/02\/39657.jpg?fit=728%2C410&ssl=1","jetpack_shortlink":"https:\/\/wp.me\/pdP2BO-grK","jetpack_sharing_enabled":true,"_links":{"self":[{"href":"https:\/\/www.tvnovelas.com.br\/tvnews\/wp-json\/wp\/v2\/posts\/63224","targetHints":{"allow":["GET"]}}],"collection":[{"href":"https:\/\/www.tvnovelas.com.br\/tvnews\/wp-json\/wp\/v2\/posts"}],"about":[{"href":"https:\/\/www.tvnovelas.com.br\/tvnews\/wp-json\/wp\/v2\/types\/post"}],"author":[{"embeddable":true,"href":"https:\/\/www.tvnovelas.com.br\/tvnews\/wp-json\/wp\/v2\/users\/1"}],"replies":[{"embeddable":true,"href":"https:\/\/www.tvnovelas.com.br\/tvnews\/wp-json\/wp\/v2\/comments?post=63224"}],"version-history":[{"count":1,"href":"https:\/\/www.tvnovelas.com.br\/tvnews\/wp-json\/wp\/v2\/posts\/63224\/revisions"}],"predecessor-version":[{"id":63228,"href":"https:\/\/www.tvnovelas.com.br\/tvnews\/wp-json\/wp\/v2\/posts\/63224\/revisions\/63228"}],"wp:featuredmedia":[{"embeddable":true,"href":"https:\/\/www.tvnovelas.com.br\/tvnews\/wp-json\/wp\/v2\/media\/63225"}],"wp:attachment":[{"href":"https:\/\/www.tvnovelas.com.br\/tvnews\/wp-json\/wp\/v2\/media?parent=63224"}],"wp:term":[{"taxonomy":"category","embeddable":true,"href":"https:\/\/www.tvnovelas.com.br\/tvnews\/wp-json\/wp\/v2\/categories?post=63224"},{"taxonomy":"post_tag","embeddable":true,"href":"https:\/\/www.tvnovelas.com.br\/tvnews\/wp-json\/wp\/v2\/tags?post=63224"}],"curies":[{"name":"wp","href":"https:\/\/api.w.org\/{rel}","templated":true}]}}