{"id":63281,"date":"2024-02-26T09:38:14","date_gmt":"2024-02-26T12:38:14","guid":{"rendered":"https:\/\/www.tvnovelas.com.br\/tvnews\/?p=63281"},"modified":"2024-02-26T09:38:14","modified_gmt":"2024-02-26T12:38:14","slug":"renascer-tiao-fica-fascinado-com-caso-do-diabinho-na-garrafa","status":"publish","type":"post","link":"https:\/\/www.tvnovelas.com.br\/tvnews\/renascer-tiao-fica-fascinado-com-caso-do-diabinho-na-garrafa\/","title":{"rendered":"Renascer: Ti\u00e3o fica fascinado com caso do diabinho na garrafa"},"content":{"rendered":"<p><em>Em Renascer: Ti\u00e3o fica fascinado<\/em><br \/>\n<img data-recalc-dims=\"1\" decoding=\"async\" class=\"alignnone wp-image-63282 size-full\" title=\"(Foto: TV Globo\/Renascer)\" src=\"https:\/\/i0.wp.com\/www.tvnovelas.com.br\/tvnews\/wp-content\/uploads\/2024\/02\/39672.jpg?resize=717%2C410&#038;ssl=1\" alt=\"Foto em Renascer: Ti\u00e3o fica fascinado\" width=\"717\" height=\"410\" \/><br \/>\nEm Renascer, encantado com o tamanho das terras de Eg\u00eddio (Vladimir Brichta), Ti\u00e3o diz ao patr\u00e3o que s\u00f3 queria um pedacinho de ro\u00e7a para chamar de seu. O fazendeiro v\u00ea a oportunidade perfeita para enganar o seu agregado e, ainda, para coloc\u00e1-lo contra Jos\u00e9 Inoc\u00eancio.<\/p>\n<p>&#8220;Vou contar o causo d\u2019um sujeitinho que chegou por estas bandas, moleque de tudo&#8230; e, assim como voc\u00ea, Ti\u00e3o, veio com uma m\u00e3o na frente \u00f4tra atr\u00e1s&#8230; \u00c9&#8230; isso quando painho j\u00e1 tinha metade dessas terra que voc\u00ea t\u00e1 vendo. Mas o moleque era muito do atrevido, num sabe? Cheg\u00f4, finc\u00f4 o fac\u00e3o aqui perto, numa terra abandonada.&#8221;<\/p>\n<p>Ti\u00e3o pergunta de quem Eg\u00eddio est\u00e1 falando, e o coronel aproveita pra falar mal do seu rival:<\/p>\n<p>&#8220;Um sujeitinho ruim, mais t\u00e3o ruim, que lhe arrancaram a pele fora e o desinfeliz inda assim escapou com vida.&#8221;<\/p>\n<p>Eg\u00eddio revela que Jos\u00e9 Inoc\u00eancio s\u00f3 n\u00e3o morreu porque tinha o corpo fechado, e Ti\u00e3o pergunta, inocente: &#8220;Fechado por quem?&#8221;.<\/p>\n<p>&#8220;Por quem voc\u00ea acha, Ti\u00e3o?! Ningu\u00e9m podia sab\u00ea que o maldito criava um diabinho dentro de uma garrafa.&#8221;<\/p>\n<p>Ti\u00e3o fica perplexo com a hist\u00f3ria de que Inoc\u00eancio chegou na regi\u00e3o sem nada e enriqueceu rapidamente: &#8220;Tudo isso causa que criava um diabinho?&#8221;.<\/p>\n<p>Depois da conversa com o patr\u00e3o, Ti\u00e3o decide que ele mesmo precisa criar o seu pr\u00f3prio diabinho para enriquecer, assim como Jos\u00e9 Inoc\u00eancio:<\/p>\n<p>&#8220;M\u00e1i&#8230; e se f\u00f4 verdade essa hist\u00f3ria toda? Se eu tiv\u00e9 um diabinho desses eu tumb\u00e9m num ia enric\u00e1? Eu pudia de t\u00ea as minhas ro\u00e7a&#8230; e ia vest\u00ed a minha Joana de princesa&#8230; e as crian\u00e7a ia t\u00ea a vida que pedi a Deus Nosso Sinh\u00f4&#8230; \u00e9. Num vale a pena tent\u00e1? \u00c9 s\u00f3 \u00ed at\u00e9 o tar coroner Jos\u00e9 Inoc\u00ean\u00e7o que tem o tar capetinha dele&#8230; que ele vai te que me ajud\u00e1. \u00c9&#8230; i\u00e9 isso o que eu v\u00f4 faz\u00ea!&#8221;<br \/>\n<!--END POST--><br \/>\n<a href=\"https:\/\/tvnovelas.com.br\/novelas\/resumos-de-renascer\/\">Confira os resumos da semana de &#8216;Renascer&#8217;<\/a><br \/>\n<strong style=\"font-size: 120%;\">\u00daltimas not\u00edcias de Renascer:<\/strong><br \/>\n<div class=\"pt-cv-wrapper\"><div class=\"pt-cv-view pt-cv-grid pt-cv-colsys\" id=\"pt-cv-view-76e11f7eis\"><div data-id=\"pt-cv-page-1\" class=\"pt-cv-page\" data-cvc=\"1\"><div class=\"col-md-12 col-sm-12 col-xs-12 pt-cv-content-item pt-cv-1-col\" ><div class='pt-cv-ifield'><h4 class=\"pt-cv-title\"><a href=\"https:\/\/www.tvnovelas.com.br\/tvnews\/renascer-jose-inocencio-agoniza-antes-de-morrer\/\" class=\"_blank\" target=\"_blank\" >Renascer: Jos\u00e9 Inoc\u00eancio agoniza antes de morrer<\/a><\/h4><\/div><\/div>\n<div class=\"col-md-12 col-sm-12 col-xs-12 pt-cv-content-item pt-cv-1-col\" ><div class='pt-cv-ifield'><h4 class=\"pt-cv-title\"><a href=\"https:\/\/www.tvnovelas.com.br\/tvnews\/renascer-seducao-e-vinganca-a-morte-de-egidio\/\" class=\"_blank\" target=\"_blank\" >Renascer: Sedu\u00e7\u00e3o e vingan\u00e7a. A morte de Eg\u00eddio<\/a><\/h4><\/div><\/div>\n<div class=\"col-md-12 col-sm-12 col-xs-12 pt-cv-content-item pt-cv-1-col\" ><div class='pt-cv-ifield'><h4 class=\"pt-cv-title\"><a href=\"https:\/\/www.tvnovelas.com.br\/tvnews\/renascer-mariana-se-comove-ao-ver-jose-inocencio-na-cadeira-de-rodas\/\" class=\"_blank\" target=\"_blank\" >Renascer: Mariana se comove ao ver Jos\u00e9 Inoc\u00eancio na cadeira de rodas<\/a><\/h4><\/div><\/div>\n<div class=\"col-md-12 col-sm-12 col-xs-12 pt-cv-content-item pt-cv-1-col\" ><div class='pt-cv-ifield'><h4 class=\"pt-cv-title\"><a href=\"https:\/\/www.tvnovelas.com.br\/tvnews\/renascer-inocencio-promete-que-vai-sair-da-cadeira-e-se-vingar\/\" class=\"_blank\" target=\"_blank\" >Renascer: Inoc\u00eancio promete que vai sair da cadeira e se vingar<\/a><\/h4><\/div><\/div>\n<div class=\"col-md-12 col-sm-12 col-xs-12 pt-cv-content-item pt-cv-1-col\" ><div class='pt-cv-ifield'><h4 class=\"pt-cv-title\"><a href=\"https:\/\/www.tvnovelas.com.br\/tvnews\/renascer-inocencio-dispensa-visita-de-aurora\/\" class=\"_blank\" target=\"_blank\" >Renascer: Inoc\u00eancio dispensa visita de Aurora<\/a><\/h4><\/div><\/div>\n<div class=\"col-md-12 col-sm-12 col-xs-12 pt-cv-content-item pt-cv-1-col\" ><div class='pt-cv-ifield'><h4 class=\"pt-cv-title\"><a href=\"https:\/\/www.tvnovelas.com.br\/tvnews\/renascer-eliana-comeca-a-suspeitar-de-egidio\/\" class=\"_blank\" target=\"_blank\" >Renascer: Eliana come\u00e7a a suspeitar de Eg\u00eddio<\/a><\/h4><\/div><\/div>\n<div class=\"col-md-12 col-sm-12 col-xs-12 pt-cv-content-item pt-cv-1-col\" ><div class='pt-cv-ifield'><h4 class=\"pt-cv-title\"><a href=\"https:\/\/www.tvnovelas.com.br\/tvnews\/renascer-inocencio-leva-varios-tiros-a-queima-roupa\/\" class=\"_blank\" target=\"_blank\" >Renascer: Inoc\u00eancio leva v\u00e1rios tiros \u00e0 queima roupa<\/a><\/h4><\/div><\/div>\n<div class=\"col-md-12 col-sm-12 col-xs-12 pt-cv-content-item pt-cv-1-col\" ><div class='pt-cv-ifield'><h4 class=\"pt-cv-title\"><a href=\"https:\/\/www.tvnovelas.com.br\/tvnews\/renascer-teca-em-transe-e-tem-encontro-espiritual-com-quiteria\/\" class=\"_blank\" target=\"_blank\" >Renascer: Teca em transe e tem encontro espiritual com Quit\u00e9ria<\/a><\/h4><\/div><\/div>\n<div class=\"col-md-12 col-sm-12 col-xs-12 pt-cv-content-item pt-cv-1-col\" ><div class='pt-cv-ifield'><h4 class=\"pt-cv-title\"><a href=\"https:\/\/www.tvnovelas.com.br\/tvnews\/renascer-ze-inocencio-desvenda-misterio-da-carta-da-marianinha\/\" class=\"_blank\" target=\"_blank\" >Renascer: Z\u00e9 Inoc\u00eancio desvenda mist\u00e9rio da carta da Marianinha<\/a><\/h4><\/div><\/div>\n<div class=\"col-md-12 col-sm-12 col-xs-12 pt-cv-content-item pt-cv-1-col\" ><div class='pt-cv-ifield'><h4 class=\"pt-cv-title\"><a href=\"https:\/\/www.tvnovelas.com.br\/tvnews\/renascer-eliana-e-egidio-se-casam\/\" class=\"_blank\" target=\"_blank\" >Renascer: Eliana e Eg\u00eddio se casam<\/a><\/h4><\/div><\/div><\/div><\/div><\/div><br \/>\n<strong style=\"font-size: 120%;\">\u00daltimas not\u00edcias deste canal:<\/strong><br \/>\n<div class=\"pt-cv-wrapper\"><div class=\"pt-cv-view pt-cv-grid pt-cv-colsys\" id=\"pt-cv-view-90991035b3\"><div data-id=\"pt-cv-page-1\" class=\"pt-cv-page\" data-cvc=\"1\"><div class=\"col-md-12 col-sm-12 col-xs-12 pt-cv-content-item pt-cv-1-col\" ><div class='pt-cv-ifield'><h4 class=\"pt-cv-title\"><a href=\"https:\/\/www.tvnovelas.com.br\/tvnews\/coracao-de-mae-atilla-confronta-hasan-e-exige-o-divorcio-de-lale\/\" class=\"_self\" target=\"_self\" >Cora\u00e7\u00e3o de M\u00e3e: Atilla confronta Hasan e exige o div\u00f3rcio de Lale<\/a><\/h4><\/div><\/div>\n<div class=\"col-md-12 col-sm-12 col-xs-12 pt-cv-content-item pt-cv-1-col\" ><div class='pt-cv-ifield'><h4 class=\"pt-cv-title\"><a href=\"https:\/\/www.tvnovelas.com.br\/tvnews\/guerra-das-rosas-gulfem-coloca-gulru-contra-a-parede\/\" class=\"_self\" target=\"_self\" >Guerra das Rosas: Gulfem coloca Gulru contra a parede<\/a><\/h4><\/div><\/div>\n<div class=\"col-md-12 col-sm-12 col-xs-12 pt-cv-content-item pt-cv-1-col\" ><div class='pt-cv-ifield'><h4 class=\"pt-cv-title\"><a href=\"https:\/\/www.tvnovelas.com.br\/tvnews\/coracao-de-mae-atilla-diz-a-lale-que-quer-o-divorcio\/\" class=\"_self\" target=\"_self\" >Cora\u00e7\u00e3o de M\u00e3e: Atilla diz a Lale que quer o div\u00f3rcio<\/a><\/h4><\/div><\/div>\n<div class=\"col-md-12 col-sm-12 col-xs-12 pt-cv-content-item pt-cv-1-col\" ><div class='pt-cv-ifield'><h4 class=\"pt-cv-title\"><a href=\"https:\/\/www.tvnovelas.com.br\/tvnews\/a-nobreza-do-amor-mirinho-garante-noivado-com-virginia-para-atrair-sogro-a-negocio\/\" class=\"_self\" target=\"_self\" >A Nobreza do Amor: Mirinho garante noivado com Virg\u00ednia para atrair sogro a neg\u00f3cio<\/a><\/h4><\/div><\/div>\n<div class=\"col-md-12 col-sm-12 col-xs-12 pt-cv-content-item pt-cv-1-col\" ><div class='pt-cv-ifield'><h4 class=\"pt-cv-title\"><a href=\"https:\/\/www.tvnovelas.com.br\/tvnews\/tres-gracas-joaquim-propoe-fuga-a-arminda-com-o-dinheiro-das-tres-gracas\/\" class=\"_self\" target=\"_self\" >Tr\u00eas Gra\u00e7as:  Joaquim prop\u00f5e fuga a Arminda com o dinheiro das Tr\u00eas Gra\u00e7as<\/a><\/h4><\/div><\/div>\n<div class=\"col-md-12 col-sm-12 col-xs-12 pt-cv-content-item pt-cv-1-col\" ><div class='pt-cv-ifield'><h4 class=\"pt-cv-title\"><a href=\"https:\/\/www.tvnovelas.com.br\/tvnews\/coracao-de-mae-atilla-decide-abrir-o-jogo-com-karsu\/\" class=\"_self\" target=\"_self\" >Cora\u00e7\u00e3o de M\u00e3e: Atilla decide abrir o jogo com Karsu<\/a><\/h4><\/div><\/div>\n<div class=\"col-md-12 col-sm-12 col-xs-12 pt-cv-content-item pt-cv-1-col\" ><div class='pt-cv-ifield'><h4 class=\"pt-cv-title\"><a href=\"https:\/\/www.tvnovelas.com.br\/tvnews\/coracao-de-mae-adnan-e-preso-apos-denuncia-de-irmak\/\" class=\"_self\" target=\"_self\" >Em Cora\u00e7\u00e3o de M\u00e3e: Adnan \u00e9 preso ap\u00f3s denuncia de Irmak<\/a><\/h4><\/div><\/div>\n<div class=\"col-md-12 col-sm-12 col-xs-12 pt-cv-content-item pt-cv-1-col\" ><div class='pt-cv-ifield'><h4 class=\"pt-cv-title\"><a href=\"https:\/\/www.tvnovelas.com.br\/tvnews\/coracao-de-mae-atilla-forca-karsu-a-ouvir-suas-explicacoes\/\" class=\"_self\" target=\"_self\" >Cora\u00e7\u00e3o de M\u00e3e: Atilla for\u00e7a Karsu a ouvir suas explica\u00e7\u00f5es<\/a><\/h4><\/div><\/div>\n<div class=\"col-md-12 col-sm-12 col-xs-12 pt-cv-content-item pt-cv-1-col\" ><div class='pt-cv-ifield'><h4 class=\"pt-cv-title\"><a href=\"https:\/\/www.tvnovelas.com.br\/tvnews\/coracao-acelerado-mulher-choca-janete-ao-se-apresentar-como-amante-do-palhares\/\" class=\"_self\" target=\"_self\" >Cora\u00e7\u00e3o Acelerado: Mulher choca Janete ao se apresentar como amante do Palhares<\/a><\/h4><\/div><\/div>\n<div class=\"col-md-12 col-sm-12 col-xs-12 pt-cv-content-item pt-cv-1-col\" ><div class='pt-cv-ifield'><h4 class=\"pt-cv-title\"><a href=\"https:\/\/www.tvnovelas.com.br\/tvnews\/a-nobreza-do-amor-jendal-dobra-a-recompensa-por-alika\/\" class=\"_self\" target=\"_self\" >A Nobreza do Amor: Jendal dobra a recompensa por Alika<\/a><\/h4><\/div><\/div><\/div><\/div><\/div><br \/>\n<a href=\"https:\/\/www.tvnovelas.com.br\/novelas\/\"><strong>Confira os resumos da semana de todas novelas<\/strong><\/a><\/p>\n<h3>Confira tamb\u00e9m<\/h3>\n<p><a href=\"https:\/\/www.tvnovelas.com.br\/filmes\/\" target=\"_blank\" rel=\"noopener noreferrer\"><strong>Programa\u00e7\u00e3o de filmes na TV aberta<\/strong><\/a><br \/>\n<a href=\"https:\/\/caetenews.com.br\/semana\/filmes-da-globo-na-sessao-da-tarde-desta-semana\/\" target=\"_blank\" rel=\"noopener\"><strong>Confira os filmes da semana na Sess\u00e3o da Tarde<\/strong><\/a><br \/>\n<a href=\"https:\/\/www.tvnovelas.com.br\/novelas\/\" target=\"_blank\" rel=\"noopener noreferrer\"><strong>Resumos de novelas<\/strong><\/a><\/p>\n","protected":false},"excerpt":{"rendered":"<p>Em Renascer, encantado com o tamanho das terras de Eg\u00eddio (Vladimir Brichta), Ti\u00e3o diz ao patr\u00e3o que s\u00f3 queria um pedacinho de ro\u00e7a&#8230;<\/p>\n","protected":false},"author":1,"featured_media":63282,"comment_status":"closed","ping_status":"closed","sticky":false,"template":"","format":"standard","meta":{"_uf_show_specific_survey":0,"_uf_disable_surveys":false,"_jetpack_memberships_contains_paid_content":false,"footnotes":"","_wp_rev_ctl_limit":""},"categories":[574],"tags":[5,64,285],"class_list":["post-63281","post","type-post","status-publish","format-standard","has-post-thumbnail","hentry","category-renascer","tag-globo","tag-novelas","tag-renascer","wpcat-574-id"],"aioseo_notices":[],"jetpack_featured_media_url":"https:\/\/i0.wp.com\/www.tvnovelas.com.br\/tvnews\/wp-content\/uploads\/2024\/02\/39672.jpg?fit=717%2C410&ssl=1","jetpack_shortlink":"https:\/\/wp.me\/pdP2BO-gsF","jetpack_sharing_enabled":true,"_links":{"self":[{"href":"https:\/\/www.tvnovelas.com.br\/tvnews\/wp-json\/wp\/v2\/posts\/63281","targetHints":{"allow":["GET"]}}],"collection":[{"href":"https:\/\/www.tvnovelas.com.br\/tvnews\/wp-json\/wp\/v2\/posts"}],"about":[{"href":"https:\/\/www.tvnovelas.com.br\/tvnews\/wp-json\/wp\/v2\/types\/post"}],"author":[{"embeddable":true,"href":"https:\/\/www.tvnovelas.com.br\/tvnews\/wp-json\/wp\/v2\/users\/1"}],"replies":[{"embeddable":true,"href":"https:\/\/www.tvnovelas.com.br\/tvnews\/wp-json\/wp\/v2\/comments?post=63281"}],"version-history":[{"count":1,"href":"https:\/\/www.tvnovelas.com.br\/tvnews\/wp-json\/wp\/v2\/posts\/63281\/revisions"}],"predecessor-version":[{"id":63283,"href":"https:\/\/www.tvnovelas.com.br\/tvnews\/wp-json\/wp\/v2\/posts\/63281\/revisions\/63283"}],"wp:featuredmedia":[{"embeddable":true,"href":"https:\/\/www.tvnovelas.com.br\/tvnews\/wp-json\/wp\/v2\/media\/63282"}],"wp:attachment":[{"href":"https:\/\/www.tvnovelas.com.br\/tvnews\/wp-json\/wp\/v2\/media?parent=63281"}],"wp:term":[{"taxonomy":"category","embeddable":true,"href":"https:\/\/www.tvnovelas.com.br\/tvnews\/wp-json\/wp\/v2\/categories?post=63281"},{"taxonomy":"post_tag","embeddable":true,"href":"https:\/\/www.tvnovelas.com.br\/tvnews\/wp-json\/wp\/v2\/tags?post=63281"}],"curies":[{"name":"wp","href":"https:\/\/api.w.org\/{rel}","templated":true}]}}