{"id":63691,"date":"2024-03-11T10:42:05","date_gmt":"2024-03-11T13:42:05","guid":{"rendered":"https:\/\/www.tvnovelas.com.br\/tvnews\/?p=63691"},"modified":"2024-03-23T16:43:40","modified_gmt":"2024-03-23T19:43:40","slug":"no-rancho-fundo-conheca-a-proxima-novela-das-seis","status":"publish","type":"post","link":"https:\/\/www.tvnovelas.com.br\/tvnews\/no-rancho-fundo-conheca-a-proxima-novela-das-seis\/","title":{"rendered":"\u2018No Rancho Fundo\u2019: Conhe\u00e7a a pr\u00f3xima novela das seis"},"content":{"rendered":"<p><em>No Rancho Fundo: nova novela das seis<\/em><br \/>\n<img data-recalc-dims=\"1\" decoding=\"async\" class=\"alignnone wp-image-63692 size-full\" title=\"(Foto: TV Globo\/No Rancho Fundo)\" src=\"https:\/\/i0.wp.com\/www.tvnovelas.com.br\/tvnews\/wp-content\/uploads\/2024\/03\/noranchofundo01.jpg?resize=728%2C450&#038;ssl=1\" alt=\"Foto em No Rancho Fundo: nova novela das seis\" width=\"728\" height=\"450\" \/><br \/>\n\u00c9 no Cariri, no distrito fict\u00edcio de Lasca Fogo, munic\u00edpio de Lap\u00e3o da Beirada, no sert\u00e3o nordestino, que ser\u00e1 contada a hist\u00f3ria de No Rancho Fundo, nova novela das 6. No folhetim de M\u00e1rio Teixeira, Quinota (Larissa Bocchino) \u00e9 filha da vision\u00e1ria e forte Zefa (Andrea Beltr\u00e3o) e de Tico Leonel (Alexandre Nero), um homem bom e pacato que sempre confiou nas pessoas. Ela se apaixona por Marcelo Gouveia (Jos\u00e9 Loreto) , que a abandona no altar.<\/p>\n<h2>Casamento for\u00e7ado<\/h2>\n<p>Na trama, a apaixonada Quinota (Larissa Bocchino), enfim, encontra Marcelo Gouveia e esse amor incendeia de vez seu cora\u00e7\u00e3o. Enamorada, ela se entrega ao seu sedutor da cidade grande. Em meio ao encantamento de Quinota e ao flagrante de sua m\u00e3e, Zefa Leonel (Andrea Beltr\u00e3o), surge um casamento for\u00e7ado entre a jovem e Marcelo Gouveia. Afinal, num lugarejo como Lasca Fogo, onde a honra de uma fam\u00edlia \u00e9 defendida com todas as for\u00e7as, a reputa\u00e7\u00e3o de Quinota estaria arruinada sem a uni\u00e3o oficial \u2013 e ainda correria o risco de cair na boca maldosa das Rosalinas, as filhas fofoqueiras de Primo C\u00edcero (Haroldo Guimar\u00e3es): F\u00e9 (Rhaisa Batista), Esperan\u00e7a (Andr\u00e9a Bak) e Caridade (Clara Moneke).<\/p>\n<p>Quinota \u00e9 do tipo que acredita no amor \u00e0 primeira vista, ainda que passe por uma grande decep\u00e7\u00e3o: apesar de se comprometer com a uni\u00e3o, Marcelo Gouveia (Jos\u00e9 Loreto) n\u00e3o quer saber de casamento, abandona a noiva e foge para a cidade. Diante de tamanha afronta, Zefa Leonel (Andrea Beltr\u00e3o) pega a filha e, juntas, saem em busca do homem em Lap\u00e3o da Beirada, onde se deparam com um ambiente totalmente diferente do que est\u00e3o habituadas. E como em uma boa com\u00e9dia rom\u00e2ntica, marcada por encontros e desencontros, golpes e farsas, grandes revela\u00e7\u00f5es e reviravoltas v\u00e3o mudar completamente os rumos da fam\u00edlia Leonel. Em Lap\u00e3o da Beirada, Quinota volta a experimentar o amor, dessa vez com Artur Ariosto (T\u00falio Starling), o verdadeiro mocinho da hist\u00f3ria.<\/p>\n<h2>Lap\u00e3o da Beirada<\/h2>\n<p>De Lasca Fogo todos os caminhos parecem levar a Lap\u00e3o da Beirada, o mais badalado munic\u00edpio da regi\u00e3o. \u00c9 l\u00e1 que o agito da vida urbana, marcada por constru\u00e7\u00f5es imponentes como o Grande Hotel S\u00e3o Petersburgo, atrai visitantes de outros lugares e orgulha seus moradores \u2013 o mesmo n\u00e3o se pode dizer do pol\u00eamico, mas popular Cabar\u00e9 Voltagem&#8230; Na famosa rua Vileganhon, s\u00e3o as vitrines das mais variadas grifes que seduzem seus consumidores, com seus produtos de alto luxo \u2013 uma chiqueza s\u00f3! Por l\u00e1, o p\u00fablico vai poder acompanhar as tramoias de Marcelo Gouveia (Jos\u00e9 Loreto) e sua comparsa Blandina (Luisa Arraes), querendo sempre se darem bem \u00e0s custas dos outros.<\/p>\n<p>\u2018No Rancho Fundo\u2019 \u00e9 criada e escrita por Mario Teixeira com dire\u00e7\u00e3o art\u00edstica de Allan Fiterman. A obra \u00e9 escrita com a colabora\u00e7\u00e3o de Marcos Lazarini, Dino Cantelli, Ang\u00e9lica Lopes e Renata Sofia. A dire\u00e7\u00e3o geral \u00e9 de Pedro Brenelli e a dire\u00e7\u00e3o \u00e9 de Bernardo S\u00e1, Carla Bohler e Larissa Fernandes. A produ\u00e7\u00e3o \u00e9 de Silvana Feu e a dire\u00e7\u00e3o de g\u00eanero de Jos\u00e9 Luiz Villamarim. A novela tem previs\u00e3o de estreia em abril de 2024.<br \/>\n<!--END POST--><br \/>\n<strong style=\"font-size: 120%;\">\u00daltimas not\u00edcias deste site:<\/strong><br \/>\n<div class=\"pt-cv-wrapper\"><div class=\"pt-cv-view pt-cv-grid pt-cv-colsys\" id=\"pt-cv-view-90991035b3\"><div data-id=\"pt-cv-page-1\" class=\"pt-cv-page\" data-cvc=\"1\"><div class=\"col-md-12 col-sm-12 col-xs-12 pt-cv-content-item pt-cv-1-col\" ><div class='pt-cv-ifield'><h4 class=\"pt-cv-title\"><a href=\"https:\/\/www.tvnovelas.com.br\/tvnews\/guerra-das-rosas-omer-chama-gulru-vestida-de-noiva-para-fugir\/\" class=\"_self\" target=\"_self\" >Guerra das Rosas: Omer chama Gulru vestida de noiva para fugir<\/a><\/h4><\/div><\/div>\n<div class=\"col-md-12 col-sm-12 col-xs-12 pt-cv-content-item pt-cv-1-col\" ><div class='pt-cv-ifield'><h4 class=\"pt-cv-title\"><a href=\"https:\/\/www.tvnovelas.com.br\/tvnews\/coracao-de-mae-reha-sai-para-jantar-com-selvi\/\" class=\"_self\" target=\"_self\" >Cora\u00e7\u00e3o de M\u00e3e: Reha sai para jantar com Selvi<\/a><\/h4><\/div><\/div>\n<div class=\"col-md-12 col-sm-12 col-xs-12 pt-cv-content-item pt-cv-1-col\" ><div class='pt-cv-ifield'><h4 class=\"pt-cv-title\"><a href=\"https:\/\/www.tvnovelas.com.br\/tvnews\/coracao-acelerado-zila-se-preocupa-com-sua-situacao-apos-separacao\/\" class=\"_self\" target=\"_self\" >Cora\u00e7\u00e3o Acelerado: Zil\u00e1 se preocupa com sua situa\u00e7\u00e3o ap\u00f3s separa\u00e7\u00e3o<\/a><\/h4><\/div><\/div>\n<div class=\"col-md-12 col-sm-12 col-xs-12 pt-cv-content-item pt-cv-1-col\" ><div class='pt-cv-ifield'><h4 class=\"pt-cv-title\"><a href=\"https:\/\/www.tvnovelas.com.br\/tvnews\/a-nobreza-do-amor-tonho-nao-se-curva-diante-de-mirinho\/\" class=\"_self\" target=\"_self\" >A Nobreza do Amor: Tonho n\u00e3o se curva diante de Mirinho<\/a><\/h4><\/div><\/div>\n<div class=\"col-md-12 col-sm-12 col-xs-12 pt-cv-content-item pt-cv-1-col\" ><div class='pt-cv-ifield'><h4 class=\"pt-cv-title\"><a href=\"https:\/\/www.tvnovelas.com.br\/tvnews\/tres-gracas-arminda-surta-ao-confirmar-que-ferette-e-pai-de-raul\/\" class=\"_self\" target=\"_self\" >Tr\u00eas Gra\u00e7as:  Arminda surta ao confirmar que Ferette \u00e9 pai de Raul<\/a><\/h4><\/div><\/div>\n<div class=\"col-md-12 col-sm-12 col-xs-12 pt-cv-content-item pt-cv-1-col\" ><div class='pt-cv-ifield'><h4 class=\"pt-cv-title\"><a href=\"https:\/\/www.tvnovelas.com.br\/tvnews\/coracao-de-mae-atilla-confronta-hasan-e-exige-o-divorcio-de-lale\/\" class=\"_self\" target=\"_self\" >Cora\u00e7\u00e3o de M\u00e3e: Atilla confronta Hasan e exige o div\u00f3rcio de Lale<\/a><\/h4><\/div><\/div>\n<div class=\"col-md-12 col-sm-12 col-xs-12 pt-cv-content-item pt-cv-1-col\" ><div class='pt-cv-ifield'><h4 class=\"pt-cv-title\"><a href=\"https:\/\/www.tvnovelas.com.br\/tvnews\/guerra-das-rosas-gulfem-coloca-gulru-contra-a-parede\/\" class=\"_self\" target=\"_self\" >Guerra das Rosas: Gulfem coloca Gulru contra a parede<\/a><\/h4><\/div><\/div>\n<div class=\"col-md-12 col-sm-12 col-xs-12 pt-cv-content-item pt-cv-1-col\" ><div class='pt-cv-ifield'><h4 class=\"pt-cv-title\"><a href=\"https:\/\/www.tvnovelas.com.br\/tvnews\/coracao-de-mae-atilla-diz-a-lale-que-quer-o-divorcio\/\" class=\"_self\" target=\"_self\" >Cora\u00e7\u00e3o de M\u00e3e: Atilla diz a Lale que quer o div\u00f3rcio<\/a><\/h4><\/div><\/div>\n<div class=\"col-md-12 col-sm-12 col-xs-12 pt-cv-content-item pt-cv-1-col\" ><div class='pt-cv-ifield'><h4 class=\"pt-cv-title\"><a href=\"https:\/\/www.tvnovelas.com.br\/tvnews\/a-nobreza-do-amor-mirinho-garante-noivado-com-virginia-para-atrair-sogro-a-negocio\/\" class=\"_self\" target=\"_self\" >A Nobreza do Amor: Mirinho garante noivado com Virg\u00ednia para atrair sogro a neg\u00f3cio<\/a><\/h4><\/div><\/div>\n<div class=\"col-md-12 col-sm-12 col-xs-12 pt-cv-content-item pt-cv-1-col\" ><div class='pt-cv-ifield'><h4 class=\"pt-cv-title\"><a href=\"https:\/\/www.tvnovelas.com.br\/tvnews\/tres-gracas-joaquim-propoe-fuga-a-arminda-com-o-dinheiro-das-tres-gracas\/\" class=\"_self\" target=\"_self\" >Tr\u00eas Gra\u00e7as:  Joaquim prop\u00f5e fuga a Arminda com o dinheiro das Tr\u00eas Gra\u00e7as<\/a><\/h4><\/div><\/div><\/div><\/div><\/div><br \/>\n<a href=\"https:\/\/www.tvnovelas.com.br\/novelas\/\"><strong>Confira os resumos da semana de todas novelas<\/strong><\/a><\/p>\n<h3>Confira tamb\u00e9m<\/h3>\n<p><a href=\"https:\/\/www.tvnovelas.com.br\/filmes\/\" target=\"_blank\" rel=\"noopener noreferrer\"><strong>Programa\u00e7\u00e3o de filmes na TV aberta<\/strong><\/a><br \/>\n<a href=\"https:\/\/caetenews.com.br\/semana\/filmes-da-globo-na-sessao-da-tarde-desta-semana\/\" target=\"_blank\" rel=\"noopener\"><strong>Confira os filmes da semana na Sess\u00e3o da Tarde<\/strong><\/a><br \/>\n<a href=\"https:\/\/www.tvnovelas.com.br\/novelas\/\" target=\"_blank\" rel=\"noopener noreferrer\"><strong>Resumos de novelas<\/strong><\/a><\/p>\n","protected":false},"excerpt":{"rendered":"<p>\u00c9 no Cariri, no distrito fict\u00edcio de Lasca Fogo, munic\u00edpio de Lap\u00e3o da Beirada, no sert\u00e3o nordestino, que ser\u00e1 contada a hist\u00f3ria de No Rancho Fundo, nova novela das 6&#8230;<\/p>\n","protected":false},"author":1,"featured_media":63692,"comment_status":"closed","ping_status":"closed","sticky":false,"template":"","format":"standard","meta":{"_uf_show_specific_survey":0,"_uf_disable_surveys":false,"_jetpack_memberships_contains_paid_content":false,"footnotes":"","_wp_rev_ctl_limit":""},"categories":[763],"tags":[5,764,64],"class_list":["post-63691","post","type-post","status-publish","format-standard","has-post-thumbnail","hentry","category-no-rancho-fundo","tag-globo","tag-no-rancho-fundo","tag-novelas","wpcat-763-id"],"aioseo_notices":[],"jetpack_featured_media_url":"https:\/\/i0.wp.com\/www.tvnovelas.com.br\/tvnews\/wp-content\/uploads\/2024\/03\/noranchofundo01.jpg?fit=728%2C450&ssl=1","jetpack_shortlink":"https:\/\/wp.me\/pdP2BO-gzh","jetpack_sharing_enabled":true,"_links":{"self":[{"href":"https:\/\/www.tvnovelas.com.br\/tvnews\/wp-json\/wp\/v2\/posts\/63691","targetHints":{"allow":["GET"]}}],"collection":[{"href":"https:\/\/www.tvnovelas.com.br\/tvnews\/wp-json\/wp\/v2\/posts"}],"about":[{"href":"https:\/\/www.tvnovelas.com.br\/tvnews\/wp-json\/wp\/v2\/types\/post"}],"author":[{"embeddable":true,"href":"https:\/\/www.tvnovelas.com.br\/tvnews\/wp-json\/wp\/v2\/users\/1"}],"replies":[{"embeddable":true,"href":"https:\/\/www.tvnovelas.com.br\/tvnews\/wp-json\/wp\/v2\/comments?post=63691"}],"version-history":[{"count":3,"href":"https:\/\/www.tvnovelas.com.br\/tvnews\/wp-json\/wp\/v2\/posts\/63691\/revisions"}],"predecessor-version":[{"id":64227,"href":"https:\/\/www.tvnovelas.com.br\/tvnews\/wp-json\/wp\/v2\/posts\/63691\/revisions\/64227"}],"wp:featuredmedia":[{"embeddable":true,"href":"https:\/\/www.tvnovelas.com.br\/tvnews\/wp-json\/wp\/v2\/media\/63692"}],"wp:attachment":[{"href":"https:\/\/www.tvnovelas.com.br\/tvnews\/wp-json\/wp\/v2\/media?parent=63691"}],"wp:term":[{"taxonomy":"category","embeddable":true,"href":"https:\/\/www.tvnovelas.com.br\/tvnews\/wp-json\/wp\/v2\/categories?post=63691"},{"taxonomy":"post_tag","embeddable":true,"href":"https:\/\/www.tvnovelas.com.br\/tvnews\/wp-json\/wp\/v2\/tags?post=63691"}],"curies":[{"name":"wp","href":"https:\/\/api.w.org\/{rel}","templated":true}]}}