{"id":64641,"date":"2024-04-04T10:15:41","date_gmt":"2024-04-04T13:15:41","guid":{"rendered":"https:\/\/www.tvnovelas.com.br\/tvnews\/?p=64641"},"modified":"2024-04-04T10:15:41","modified_gmt":"2024-04-04T13:15:41","slug":"elas-por-elas-sergio-no-leito-do-hospital-conversa-com-isis-como-pai-e-filha","status":"publish","type":"post","link":"https:\/\/www.tvnovelas.com.br\/tvnews\/elas-por-elas-sergio-no-leito-do-hospital-conversa-com-isis-como-pai-e-filha\/","title":{"rendered":"Elas por Elas: S\u00e9rgio no leito do hospital conversa com \u00cdsis como pai e filha"},"content":{"rendered":"<p><em>Elas por Elas: S\u00e9rgio no leito do hospital<\/em><br \/>\n<img data-recalc-dims=\"1\" decoding=\"async\" class=\"alignnone wp-image-64643 size-medium\" title=\"(Foto: TV Globo\/Elas por Elas)\" src=\"https:\/\/i0.wp.com\/www.tvnovelas.com.br\/tvnews\/wp-content\/uploads\/2024\/04\/39115.jpg?resize=800%2C409&#038;ssl=1\" alt=\"Foto em Elas por Elas: S\u00e9rgio no leito do hospital\" width=\"800\" height=\"409\" srcset=\"https:\/\/i0.wp.com\/www.tvnovelas.com.br\/tvnews\/wp-content\/uploads\/2024\/04\/39115.jpg?resize=800%2C409&amp;ssl=1 800w, https:\/\/i0.wp.com\/www.tvnovelas.com.br\/tvnews\/wp-content\/uploads\/2024\/04\/39115.jpg?resize=768%2C393&amp;ssl=1 768w, https:\/\/i0.wp.com\/www.tvnovelas.com.br\/tvnews\/wp-content\/uploads\/2024\/04\/39115.jpg?w=802&amp;ssl=1 802w\" sizes=\"(max-width: 800px) 100vw, 800px\" \/><br \/>\nEm Ela por Elas, ap\u00f3s revelar que empurrou Bruno (Luan Argollo) do penhasco para a morte, S\u00e9rgio (Marcos Caruso) ter\u00e1 um infarto em casa. Maninha (Regina Antonini) ir\u00e1 se desesperar ao ver o patr\u00e3o \u00e0 beira da morte e, diante da situa\u00e7\u00e3o, Marcos (Luan Argollo) imediatamente vai pedir que ela acione a ambul\u00e2ncia. Ele come\u00e7ar\u00e1 a fazer os primeiros socorros de ressuscita\u00e7\u00e3o no av\u00f4, que voltar\u00e1 a respirar.<\/p>\n<p>Mais tarde, no hospital, S\u00e9rgio ter\u00e1 uma conversa sincera com o neto, cujo pai ele admitiu ter matado.<\/p>\n<p>\u201cObrigado, Marcos. Se eu estou vivo, devo isso a voc\u00ea\u201d, agradecer\u00e1 ele. \u201c\u00c9 uma baita ironia voc\u00ea salvar a minha vida quando eu estraguei a sua..\u201d<\/p>\n<p>\u201cCheguei a pensar em n\u00e3o fazer nada. Mas quando vi o senhor ca\u00eddo, fr\u00e1gil, fiz o que que tinha que fazer&#8230; N\u00e3o sou igual ao meu pai. E nem igual a minha m\u00e3e\u201d, dir\u00e1 o jovem, tamb\u00e9m emocionado.<\/p>\n<p>\u201cVoc\u00ea tem provado que n\u00e3o \u00e9. Mesmo sabendo que eu tirei a vida do seu pai&#8230; Me arrependo e muito de todos os erros que eu cometi\u201d, continuar\u00e1 ele, emocionado. \u201c&#8230;E esse \u00e9 meu grande castigo. A culpa! Ela corr\u00f3i por dentro, n\u00e3o d\u00e1 tr\u00e9gua, sabia?\u201d<\/p>\n<p>Neste momento, Giovanni (Filipe Bragan\u00e7a) e \u00cdsis (Rayssa Bratillieri), e o patriarca ficar\u00e1 comovido, ao ver o os dois netos e a filha, lado a lado.<\/p>\n<p>\u201cVoc\u00eas n\u00e3o podem imaginar a emo\u00e7\u00e3o que sinto em ver voc\u00eas juntos\u201d, dir\u00e1 S\u00e9rgio.<\/p>\n<p><strong>Pai e filha<\/strong><br \/>\nMarcos e Giovanni v\u00e3o sair do quarto do hospital, para que \u00cdsis e S\u00e9rgio tenham a primeira conversa como pai e filha. A princ\u00edpio, ambos ficar\u00e3o um pouco sem gra\u00e7a, mas o rica\u00e7o dir\u00e1 \u00e0 jovem que ficou extremamente feliz ao descobrir sobre o la\u00e7o entre eles. A mo\u00e7a, por sua vez, responder\u00e1 que n\u00e3o pode dizer a mesma coisa, afinal, ficou sabendo de tudo logo ap\u00f3s o assassinato vir \u00e0 tona.<\/p>\n<p>\u201cSei que n\u00e3o mere\u00e7o perd\u00e3o. Fiz coisas injustificadas\u201d, explicar\u00e1 S\u00e9rgio. \u201cS\u00f3 queria proteger a Helena, ela estava sendchantageadada, precisava resolver aquilo. N\u00e3o fui at\u00e9 l\u00e1 com a inten\u00e7\u00e3o de matar o garoto, mas&#8230;\u201d<\/p>\n<p>\u201cVoc\u00ea matou\u201d, dir\u00e1 ela. \u201cPara livrar a cara da Helena. Voc\u00ea tirou a vida de um rapaz de vinte e poucos anos.\u201d<\/p>\n<p>\u201cExatamente! E estraguei tamb\u00e9m a vida da sua irm\u00e3. Ela \u00e9 mimada, fr\u00e1gil, inconsequente por minha culpa. Voc\u00ea teve muita sorte de ter sido criada longe de mim. (&#8230;) Voc\u00ea \u00e9 uma pessoa maravilhosa! E o Marcos mostrou que \u00e9 um bom rapaz.\u201d<\/p>\n<p>\u201cPessoas m\u00e1s podem gerar e criar filhos bons! O Giovanni \u00e9 um homem incr\u00edvel! Apesar de ter sido criado pela Helena!\u201d, lembrar\u00e1 \u00cdsis.<\/p>\n<p>\u201cE apesar de mim!\u201d, acrescentar\u00e1 S\u00e9rgio.<\/p>\n<p>Logo depois, mais uma pessoa chegar\u00e1 ao hospital: a pr\u00f3pria Helena (Isabel Teixeira), cuja preocupa\u00e7\u00e3o agora \u00e9 n\u00e3o dividir a heran\u00e7a com \u00cdsis.<\/p>\n<p>\u201cA fam\u00edlia reunida! As duas filhas em volta do patriarca!\u201d, comentar\u00e1 a vil\u00e3.<br \/>\n<!--END POST--><br \/>\n<a href=\"https:\/\/www.tvnovelas.com.br\/novelas\/resumos-de-elas-por-elas\/\" target=\"_blank\" rel=\"noopener\">Confira os resumos da semana de 'Elas por Elas'<\/a><\/br>\r\n<p><strong style=\"font-size: 120%;\">\u00daltimas not\u00edcias de Elas por Elas:<\/strong><\/p>\r\n<div class=\"pt-cv-wrapper\"><div class=\"pt-cv-view pt-cv-grid pt-cv-colsys\" id=\"pt-cv-view-23f2f2esxk\"><div data-id=\"pt-cv-page-1\" class=\"pt-cv-page\" data-cvc=\"1\"><div class=\"col-md-12 col-sm-12 col-xs-12 pt-cv-content-item pt-cv-1-col\" ><div class='pt-cv-ifield'><h4 class=\"pt-cv-title\"><a href=\"https:\/\/www.tvnovelas.com.br\/tvnews\/elas-por-elas-sergio-entrega-helena-para-salvar-isis\/\" class=\"_blank\" target=\"_blank\" >Elas por Elas: S\u00e9rgio entrega Helena para salvar Isis<\/a><\/h4><\/div><\/div>\n<div class=\"col-md-12 col-sm-12 col-xs-12 pt-cv-content-item pt-cv-1-col\" ><div class='pt-cv-ifield'><h4 class=\"pt-cv-title\"><a href=\"https:\/\/www.tvnovelas.com.br\/tvnews\/elas-por-elas-tais-sai-do-tribunal-para-a-maternidade\/\" class=\"_blank\" target=\"_blank\" >Elas por Elas:  Ta\u00eds sai do tribunal para a maternidade<\/a><\/h4><\/div><\/div>\n<div class=\"col-md-12 col-sm-12 col-xs-12 pt-cv-content-item pt-cv-1-col\" ><div class='pt-cv-ifield'><h4 class=\"pt-cv-title\"><a href=\"https:\/\/www.tvnovelas.com.br\/tvnews\/elas-por-elas-vilma-depoe-roberto-e-preso\/\" class=\"_blank\" target=\"_blank\" >Elas por Elas: Vilma dep\u00f5e;  Roberto \u00e9 preso<\/a><\/h4><\/div><\/div>\n<div class=\"col-md-12 col-sm-12 col-xs-12 pt-cv-content-item pt-cv-1-col\" ><div class='pt-cv-ifield'><h4 class=\"pt-cv-title\"><a href=\"https:\/\/www.tvnovelas.com.br\/tvnews\/elas-por-elas-vilma-depoe-e-derruba-o-alibi-de-roberto\/\" class=\"_blank\" target=\"_blank\" >Elas por Elas: Vilma dep\u00f5e e derruba o \u00e1libi de Roberto<\/a><\/h4><\/div><\/div>\n<div class=\"col-md-12 col-sm-12 col-xs-12 pt-cv-content-item pt-cv-1-col\" ><div class='pt-cv-ifield'><h4 class=\"pt-cv-title\"><a href=\"https:\/\/www.tvnovelas.com.br\/tvnews\/elas-por-elas-isis-sofre-outro-golpe-o-juiz-nega-habeas-corpus\/\" class=\"_blank\" target=\"_blank\" >Elas por Elas: \u00cdsis sofre outro golpe; o juiz nega habeas corpus<\/a><\/h4><\/div><\/div>\n<div class=\"col-md-12 col-sm-12 col-xs-12 pt-cv-content-item pt-cv-1-col\" ><div class='pt-cv-ifield'><h4 class=\"pt-cv-title\"><a href=\"https:\/\/www.tvnovelas.com.br\/tvnews\/elas-por-elas-juiz-mantem-prisao-de-isis-pelo-suposto-assassinato-de-helena\/\" class=\"_blank\" target=\"_blank\" >Elas por Elas: Juiz mant\u00e9m pris\u00e3o de \u00cdsis pelo suposto assassinato de Helena<\/a><\/h4><\/div><\/div><\/div><\/div><\/div>\r\n<strong style=\"font-size: 120%;\">\u00daltimas not\u00edcias deste site:<\/strong>\r\n<div class=\"pt-cv-wrapper\"><div class=\"pt-cv-view pt-cv-grid pt-cv-colsys\" id=\"pt-cv-view-90991035b3\"><div data-id=\"pt-cv-page-1\" class=\"pt-cv-page\" data-cvc=\"1\"><div class=\"col-md-12 col-sm-12 col-xs-12 pt-cv-content-item pt-cv-1-col\" ><div class='pt-cv-ifield'><h4 class=\"pt-cv-title\"><a href=\"https:\/\/www.tvnovelas.com.br\/tvnews\/coracao-de-mae-atilla-confronta-hasan-e-exige-o-divorcio-de-lale\/\" class=\"_self\" target=\"_self\" >Cora\u00e7\u00e3o de M\u00e3e: Atilla confronta Hasan e exige o div\u00f3rcio de Lale<\/a><\/h4><\/div><\/div>\n<div class=\"col-md-12 col-sm-12 col-xs-12 pt-cv-content-item pt-cv-1-col\" ><div class='pt-cv-ifield'><h4 class=\"pt-cv-title\"><a href=\"https:\/\/www.tvnovelas.com.br\/tvnews\/guerra-das-rosas-gulfem-coloca-gulru-contra-a-parede\/\" class=\"_self\" target=\"_self\" >Guerra das Rosas: Gulfem coloca Gulru contra a parede<\/a><\/h4><\/div><\/div>\n<div class=\"col-md-12 col-sm-12 col-xs-12 pt-cv-content-item pt-cv-1-col\" ><div class='pt-cv-ifield'><h4 class=\"pt-cv-title\"><a href=\"https:\/\/www.tvnovelas.com.br\/tvnews\/coracao-de-mae-atilla-diz-a-lale-que-quer-o-divorcio\/\" class=\"_self\" target=\"_self\" >Cora\u00e7\u00e3o de M\u00e3e: Atilla diz a Lale que quer o div\u00f3rcio<\/a><\/h4><\/div><\/div>\n<div class=\"col-md-12 col-sm-12 col-xs-12 pt-cv-content-item pt-cv-1-col\" ><div class='pt-cv-ifield'><h4 class=\"pt-cv-title\"><a href=\"https:\/\/www.tvnovelas.com.br\/tvnews\/a-nobreza-do-amor-mirinho-garante-noivado-com-virginia-para-atrair-sogro-a-negocio\/\" class=\"_self\" target=\"_self\" >A Nobreza do Amor: Mirinho garante noivado com Virg\u00ednia para atrair sogro a neg\u00f3cio<\/a><\/h4><\/div><\/div>\n<div class=\"col-md-12 col-sm-12 col-xs-12 pt-cv-content-item pt-cv-1-col\" ><div class='pt-cv-ifield'><h4 class=\"pt-cv-title\"><a href=\"https:\/\/www.tvnovelas.com.br\/tvnews\/tres-gracas-joaquim-propoe-fuga-a-arminda-com-o-dinheiro-das-tres-gracas\/\" class=\"_self\" target=\"_self\" >Tr\u00eas Gra\u00e7as:  Joaquim prop\u00f5e fuga a Arminda com o dinheiro das Tr\u00eas Gra\u00e7as<\/a><\/h4><\/div><\/div>\n<div class=\"col-md-12 col-sm-12 col-xs-12 pt-cv-content-item pt-cv-1-col\" ><div class='pt-cv-ifield'><h4 class=\"pt-cv-title\"><a href=\"https:\/\/www.tvnovelas.com.br\/tvnews\/coracao-de-mae-atilla-decide-abrir-o-jogo-com-karsu\/\" class=\"_self\" target=\"_self\" >Cora\u00e7\u00e3o de M\u00e3e: Atilla decide abrir o jogo com Karsu<\/a><\/h4><\/div><\/div>\n<div class=\"col-md-12 col-sm-12 col-xs-12 pt-cv-content-item pt-cv-1-col\" ><div class='pt-cv-ifield'><h4 class=\"pt-cv-title\"><a href=\"https:\/\/www.tvnovelas.com.br\/tvnews\/coracao-de-mae-adnan-e-preso-apos-denuncia-de-irmak\/\" class=\"_self\" target=\"_self\" >Em Cora\u00e7\u00e3o de M\u00e3e: Adnan \u00e9 preso ap\u00f3s denuncia de Irmak<\/a><\/h4><\/div><\/div>\n<div class=\"col-md-12 col-sm-12 col-xs-12 pt-cv-content-item pt-cv-1-col\" ><div class='pt-cv-ifield'><h4 class=\"pt-cv-title\"><a href=\"https:\/\/www.tvnovelas.com.br\/tvnews\/coracao-de-mae-atilla-forca-karsu-a-ouvir-suas-explicacoes\/\" class=\"_self\" target=\"_self\" >Cora\u00e7\u00e3o de M\u00e3e: Atilla for\u00e7a Karsu a ouvir suas explica\u00e7\u00f5es<\/a><\/h4><\/div><\/div>\n<div class=\"col-md-12 col-sm-12 col-xs-12 pt-cv-content-item pt-cv-1-col\" ><div class='pt-cv-ifield'><h4 class=\"pt-cv-title\"><a href=\"https:\/\/www.tvnovelas.com.br\/tvnews\/coracao-acelerado-mulher-choca-janete-ao-se-apresentar-como-amante-do-palhares\/\" class=\"_self\" target=\"_self\" >Cora\u00e7\u00e3o Acelerado: Mulher choca Janete ao se apresentar como amante do Palhares<\/a><\/h4><\/div><\/div>\n<div class=\"col-md-12 col-sm-12 col-xs-12 pt-cv-content-item pt-cv-1-col\" ><div class='pt-cv-ifield'><h4 class=\"pt-cv-title\"><a href=\"https:\/\/www.tvnovelas.com.br\/tvnews\/a-nobreza-do-amor-jendal-dobra-a-recompensa-por-alika\/\" class=\"_self\" target=\"_self\" >A Nobreza do Amor: Jendal dobra a recompensa por Alika<\/a><\/h4><\/div><\/div><\/div><\/div><\/div>\r\n<a href=\"https:\/\/www.tvnovelas.com.br\/novelas\/\"><strong>Confira os resumos da semana de todas novelas<\/strong><\/a>\r\n<h3>Confira tamb\u00e9m<\/h3>\r\n<a href=\"https:\/\/www.tvnovelas.com.br\/filmes\/\" target=\"_blank\" rel=\"noopener noreferrer\"><strong>Programa\u00e7\u00e3o de filmes na TV aberta<\/strong><\/a>\r\n<a href=\"https:\/\/caetenews.com.br\/semana\/filmes-da-globo-na-sessao-da-tarde-desta-semana\/\" target=\"_blank\" rel=\"noopener\"><strong>Confira os filmes da semana na Sess\u00e3o da Tarde<\/strong><\/a>\r\n<a href=\"https:\/\/www.tvnovelas.com.br\/novelas\/\" target=\"_blank\" rel=\"noopener noreferrer\"><strong>Resumos de novelas<\/strong><\/a><\/p>\n","protected":false},"excerpt":{"rendered":"<p>Em Ela por Elas, ap\u00f3s revelar que empurrou Bruno (Luan Argollo) do penhasco para a morte, S\u00e9rgio (Marcos Caruso) ter\u00e1 um infarto em casa. Maninha (Regina Antonini) ir\u00e1&#8230;.<\/p>\n","protected":false},"author":1,"featured_media":64643,"comment_status":"closed","ping_status":"closed","sticky":false,"template":"","format":"standard","meta":{"_uf_show_specific_survey":0,"_uf_disable_surveys":false,"_jetpack_memberships_contains_paid_content":false,"footnotes":"","_wp_rev_ctl_limit":""},"categories":[401],"tags":[402,5,64],"class_list":["post-64641","post","type-post","status-publish","format-standard","has-post-thumbnail","hentry","category-elas-por-elas","tag-elas-por-elas","tag-globo","tag-novelas","wpcat-401-id"],"aioseo_notices":[],"jetpack_featured_media_url":"https:\/\/i0.wp.com\/www.tvnovelas.com.br\/tvnews\/wp-content\/uploads\/2024\/04\/39115.jpg?fit=802%2C410&ssl=1","jetpack_shortlink":"https:\/\/wp.me\/pdP2BO-gOB","jetpack_sharing_enabled":true,"_links":{"self":[{"href":"https:\/\/www.tvnovelas.com.br\/tvnews\/wp-json\/wp\/v2\/posts\/64641","targetHints":{"allow":["GET"]}}],"collection":[{"href":"https:\/\/www.tvnovelas.com.br\/tvnews\/wp-json\/wp\/v2\/posts"}],"about":[{"href":"https:\/\/www.tvnovelas.com.br\/tvnews\/wp-json\/wp\/v2\/types\/post"}],"author":[{"embeddable":true,"href":"https:\/\/www.tvnovelas.com.br\/tvnews\/wp-json\/wp\/v2\/users\/1"}],"replies":[{"embeddable":true,"href":"https:\/\/www.tvnovelas.com.br\/tvnews\/wp-json\/wp\/v2\/comments?post=64641"}],"version-history":[{"count":1,"href":"https:\/\/www.tvnovelas.com.br\/tvnews\/wp-json\/wp\/v2\/posts\/64641\/revisions"}],"predecessor-version":[{"id":64644,"href":"https:\/\/www.tvnovelas.com.br\/tvnews\/wp-json\/wp\/v2\/posts\/64641\/revisions\/64644"}],"wp:featuredmedia":[{"embeddable":true,"href":"https:\/\/www.tvnovelas.com.br\/tvnews\/wp-json\/wp\/v2\/media\/64643"}],"wp:attachment":[{"href":"https:\/\/www.tvnovelas.com.br\/tvnews\/wp-json\/wp\/v2\/media?parent=64641"}],"wp:term":[{"taxonomy":"category","embeddable":true,"href":"https:\/\/www.tvnovelas.com.br\/tvnews\/wp-json\/wp\/v2\/categories?post=64641"},{"taxonomy":"post_tag","embeddable":true,"href":"https:\/\/www.tvnovelas.com.br\/tvnews\/wp-json\/wp\/v2\/tags?post=64641"}],"curies":[{"name":"wp","href":"https:\/\/api.w.org\/{rel}","templated":true}]}}