{"id":64866,"date":"2024-04-10T09:43:58","date_gmt":"2024-04-10T12:43:58","guid":{"rendered":"https:\/\/www.tvnovelas.com.br\/tvnews\/?p=64866"},"modified":"2024-04-10T09:51:13","modified_gmt":"2024-04-10T12:51:13","slug":"elas-por-elas-vilma-depoe-e-derruba-o-alibi-de-roberto","status":"publish","type":"post","link":"https:\/\/www.tvnovelas.com.br\/tvnews\/elas-por-elas-vilma-depoe-e-derruba-o-alibi-de-roberto\/","title":{"rendered":"Elas por Elas: Vilma dep\u00f5e e derruba o \u00e1libi de Roberto"},"content":{"rendered":"<p><em>Elas por Elas: Vilma dep\u00f5e<\/em><\/p>\n<figure id=\"attachment_64867\" aria-describedby=\"caption-attachment-64867\" style=\"width: 728px\" class=\"wp-caption alignnone\"><img data-recalc-dims=\"1\" decoding=\"async\" class=\"wp-image-64867 size-full\" title=\"(Foto: TV Globo\/Elas por Elas)\" src=\"https:\/\/i0.wp.com\/www.tvnovelas.com.br\/tvnews\/wp-content\/uploads\/2024\/04\/39228.jpg?resize=728%2C418&#038;ssl=1\" alt=\"Foto em Elas por Elas: Vilma dep\u00f5e\" width=\"728\" height=\"418\" \/><figcaption id=\"caption-attachment-64867\" class=\"wp-caption-text\">Elas por Elas: Vilma dep\u00f5e&#8230;<\/figcaption><\/figure>\n<p>Em Elas por Elas, a liberdade de Ta\u00eds (K\u00e9sia) est\u00e1 nas m\u00e3os de uma pessoa: Vilma (Vietia Zangrandi). A secret\u00e1ria de Roberto (C\u00e1ssio Gabus Mende) \u00e9 a \u00fanica prova de que o advogado arquitetou um plano para culpar a modelo pela morte de \u00c1tila (S\u00e9rgio Guiz\u00e9). Ele, que \u00e9 o verdadeiro assassino, inventar\u00e1 durante a audi\u00eancia que o crime foi motivado por um \u201cconflito financeiro\u201d. E ir\u00e1 garantir a todos que quando o s\u00f3cio morreu ele estava ao lado de Vilma.<\/p>\n<p>\u201cO \u00c1tila estava disposto a dar um bom dinheiro pra Ta\u00eds p\u00f4r um fim \u00e0 gravidez, e marcou um encontro pra falar disso naquele fat\u00eddico dia\u201d, mentir\u00e1 ele, em pleno tribunal.<\/p>\n<p>\u201cO senhor esteve com seu s\u00f3cio naquela ocasi\u00e3o?\u201d, vai perguntar o promotor.<\/p>\n<p>\u201cInfelizmente, n\u00e3o. O \u00c1tila me mandou uma mensagem, antes do encontro, mas eu estava ocupado, n\u00e3o pude ir. Minha secret\u00e1ria Vilma Flinn estava comigo, ela pode confirmar tudo\u201d, dir\u00e1 Roberto, certo de que ter\u00e1 sua palavra confirmada.<\/p>\n<p>&lt;2&gt;M\u00e1rio Fofoca ser\u00e1 insistente&lt;\/2&gt;<br \/>\nEnquanto isso, M\u00e1rio Fofoca (L\u00e1zaro Ramos) tamb\u00e9m vai estar na correria para salvar a irm\u00e3 de uma injusti\u00e7a. Ele conseguir\u00e1 localizar Vilma e vai tentar convenc\u00ea-la a ir \u00e0 audi\u00eancia, j\u00e1 que agora ela sabe o qu\u00e3o perigoso o chefe pode ser.<\/p>\n<p>\u201cVoc\u00ea precisa depor contra o Roberto, Vilma\u201d, ir\u00e1 pedir M\u00e1rio.<\/p>\n<p>\u201cEu n\u00e3o sei do que voc\u00ea t\u00e1 falando\u201d, responder\u00e1 ela, nervosa.<\/p>\n<p>\u201cAs compras de senten\u00e7as. E agora ele t\u00e1 fazendo de tudo pra incriminar a Ta\u00eds no caso da morte do \u00c1tila. Por que, Vilma? (&#8230;) Ele tentou envenenar voc\u00ea tamb\u00e9m, como fez com o \u00c1tila! Hoje \u00e9 o julgamento da minha irm\u00e3. Ta\u00eds vai ser presa por um crime que n\u00e3o cometeu.\u201d<\/p>\n<p>\u201cEu n\u00e3o posso fazer nada\u201d, responder\u00e1 a secret\u00e1ria, aflita.<\/p>\n<p>\u201cPode, fala a verdade: que o Roberto n\u00e3o estava com voc\u00ea no dia da morte do \u00c1tila. Voc\u00ea vai deixar a Ta\u00eds ter o filho na cadeia?\u201d<\/p>\n<h2>Elas por Elas: Vilma dep\u00f5e. Ela fala a verdade<\/h2>\n<p><img data-recalc-dims=\"1\" decoding=\"async\" class=\"alignnone wp-image-64870 size-full\" title=\"(Foto: TV Globo\/Elas por Elas)\" src=\"https:\/\/i0.wp.com\/www.tvnovelas.com.br\/tvnews\/wp-content\/uploads\/2024\/04\/39228a.jpg?resize=728%2C408&#038;ssl=1\" alt=\"Foto em Elas por Elas: Vilma dep\u00f5e\" width=\"728\" height=\"408\" srcset=\"https:\/\/i0.wp.com\/www.tvnovelas.com.br\/tvnews\/wp-content\/uploads\/2024\/04\/39228a.jpg?w=728&amp;ssl=1 728w, https:\/\/i0.wp.com\/www.tvnovelas.com.br\/tvnews\/wp-content\/uploads\/2024\/04\/39228a.jpg?resize=678%2C381&amp;ssl=1 678w\" sizes=\"(max-width: 728px) 100vw, 728px\" \/><br \/>\nEnquanto isso, durante a audi\u00eancia, Lara (Deborah Secco) ir\u00e1 tirar uma carta da manga e convocar\u00e1 uma testemunha que deixar\u00e1 bandido para l\u00e1 de nervoso: Petr\u00facio (Jonas Bloch), o pai do advogado. Ele contar\u00e1 que o filho chegou a cursar alguns per\u00edodos de Farm\u00e1cia e ainda ir\u00e1 provar que a m\u00e3e de Roberto foi morta pelo mesmo veneno que matou \u00c1tila.<\/p>\n<p>\u201cEssa subst\u00e2ncia \u00e9 dif\u00edcil de ser encontrada?\u201d, questionar\u00e1 Lara.<\/p>\n<p>\u201cN\u00e3o. Est\u00e1 presente em um medicamento popular. Mas \u00e9 perigosa! Bastam algumas doses acima da dose m\u00e1xima recomendada pra matar uma pessoa\u201d, explicar\u00e1 o farmac\u00eautico, que dir\u00e1 n\u00e3o ser um usu\u00e1rio dessa medica\u00e7\u00e3o.<\/p>\n<p>\u201cNo entanto, este rem\u00e9dio foi entregue, no seu nome, na casa do seu filho h\u00e1 alguns meses. E na semana passada, novamente\u201d, associar\u00e1 Lara. \u201cA farm\u00e1cia que manipulou o medicamento confirmou que n\u00e3o \u00e9 a primeira vez que o senhor comprou esse produto, que era entregue na casa do seu filho, Roberto Bastos\u201d, ir\u00e1 provar ela, deixando o vil\u00e3o desesperado.<\/p>\n<p>Mas se Roberto acha que seus motivos para temer uma virada no jogo acabaram, est\u00e1 enganado, pois ainda ser\u00e1 surpreendido.<\/p>\n<p>\u201cQue entre a \u00faltima testemunha, Vilma Flinn\u201d, anunciar\u00e1 o juiz, deixando Roberto em p\u00e2nico.<\/p>\n<p>\u201cN\u00e3o pode ser! N\u00e3o \u00e9 poss\u00edvel! Ela veio\u201d, reclamar\u00e1, num misto de raiva e medo.<\/p>\n<p>\u201cVilma Flinn, a senhora foi secret\u00e1ria de Roberto Bastos por anos, e deixou o escrit\u00f3rio recentemente\u201d, come\u00e7ar\u00e1 Lara. \u201cA senhora confirma a vers\u00e3o de que estava com o seu chefe, Roberto Bastos, no dia da morte de \u00c1tila Pompeu?\u201d<\/p>\n<p>\u201cN\u00e3o. Eu n\u00e3o estava com o Roberto naquele dia\u201d, admitir\u00e1 ela, fazendo toda a mentira do ex-chefe desmoronar.<\/p>\n<blockquote><p><a href=\"https:\/\/wp.me\/pdP2BO-gSa\" rel=\"noopener\" target=\"_blank\">Elas por Elas: \u00cdsis sofre outro golpe; o juiz nega habeas corpus<\/a><br \/>\n<a href=\"https:\/\/wp.me\/pdP2BO-gSe\" rel=\"noopener\" target=\"_blank\">Elas por Elas: Vilma dep\u00f5e e derruba o \u00e1libi de Roberto<\/a><\/p><\/blockquote>\n<p><!--END POST--><\/p>\n<h3>Coment\u00e1rios em Elas por Elas: Vilma dep\u00f5e&#8230;<\/h3>\n<div class=\"fb-comments\" data-width=\"100%\" data-order-by=\"reverse_time\" data-numposts=\"5\"><\/div>\n<a href=\"https:\/\/www.tvnovelas.com.br\/novelas\/resumos-de-elas-por-elas\/\" target=\"_blank\" rel=\"noopener\">Confira os resumos da semana de 'Elas por Elas'<\/a><\/br>\r\n<p><strong style=\"font-size: 120%;\">\u00daltimas not\u00edcias de Elas por Elas:<\/strong><\/p>\r\n<div class=\"pt-cv-wrapper\"><div class=\"pt-cv-view pt-cv-grid pt-cv-colsys\" id=\"pt-cv-view-23f2f2esxk\"><div data-id=\"pt-cv-page-1\" class=\"pt-cv-page\" data-cvc=\"1\"><div class=\"col-md-12 col-sm-12 col-xs-12 pt-cv-content-item pt-cv-1-col\" ><div class='pt-cv-ifield'><h4 class=\"pt-cv-title\"><a href=\"https:\/\/www.tvnovelas.com.br\/tvnews\/elas-por-elas-sergio-entrega-helena-para-salvar-isis\/\" class=\"_blank\" target=\"_blank\" >Elas por Elas: S\u00e9rgio entrega Helena para salvar Isis<\/a><\/h4><\/div><\/div>\n<div class=\"col-md-12 col-sm-12 col-xs-12 pt-cv-content-item pt-cv-1-col\" ><div class='pt-cv-ifield'><h4 class=\"pt-cv-title\"><a href=\"https:\/\/www.tvnovelas.com.br\/tvnews\/elas-por-elas-tais-sai-do-tribunal-para-a-maternidade\/\" class=\"_blank\" target=\"_blank\" >Elas por Elas:  Ta\u00eds sai do tribunal para a maternidade<\/a><\/h4><\/div><\/div>\n<div class=\"col-md-12 col-sm-12 col-xs-12 pt-cv-content-item pt-cv-1-col\" ><div class='pt-cv-ifield'><h4 class=\"pt-cv-title\"><a href=\"https:\/\/www.tvnovelas.com.br\/tvnews\/elas-por-elas-vilma-depoe-roberto-e-preso\/\" class=\"_blank\" target=\"_blank\" >Elas por Elas: Vilma dep\u00f5e;  Roberto \u00e9 preso<\/a><\/h4><\/div><\/div>\n<div class=\"col-md-12 col-sm-12 col-xs-12 pt-cv-content-item pt-cv-1-col\" ><div class='pt-cv-ifield'><h4 class=\"pt-cv-title\"><a href=\"https:\/\/www.tvnovelas.com.br\/tvnews\/elas-por-elas-vilma-depoe-e-derruba-o-alibi-de-roberto\/\" class=\"_blank\" target=\"_blank\" >Elas por Elas: Vilma dep\u00f5e e derruba o \u00e1libi de Roberto<\/a><\/h4><\/div><\/div>\n<div class=\"col-md-12 col-sm-12 col-xs-12 pt-cv-content-item pt-cv-1-col\" ><div class='pt-cv-ifield'><h4 class=\"pt-cv-title\"><a href=\"https:\/\/www.tvnovelas.com.br\/tvnews\/elas-por-elas-isis-sofre-outro-golpe-o-juiz-nega-habeas-corpus\/\" class=\"_blank\" target=\"_blank\" >Elas por Elas: \u00cdsis sofre outro golpe; o juiz nega habeas corpus<\/a><\/h4><\/div><\/div>\n<div class=\"col-md-12 col-sm-12 col-xs-12 pt-cv-content-item pt-cv-1-col\" ><div class='pt-cv-ifield'><h4 class=\"pt-cv-title\"><a href=\"https:\/\/www.tvnovelas.com.br\/tvnews\/elas-por-elas-juiz-mantem-prisao-de-isis-pelo-suposto-assassinato-de-helena\/\" class=\"_blank\" target=\"_blank\" >Elas por Elas: Juiz mant\u00e9m pris\u00e3o de \u00cdsis pelo suposto assassinato de Helena<\/a><\/h4><\/div><\/div><\/div><\/div><\/div>\r\n<strong style=\"font-size: 120%;\">\u00daltimas not\u00edcias deste site:<\/strong>\r\n<div class=\"pt-cv-wrapper\"><div class=\"pt-cv-view pt-cv-grid pt-cv-colsys\" id=\"pt-cv-view-90991035b3\"><div data-id=\"pt-cv-page-1\" class=\"pt-cv-page\" data-cvc=\"1\"><div class=\"col-md-12 col-sm-12 col-xs-12 pt-cv-content-item pt-cv-1-col\" ><div class='pt-cv-ifield'><h4 class=\"pt-cv-title\"><a href=\"https:\/\/www.tvnovelas.com.br\/tvnews\/coracao-de-mae-hasan-e-filiz-em-piquenique-romantico\/\" class=\"_self\" target=\"_self\" >Cora\u00e7\u00e3o de M\u00e3e: Hasan e Filiz em piquenique rom\u00e2ntico<\/a><\/h4><\/div><\/div>\n<div class=\"col-md-12 col-sm-12 col-xs-12 pt-cv-content-item pt-cv-1-col\" ><div class='pt-cv-ifield'><h4 class=\"pt-cv-title\"><a href=\"https:\/\/www.tvnovelas.com.br\/tvnews\/guerra-das-rosas-cihan-vibra-com-desistencia-de-gulru-de-casar-com-mert\/\" class=\"_self\" target=\"_self\" >Guerra das Rosas: Cihan vibra com desist\u00eancia de Gulru de casar com Mert<\/a><\/h4><\/div><\/div>\n<div class=\"col-md-12 col-sm-12 col-xs-12 pt-cv-content-item pt-cv-1-col\" ><div class='pt-cv-ifield'><h4 class=\"pt-cv-title\"><a href=\"https:\/\/www.tvnovelas.com.br\/tvnews\/coracao-de-mae-irmak-denuncia-adnan\/\" class=\"_self\" target=\"_self\" >Cora\u00e7\u00e3o de M\u00e3e: Irmak denuncia Adnan<\/a><\/h4><\/div><\/div>\n<div class=\"col-md-12 col-sm-12 col-xs-12 pt-cv-content-item pt-cv-1-col\" ><div class='pt-cv-ifield'><h4 class=\"pt-cv-title\"><a href=\"https:\/\/www.tvnovelas.com.br\/tvnews\/a-nobreza-do-amor-mirinho-e-obrigado-a-resgatar-tonho\/\" class=\"_self\" target=\"_self\" >A Nobreza do Amor: Mirinho \u00e9 obrigado a resgatar Tonho<\/a><\/h4><\/div><\/div>\n<div class=\"col-md-12 col-sm-12 col-xs-12 pt-cv-content-item pt-cv-1-col\" ><div class='pt-cv-ifield'><h4 class=\"pt-cv-title\"><a href=\"https:\/\/www.tvnovelas.com.br\/tvnews\/tres-gracas-paulinho-e-afastado-da-policia-por-causa-de-gerluce\/\" class=\"_self\" target=\"_self\" >Tr\u00eas Gra\u00e7as: Paulinho \u00e9 afastado da pol\u00edcia por causa de Gerluce<\/a><\/h4><\/div><\/div>\n<div class=\"col-md-12 col-sm-12 col-xs-12 pt-cv-content-item pt-cv-1-col\" ><div class='pt-cv-ifield'><h4 class=\"pt-cv-title\"><a href=\"https:\/\/www.tvnovelas.com.br\/tvnews\/coracao-de-mae-irmak-inicia-jogo-arriscado-contra-adnan\/\" class=\"_self\" target=\"_self\" >Cora\u00e7\u00e3o de M\u00e3e: Irmak inicia jogo arriscado contra Adnan<\/a><\/h4><\/div><\/div>\n<div class=\"col-md-12 col-sm-12 col-xs-12 pt-cv-content-item pt-cv-1-col\" ><div class='pt-cv-ifield'><h4 class=\"pt-cv-title\"><a href=\"https:\/\/www.tvnovelas.com.br\/tvnews\/guerra-das-rosas-omer-chama-gulru-vestida-de-noiva-para-fugir\/\" class=\"_self\" target=\"_self\" >Guerra das Rosas: Omer chama Gulru vestida de noiva para fugir<\/a><\/h4><\/div><\/div>\n<div class=\"col-md-12 col-sm-12 col-xs-12 pt-cv-content-item pt-cv-1-col\" ><div class='pt-cv-ifield'><h4 class=\"pt-cv-title\"><a href=\"https:\/\/www.tvnovelas.com.br\/tvnews\/coracao-de-mae-reha-sai-para-jantar-com-selvi\/\" class=\"_self\" target=\"_self\" >Cora\u00e7\u00e3o de M\u00e3e: Reha sai para jantar com Selvi<\/a><\/h4><\/div><\/div>\n<div class=\"col-md-12 col-sm-12 col-xs-12 pt-cv-content-item pt-cv-1-col\" ><div class='pt-cv-ifield'><h4 class=\"pt-cv-title\"><a href=\"https:\/\/www.tvnovelas.com.br\/tvnews\/coracao-acelerado-zila-se-preocupa-com-sua-situacao-apos-separacao\/\" class=\"_self\" target=\"_self\" >Cora\u00e7\u00e3o Acelerado: Zil\u00e1 se preocupa com sua situa\u00e7\u00e3o ap\u00f3s separa\u00e7\u00e3o<\/a><\/h4><\/div><\/div>\n<div class=\"col-md-12 col-sm-12 col-xs-12 pt-cv-content-item pt-cv-1-col\" ><div class='pt-cv-ifield'><h4 class=\"pt-cv-title\"><a href=\"https:\/\/www.tvnovelas.com.br\/tvnews\/a-nobreza-do-amor-tonho-nao-se-curva-diante-de-mirinho\/\" class=\"_self\" target=\"_self\" >A Nobreza do Amor: Tonho n\u00e3o se curva diante de Mirinho<\/a><\/h4><\/div><\/div><\/div><\/div><\/div>\r\n<a href=\"https:\/\/www.tvnovelas.com.br\/novelas\/\"><strong>Confira os resumos da semana de todas novelas<\/strong><\/a>\r\n<h3>Confira tamb\u00e9m<\/h3>\r\n<a href=\"https:\/\/www.tvnovelas.com.br\/filmes\/\" target=\"_blank\" rel=\"noopener noreferrer\"><strong>Programa\u00e7\u00e3o de filmes na TV aberta<\/strong><\/a>\r\n<a href=\"https:\/\/caetenews.com.br\/semana\/filmes-da-globo-na-sessao-da-tarde-desta-semana\/\" target=\"_blank\" rel=\"noopener\"><strong>Confira os filmes da semana na Sess\u00e3o da Tarde<\/strong><\/a>\r\n<a href=\"https:\/\/www.tvnovelas.com.br\/novelas\/\" target=\"_blank\" rel=\"noopener noreferrer\"><strong>Resumos de novelas<\/strong><\/a>\n","protected":false},"excerpt":{"rendered":"<p>Elas por Elas: Vilma dep\u00f5e&#8230; Em Elas por Elas, a liberdade de Ta\u00eds (K\u00e9sia) est\u00e1 nas m\u00e3os de uma pessoa: Vilma (Vietia Zangrandi). A secret\u00e1ria de Roberto&#8230;<\/p>\n","protected":false},"author":1,"featured_media":64867,"comment_status":"closed","ping_status":"closed","sticky":false,"template":"","format":"standard","meta":{"_uf_show_specific_survey":0,"_uf_disable_surveys":false,"_jetpack_memberships_contains_paid_content":false,"footnotes":"","_wp_rev_ctl_limit":""},"categories":[401],"tags":[402,5,64],"class_list":["post-64866","post","type-post","status-publish","format-standard","has-post-thumbnail","hentry","category-elas-por-elas","tag-elas-por-elas","tag-globo","tag-novelas","wpcat-401-id"],"aioseo_notices":[],"jetpack_featured_media_url":"https:\/\/i0.wp.com\/www.tvnovelas.com.br\/tvnews\/wp-content\/uploads\/2024\/04\/39228.jpg?fit=728%2C418&ssl=1","jetpack_shortlink":"https:\/\/wp.me\/pdP2BO-gSe","jetpack_sharing_enabled":true,"_links":{"self":[{"href":"https:\/\/www.tvnovelas.com.br\/tvnews\/wp-json\/wp\/v2\/posts\/64866","targetHints":{"allow":["GET"]}}],"collection":[{"href":"https:\/\/www.tvnovelas.com.br\/tvnews\/wp-json\/wp\/v2\/posts"}],"about":[{"href":"https:\/\/www.tvnovelas.com.br\/tvnews\/wp-json\/wp\/v2\/types\/post"}],"author":[{"embeddable":true,"href":"https:\/\/www.tvnovelas.com.br\/tvnews\/wp-json\/wp\/v2\/users\/1"}],"replies":[{"embeddable":true,"href":"https:\/\/www.tvnovelas.com.br\/tvnews\/wp-json\/wp\/v2\/comments?post=64866"}],"version-history":[{"count":4,"href":"https:\/\/www.tvnovelas.com.br\/tvnews\/wp-json\/wp\/v2\/posts\/64866\/revisions"}],"predecessor-version":[{"id":64872,"href":"https:\/\/www.tvnovelas.com.br\/tvnews\/wp-json\/wp\/v2\/posts\/64866\/revisions\/64872"}],"wp:featuredmedia":[{"embeddable":true,"href":"https:\/\/www.tvnovelas.com.br\/tvnews\/wp-json\/wp\/v2\/media\/64867"}],"wp:attachment":[{"href":"https:\/\/www.tvnovelas.com.br\/tvnews\/wp-json\/wp\/v2\/media?parent=64866"}],"wp:term":[{"taxonomy":"category","embeddable":true,"href":"https:\/\/www.tvnovelas.com.br\/tvnews\/wp-json\/wp\/v2\/categories?post=64866"},{"taxonomy":"post_tag","embeddable":true,"href":"https:\/\/www.tvnovelas.com.br\/tvnews\/wp-json\/wp\/v2\/tags?post=64866"}],"curies":[{"name":"wp","href":"https:\/\/api.w.org\/{rel}","templated":true}]}}