{"id":64949,"date":"2024-04-11T14:20:41","date_gmt":"2024-04-11T17:20:41","guid":{"rendered":"https:\/\/www.tvnovelas.com.br\/tvnews\/?p=64949"},"modified":"2024-04-11T14:21:36","modified_gmt":"2024-04-11T17:21:36","slug":"elas-por-elas-sergio-entrega-helena-para-salvar-isis","status":"publish","type":"post","link":"https:\/\/www.tvnovelas.com.br\/tvnews\/elas-por-elas-sergio-entrega-helena-para-salvar-isis\/","title":{"rendered":"Elas por Elas: S\u00e9rgio entrega Helena para salvar Isis"},"content":{"rendered":"<p><em>Elas por Elas: S\u00e9rgio entrega Helena<\/em><br \/>\n<figure id=\"attachment_64950\" aria-describedby=\"caption-attachment-64950\" style=\"width: 728px\" class=\"wp-caption alignnone\"><img data-recalc-dims=\"1\" decoding=\"async\" class=\"wp-image-64950 size-full\" title=\"(Foto: TV Globo\/Elas por Elas)\" src=\"https:\/\/i0.wp.com\/www.tvnovelas.com.br\/tvnews\/wp-content\/uploads\/2024\/04\/39244.jpg?resize=728%2C410&#038;ssl=1\" alt=\"Foto em Elas por Elas: S\u00e9rgio entrega Helena...\" width=\"728\" height=\"410\" srcset=\"https:\/\/i0.wp.com\/www.tvnovelas.com.br\/tvnews\/wp-content\/uploads\/2024\/04\/39244.jpg?w=728&amp;ssl=1 728w, https:\/\/i0.wp.com\/www.tvnovelas.com.br\/tvnews\/wp-content\/uploads\/2024\/04\/39244.jpg?resize=678%2C381&amp;ssl=1 678w\" sizes=\"(max-width: 728px) 100vw, 728px\" \/><figcaption id=\"caption-attachment-64950\" class=\"wp-caption-text\">Elas por Elas: S\u00e9rgio entrega Helena<\/figcaption><\/figure><br \/>\nEm Elas por Elas, pela primeira vez na vida, S\u00e9rgio (Marcos Caruso) n\u00e3o ficar\u00e1 ao lado de Helena (Isabel Teixeira), e n\u00e3o \u00e9 por conta da gravidade do crime cometido pela filha, mas sim por prejudicar sua outra filha, \u00cdsis (Rayssa Bratillieri). A jovem, que est\u00e1 gr\u00e1vida, foi presa ap\u00f3s a irm\u00e3 mais velha ter armado uma cena de crime falsa, dando a impress\u00e3o de que teria sido assassinada.<\/p>\n<p>Preocupada com a ca\u00e7ula, o rica\u00e7o somar\u00e1 for\u00e7a com Adriana (Thalita Carauta) e cia para localizar Helena. Ap\u00f3s conseguirem rastrear onde ela est\u00e1, todos ir\u00e3o l\u00e1 junto da pol\u00edcia. S\u00e9rgio avistar\u00e1 a filha perto da piscina e assumir\u00e1 a posi\u00e7\u00e3o de agente duplo, seguindo as instru\u00e7\u00f5es de Rico (Pedro Caetano).<\/p>\n<p>\u201cA gente precisa de uma confiss\u00e3o da Helena dizendo que armou tudo isso pra prejudicar a \u00cdsis\u201d, explicar\u00e1 o delegado. \u201cLeve sua filha para o quarto dela. Eu estarei l\u00e1, escondido. O senhor tem que fazer Helena contar a verdade, assim registramos a confiss\u00e3o. Entendeu?\u201d<\/p>\n<p>S\u00e9rgio, ent\u00e3o, encenar\u00e1 um ato. A princ\u00edpio, Helena vai achar que ele, de fato, foi at\u00e9 l\u00e1 para lev\u00e1-la \u00e0 pol\u00edcia numa tentativa de salvar \u00cdsis.<\/p>\n<p>\u201cNingu\u00e9m supera o amor que tenho por voc\u00ea\u201d, dir\u00e1 ele. \u201cConfia em mim, Helena. Vamos no seu quarto pegar as suas coisas e sumir daqui.\u201d<\/p>\n<h2>Elas por Elas: S\u00e9rgio entrega Helena<\/h2>\n<p>No quarto, enquanto arrumam as coisas, S\u00e9rgio ir\u00e1 elogiar a habilidade da filhar para criar uma cena de crime; a vil\u00e3 ir\u00e1 se gabar do feito, enquanto explica como realizou tudo, sem saber que o delegado est\u00e1 ouvindo a confiss\u00e3o.<\/p>\n<p>\u201cHelena Aranha, voc\u00ea est\u00e1 presa por falsa comunica\u00e7\u00e3o de assassinato, al\u00e9m de outros crimes\u201d, dir\u00e1 Rico, aparecendo no local e surpreendendo a vil\u00e3.<\/p>\n<p>\u201cVoc\u00ea me traiu, papai?\u201d, questionar\u00e1 ela, arrasada com a atitude de S\u00e9rgio. \u201cVoc\u00ea me abandonou?! Se bandeou pro lado da bastardinha? N\u00e3o, voc\u00ea n\u00e3o fez isso&#8230;\u201d<\/p>\n<p>Helena ir\u00e1 sacar a arma, far\u00e1 o pr\u00f3prio pai de ref\u00e9m, conseguindo, assim, uma brecha para fugir da pol\u00edcia. Os agentes e S\u00e9rgio ir\u00e3o atr\u00e1s dela, e Marcos (Luan Argollo) e Giovanni (Filipe Bragan\u00e7a) tamb\u00e9m. A vil\u00e3 ir\u00e1 correr at\u00e9 a cobertura de um pr\u00e9dio em constru\u00e7\u00e3o e ser\u00e1 seguida pelos dois filhos, at\u00e9 se perceber cercada.<\/p>\n<p>\u201cHelena, voc\u00ea n\u00e3o tem mais pra onde ir\u201d, dir\u00e1 Giovanni.<\/p>\n<p>\u201cN\u00e3o me chama de Helena! Eu sou sua m\u00e3e, ouviu bem? Eu te criei, eu te amamentei! Eu te dei tudo, te dei todo o meu amor!\u201d, gritar\u00e1 ela.<\/p>\n<p>\u201cEu tamb\u00e9m te amo, por isso estou aqui. Porque voc\u00ea n\u00e3o est\u00e1 bem e eu quero te ajudar. Mas pra isso, voc\u00ea precisa se entregar\u201d<\/p>\n<p>Helena ensaiar\u00e1 uma tr\u00e9gua, mas, ao ver Rico e S\u00e9rgio chegando, voltar\u00e1 a levantar a arma, amea\u00e7ando a todos.<\/p>\n<p>\u201cVoc\u00ea me traiu! Todo mundo me traiu! Eu n\u00e3o tenho mais ningu\u00e9m!\u201d, continuar\u00e1 ela.<\/p>\n<p>\u201cMinha filha, eu nunca vou te abandonar. Eu nunca larguei a sua m\u00e3o, voc\u00ea sabe disso\u201d, dir\u00e1 S\u00e9rgio.<\/p>\n<p>\u201cNem eu, m\u00e3e\u201d, completar\u00e1 Giovanni. \u201cAconte\u00e7a o que acontecer, eu nunca vou deixar de ser seu filho. Eu te amo, eu sempre vou estar do seu lado. Sempre.\u201d<\/p>\n<p>\u201cEu tamb\u00e9m te amo, Gio. Voc\u00ea foi a melhor coisa que me aconteceu nessa vida!\u201d, responder\u00e1 Helena.<\/p>\n<p>Por\u00e9m, neste momento, ao perceber que tem algu\u00e9m por tr\u00e1s, Helena ir\u00e1 atirar sem mirar, deixando no a d\u00favida de quem foi acertado: S\u00e9rgio, Marcos ou Giovanni?<br \/>\n<!--END POST--><\/p>\n<h3>Coment\u00e1rios em Elas por Elas: S\u00e9rgio entrega Helena&#8230;<\/h3>\n<div class=\"fb-comments\" data-width=\"100%\" data-order-by=\"reverse_time\" data-numposts=\"5\"><\/div>\n<a href=\"https:\/\/www.tvnovelas.com.br\/novelas\/resumos-de-elas-por-elas\/\" target=\"_blank\" rel=\"noopener\">Confira os resumos da semana de 'Elas por Elas'<\/a><\/br>\r\n<p><strong style=\"font-size: 120%;\">\u00daltimas not\u00edcias de Elas por Elas:<\/strong><\/p>\r\n<div class=\"pt-cv-wrapper\"><div class=\"pt-cv-view pt-cv-grid pt-cv-colsys\" id=\"pt-cv-view-23f2f2esxk\"><div data-id=\"pt-cv-page-1\" class=\"pt-cv-page\" data-cvc=\"1\"><div class=\"col-md-12 col-sm-12 col-xs-12 pt-cv-content-item pt-cv-1-col\" ><div class='pt-cv-ifield'><h4 class=\"pt-cv-title\"><a href=\"https:\/\/www.tvnovelas.com.br\/tvnews\/elas-por-elas-sergio-entrega-helena-para-salvar-isis\/\" class=\"_blank\" target=\"_blank\" >Elas por Elas: S\u00e9rgio entrega Helena para salvar Isis<\/a><\/h4><\/div><\/div>\n<div class=\"col-md-12 col-sm-12 col-xs-12 pt-cv-content-item pt-cv-1-col\" ><div class='pt-cv-ifield'><h4 class=\"pt-cv-title\"><a href=\"https:\/\/www.tvnovelas.com.br\/tvnews\/elas-por-elas-tais-sai-do-tribunal-para-a-maternidade\/\" class=\"_blank\" target=\"_blank\" >Elas por Elas:  Ta\u00eds sai do tribunal para a maternidade<\/a><\/h4><\/div><\/div>\n<div class=\"col-md-12 col-sm-12 col-xs-12 pt-cv-content-item pt-cv-1-col\" ><div class='pt-cv-ifield'><h4 class=\"pt-cv-title\"><a href=\"https:\/\/www.tvnovelas.com.br\/tvnews\/elas-por-elas-vilma-depoe-roberto-e-preso\/\" class=\"_blank\" target=\"_blank\" >Elas por Elas: Vilma dep\u00f5e;  Roberto \u00e9 preso<\/a><\/h4><\/div><\/div>\n<div class=\"col-md-12 col-sm-12 col-xs-12 pt-cv-content-item pt-cv-1-col\" ><div class='pt-cv-ifield'><h4 class=\"pt-cv-title\"><a href=\"https:\/\/www.tvnovelas.com.br\/tvnews\/elas-por-elas-vilma-depoe-e-derruba-o-alibi-de-roberto\/\" class=\"_blank\" target=\"_blank\" >Elas por Elas: Vilma dep\u00f5e e derruba o \u00e1libi de Roberto<\/a><\/h4><\/div><\/div>\n<div class=\"col-md-12 col-sm-12 col-xs-12 pt-cv-content-item pt-cv-1-col\" ><div class='pt-cv-ifield'><h4 class=\"pt-cv-title\"><a href=\"https:\/\/www.tvnovelas.com.br\/tvnews\/elas-por-elas-isis-sofre-outro-golpe-o-juiz-nega-habeas-corpus\/\" class=\"_blank\" target=\"_blank\" >Elas por Elas: \u00cdsis sofre outro golpe; o juiz nega habeas corpus<\/a><\/h4><\/div><\/div>\n<div class=\"col-md-12 col-sm-12 col-xs-12 pt-cv-content-item pt-cv-1-col\" ><div class='pt-cv-ifield'><h4 class=\"pt-cv-title\"><a href=\"https:\/\/www.tvnovelas.com.br\/tvnews\/elas-por-elas-juiz-mantem-prisao-de-isis-pelo-suposto-assassinato-de-helena\/\" class=\"_blank\" target=\"_blank\" >Elas por Elas: Juiz mant\u00e9m pris\u00e3o de \u00cdsis pelo suposto assassinato de Helena<\/a><\/h4><\/div><\/div><\/div><\/div><\/div>\r\n<strong style=\"font-size: 120%;\">\u00daltimas not\u00edcias deste site:<\/strong>\r\n<div class=\"pt-cv-wrapper\"><div class=\"pt-cv-view pt-cv-grid pt-cv-colsys\" id=\"pt-cv-view-90991035b3\"><div data-id=\"pt-cv-page-1\" class=\"pt-cv-page\" data-cvc=\"1\"><div class=\"col-md-12 col-sm-12 col-xs-12 pt-cv-content-item pt-cv-1-col\" ><div class='pt-cv-ifield'><h4 class=\"pt-cv-title\"><a href=\"https:\/\/www.tvnovelas.com.br\/tvnews\/em-coracao-de-mae-nos-proximos-capitulos-04-a-08-5\/\" class=\"_self\" target=\"_self\" >Em Cora\u00e7\u00e3o de M\u00e3e nos pr\u00f3ximos cap\u00edtulos (04 a 08\/5)<\/a><\/h4><\/div><\/div>\n<div class=\"col-md-12 col-sm-12 col-xs-12 pt-cv-content-item pt-cv-1-col\" ><div class='pt-cv-ifield'><h4 class=\"pt-cv-title\"><a href=\"https:\/\/www.tvnovelas.com.br\/tvnews\/coracao-de-mae-hasan-e-filiz-em-piquenique-romantico\/\" class=\"_self\" target=\"_self\" >Cora\u00e7\u00e3o de M\u00e3e: Hasan e Filiz em piquenique rom\u00e2ntico<\/a><\/h4><\/div><\/div>\n<div class=\"col-md-12 col-sm-12 col-xs-12 pt-cv-content-item pt-cv-1-col\" ><div class='pt-cv-ifield'><h4 class=\"pt-cv-title\"><a href=\"https:\/\/www.tvnovelas.com.br\/tvnews\/guerra-das-rosas-cihan-vibra-com-desistencia-de-gulru-de-casar-com-mert\/\" class=\"_self\" target=\"_self\" >Guerra das Rosas: Cihan vibra com desist\u00eancia de Gulru de casar com Mert<\/a><\/h4><\/div><\/div>\n<div class=\"col-md-12 col-sm-12 col-xs-12 pt-cv-content-item pt-cv-1-col\" ><div class='pt-cv-ifield'><h4 class=\"pt-cv-title\"><a href=\"https:\/\/www.tvnovelas.com.br\/tvnews\/coracao-de-mae-irmak-denuncia-adnan\/\" class=\"_self\" target=\"_self\" >Cora\u00e7\u00e3o de M\u00e3e: Irmak denuncia Adnan<\/a><\/h4><\/div><\/div>\n<div class=\"col-md-12 col-sm-12 col-xs-12 pt-cv-content-item pt-cv-1-col\" ><div class='pt-cv-ifield'><h4 class=\"pt-cv-title\"><a href=\"https:\/\/www.tvnovelas.com.br\/tvnews\/a-nobreza-do-amor-mirinho-e-obrigado-a-resgatar-tonho\/\" class=\"_self\" target=\"_self\" >A Nobreza do Amor: Mirinho \u00e9 obrigado a resgatar Tonho<\/a><\/h4><\/div><\/div>\n<div class=\"col-md-12 col-sm-12 col-xs-12 pt-cv-content-item pt-cv-1-col\" ><div class='pt-cv-ifield'><h4 class=\"pt-cv-title\"><a href=\"https:\/\/www.tvnovelas.com.br\/tvnews\/tres-gracas-paulinho-e-afastado-da-policia-por-causa-de-gerluce\/\" class=\"_self\" target=\"_self\" >Tr\u00eas Gra\u00e7as: Paulinho \u00e9 afastado da pol\u00edcia por causa de Gerluce<\/a><\/h4><\/div><\/div>\n<div class=\"col-md-12 col-sm-12 col-xs-12 pt-cv-content-item pt-cv-1-col\" ><div class='pt-cv-ifield'><h4 class=\"pt-cv-title\"><a href=\"https:\/\/www.tvnovelas.com.br\/tvnews\/coracao-de-mae-irmak-inicia-jogo-arriscado-contra-adnan\/\" class=\"_self\" target=\"_self\" >Cora\u00e7\u00e3o de M\u00e3e: Irmak inicia jogo arriscado contra Adnan<\/a><\/h4><\/div><\/div>\n<div class=\"col-md-12 col-sm-12 col-xs-12 pt-cv-content-item pt-cv-1-col\" ><div class='pt-cv-ifield'><h4 class=\"pt-cv-title\"><a href=\"https:\/\/www.tvnovelas.com.br\/tvnews\/guerra-das-rosas-omer-chama-gulru-vestida-de-noiva-para-fugir\/\" class=\"_self\" target=\"_self\" >Guerra das Rosas: Omer chama Gulru vestida de noiva para fugir<\/a><\/h4><\/div><\/div>\n<div class=\"col-md-12 col-sm-12 col-xs-12 pt-cv-content-item pt-cv-1-col\" ><div class='pt-cv-ifield'><h4 class=\"pt-cv-title\"><a href=\"https:\/\/www.tvnovelas.com.br\/tvnews\/coracao-de-mae-reha-sai-para-jantar-com-selvi\/\" class=\"_self\" target=\"_self\" >Cora\u00e7\u00e3o de M\u00e3e: Reha sai para jantar com Selvi<\/a><\/h4><\/div><\/div>\n<div class=\"col-md-12 col-sm-12 col-xs-12 pt-cv-content-item pt-cv-1-col\" ><div class='pt-cv-ifield'><h4 class=\"pt-cv-title\"><a href=\"https:\/\/www.tvnovelas.com.br\/tvnews\/coracao-acelerado-zila-se-preocupa-com-sua-situacao-apos-separacao\/\" class=\"_self\" target=\"_self\" >Cora\u00e7\u00e3o Acelerado: Zil\u00e1 se preocupa com sua situa\u00e7\u00e3o ap\u00f3s separa\u00e7\u00e3o<\/a><\/h4><\/div><\/div><\/div><\/div><\/div>\r\n<a href=\"https:\/\/www.tvnovelas.com.br\/novelas\/\"><strong>Confira os resumos da semana de todas novelas<\/strong><\/a>\r\n<h3>Confira tamb\u00e9m<\/h3>\r\n<a href=\"https:\/\/www.tvnovelas.com.br\/filmes\/\" target=\"_blank\" rel=\"noopener noreferrer\"><strong>Programa\u00e7\u00e3o de filmes na TV aberta<\/strong><\/a>\r\n<a href=\"https:\/\/caetenews.com.br\/semana\/filmes-da-globo-na-sessao-da-tarde-desta-semana\/\" target=\"_blank\" rel=\"noopener\"><strong>Confira os filmes da semana na Sess\u00e3o da Tarde<\/strong><\/a>\r\n<a href=\"https:\/\/www.tvnovelas.com.br\/novelas\/\" target=\"_blank\" rel=\"noopener noreferrer\"><strong>Resumos de novelas<\/strong><\/a>\n","protected":false},"excerpt":{"rendered":"<p>Elas por Elas: S\u00e9rgio entrega Helena.. Pela primeira vez na vida, S\u00e9rgio (Marcos Caruso) n\u00e3o ficar\u00e1 ao lado de Helena (Isabel Teixeira), e n\u00e3o \u00e9 por conta&#8230;<\/p>\n","protected":false},"author":1,"featured_media":64950,"comment_status":"closed","ping_status":"closed","sticky":false,"template":"","format":"standard","meta":{"_uf_show_specific_survey":0,"_uf_disable_surveys":false,"_jetpack_memberships_contains_paid_content":false,"footnotes":"","_wp_rev_ctl_limit":""},"categories":[401],"tags":[402,5,64],"class_list":["post-64949","post","type-post","status-publish","format-standard","has-post-thumbnail","hentry","category-elas-por-elas","tag-elas-por-elas","tag-globo","tag-novelas","wpcat-401-id"],"aioseo_notices":[],"jetpack_featured_media_url":"https:\/\/i0.wp.com\/www.tvnovelas.com.br\/tvnews\/wp-content\/uploads\/2024\/04\/39244.jpg?fit=728%2C410&ssl=1","jetpack_shortlink":"https:\/\/wp.me\/pdP2BO-gTz","jetpack_sharing_enabled":true,"_links":{"self":[{"href":"https:\/\/www.tvnovelas.com.br\/tvnews\/wp-json\/wp\/v2\/posts\/64949","targetHints":{"allow":["GET"]}}],"collection":[{"href":"https:\/\/www.tvnovelas.com.br\/tvnews\/wp-json\/wp\/v2\/posts"}],"about":[{"href":"https:\/\/www.tvnovelas.com.br\/tvnews\/wp-json\/wp\/v2\/types\/post"}],"author":[{"embeddable":true,"href":"https:\/\/www.tvnovelas.com.br\/tvnews\/wp-json\/wp\/v2\/users\/1"}],"replies":[{"embeddable":true,"href":"https:\/\/www.tvnovelas.com.br\/tvnews\/wp-json\/wp\/v2\/comments?post=64949"}],"version-history":[{"count":1,"href":"https:\/\/www.tvnovelas.com.br\/tvnews\/wp-json\/wp\/v2\/posts\/64949\/revisions"}],"predecessor-version":[{"id":64951,"href":"https:\/\/www.tvnovelas.com.br\/tvnews\/wp-json\/wp\/v2\/posts\/64949\/revisions\/64951"}],"wp:featuredmedia":[{"embeddable":true,"href":"https:\/\/www.tvnovelas.com.br\/tvnews\/wp-json\/wp\/v2\/media\/64950"}],"wp:attachment":[{"href":"https:\/\/www.tvnovelas.com.br\/tvnews\/wp-json\/wp\/v2\/media?parent=64949"}],"wp:term":[{"taxonomy":"category","embeddable":true,"href":"https:\/\/www.tvnovelas.com.br\/tvnews\/wp-json\/wp\/v2\/categories?post=64949"},{"taxonomy":"post_tag","embeddable":true,"href":"https:\/\/www.tvnovelas.com.br\/tvnews\/wp-json\/wp\/v2\/tags?post=64949"}],"curies":[{"name":"wp","href":"https:\/\/api.w.org\/{rel}","templated":true}]}}