{"id":64980,"date":"2024-04-13T14:27:46","date_gmt":"2024-04-13T17:27:46","guid":{"rendered":"https:\/\/www.tvnovelas.com.br\/tvnews\/?p=64980"},"modified":"2024-04-13T14:27:46","modified_gmt":"2024-04-13T17:27:46","slug":"o-que-acontece-em-renascer-na-semana-15-a-20-de-abril","status":"publish","type":"post","link":"https:\/\/www.tvnovelas.com.br\/tvnews\/o-que-acontece-em-renascer-na-semana-15-a-20-de-abril\/","title":{"rendered":"O que acontece em Renascer na semana 15 a 20 de abril"},"content":{"rendered":"<p><em>Resumos de Renascer na semana 15 a 20 de abril<\/em><br \/>\n<figure id=\"attachment_64981\" aria-describedby=\"caption-attachment-64981\" style=\"width: 728px\" class=\"wp-caption alignnone\"><img data-recalc-dims=\"1\" decoding=\"async\" class=\"wp-image-64981 size-full\" title=\"(Foto: TV Globo\/Renascer)\" src=\"https:\/\/i0.wp.com\/www.tvnovelas.com.br\/tvnews\/wp-content\/uploads\/2024\/04\/39254b.jpg?resize=728%2C410&#038;ssl=1\" alt=\"Foto em Resumos de Renascer na semana 15 a 20 de abril\" width=\"728\" height=\"410\" srcset=\"https:\/\/i0.wp.com\/www.tvnovelas.com.br\/tvnews\/wp-content\/uploads\/2024\/04\/39254b.jpg?w=728&amp;ssl=1 728w, https:\/\/i0.wp.com\/www.tvnovelas.com.br\/tvnews\/wp-content\/uploads\/2024\/04\/39254b.jpg?resize=678%2C381&amp;ssl=1 678w\" sizes=\"(max-width: 728px) 100vw, 728px\" \/><figcaption id=\"caption-attachment-64981\" class=\"wp-caption-text\">Resumos de Renascer na semana 15 a 20&#8230;<\/figcaption><\/figure><\/p>\n<blockquote><p>Em Renascer na semana, Mariana tenta agradar Jos\u00e9 Inoc\u00eancio vestindo a manta de Maria Santa; Sandra convida Dona Patroa para morar com ela; Sandra, Jo\u00e3o Pedro e Augusto enfrentam Eg\u00eddio; Eg\u00eddio planeja atentado contra a fam\u00edlia de Jos\u00e9 Inoc\u00eancio&#8230;<\/p><\/blockquote>\n<p><strong>Resumo de segunda-feira, 15 de abril<\/strong><br \/>\nJos\u00e9 Inoc\u00eancio estranha as atitudes de Mariana. Joana agradece a Dona Patroa pelo tratamento com sua fam\u00edlia. Jos\u00e9 Inoc\u00eancio rejeita Mariana ao v\u00ea-la vestida com a camisola de Maria Santa. Norberto se surpreende com a volta de Sandra para o vilarejo. Lu elogia o novo visual de Zinha. Rachid comunica a Sandra que agora ele \u00e9 o dono da casa que era de Jacutinga e a convida para abrirem um neg\u00f3cio juntos. Norberto fica apreensivo com a decis\u00e3o de Sandra, que intenciona retomar as atividades da casa de Jacutinga. Eliana procura Dami\u00e3o e reclama que ele a est\u00e1 evitando. Mariana coloca a manta de Maria Santa e diz a Jos\u00e9 Inoc\u00eancio que \u00e9 a ex-mulher.<\/p>\n<p><strong>Resumo de ter\u00e7a-feira, 16 de abril<\/strong><br \/>\nJos\u00e9 Inoc\u00eancio diz a Mariana que quer conviver com a mulher do jeito como a conheceu. Joana amea\u00e7a Eg\u00eddio e acaba contando ao coronel que Sandra est\u00e1 na casa que era de Jacutinga. Jos\u00e9 Inoc\u00eancio confidencia a Augusto que se preocupa com a seguran\u00e7a de Norberto e Rachid depois que eles se juntaram a Sandra na abertura da casa. Jo\u00e3o Pedro questiona Sandra sobre a real inten\u00e7\u00e3o com o novo neg\u00f3cio. Morena se comove ao contar para Lu sobre a vida na casa de Jacutinga. Rachid resolve morar na casa com Sandra, mas n\u00e3o esconde sua preocupa\u00e7\u00e3o. Sandra rev\u00ea Dona Patroa.<br \/>\n<figure id=\"attachment_64982\" aria-describedby=\"caption-attachment-64982\" style=\"width: 728px\" class=\"wp-caption alignnone\"><img data-recalc-dims=\"1\" decoding=\"async\" src=\"https:\/\/i0.wp.com\/www.tvnovelas.com.br\/tvnews\/wp-content\/uploads\/2024\/04\/39254a.jpg?resize=728%2C410&#038;ssl=1\" alt=\"Foto em O que acontece em Renascer na semana\" width=\"728\" height=\"410\" class=\"size-full wp-image-64982\" srcset=\"https:\/\/i0.wp.com\/www.tvnovelas.com.br\/tvnews\/wp-content\/uploads\/2024\/04\/39254a.jpg?w=728&amp;ssl=1 728w, https:\/\/i0.wp.com\/www.tvnovelas.com.br\/tvnews\/wp-content\/uploads\/2024\/04\/39254a.jpg?resize=678%2C381&amp;ssl=1 678w\" sizes=\"(max-width: 728px) 100vw, 728px\" \/><figcaption id=\"caption-attachment-64982\" class=\"wp-caption-text\">O que acontece em Renascer na semana<\/figcaption><\/figure><\/p>\n<p><strong>Resumo de quarta-feira, 17 de abril<\/strong><br \/>\nDona Patroa implora para Sandra n\u00e3o afrontar o pai e retornar a Salvador. Buba diz a Ven\u00e2ncio que ele precisa aceit\u00e1-la para que os dois consigam levar o relacionamento adiante. Dona Patroa fica incr\u00e9dula quando Sandra lhe convida para morar com ela. Ven\u00e2ncio pede a Buba que espere a crian\u00e7a de Teca nascer para contar a verdade a Jos\u00e9 Inoc\u00eancio. Jos\u00e9 Inoc\u00eancio deduz que Eliana est\u00e1 tendo um caso com Dami\u00e3o. Eliana faz suposi\u00e7\u00f5es sobre a gravidez de Buba para Jos\u00e9 Inoc\u00eancio, que decide viajar para o Rio de Janeiro para uma visita ao casal. Ven\u00e2ncio sugere que Buba use uma barriga falsa. Jo\u00e3o Pedro se sente culpado por Sandra ter rompido com a fam\u00edlia. Eg\u00eddio aparece na casa de Sandra e confronta a filha na frente de Jo\u00e3o Pedro e Augusto.<\/p>\n<p><strong>Resumo de quinta-feira, 18 de abril<\/strong><br \/>\nSandra, Jo\u00e3o Pedro e Augusto enfrentam Eg\u00eddio. Jos\u00e9 Inoc\u00eancio celebra a gravidez de Buba. In\u00e1cia critica a atitude de Jo\u00e3o Pedro e Augusto por terem amea\u00e7ado Eg\u00eddio. Jos\u00e9 Inoc\u00eancio orienta Ven\u00e2ncio em como agir com Eliana, e conta que a ex-mulher do filho estava tendo um caso com Dami\u00e3o. Eliana revela a Kika que est\u00e1 apaixonada por Dami\u00e3o. Buba se sente mal por usar a falsa barriga e por mentir para Jos\u00e9 Inoc\u00eancio. Jos\u00e9 Inoc\u00eancio pede a Ven\u00e2ncio que confisque o apartamento de Eliana. Jo\u00e3o Pedro conta a Deocleciano que mandou Dami\u00e3o conter Eg\u00eddio caso o coronel amea\u00e7asse Sandra. Dami\u00e3o aparece no momento em que Eg\u00eddio est\u00e1 na casa de Sandra e o amea\u00e7a.<br \/>\n<figure id=\"attachment_64983\" aria-describedby=\"caption-attachment-64983\" style=\"width: 728px\" class=\"wp-caption alignnone\"><img data-recalc-dims=\"1\" decoding=\"async\" src=\"https:\/\/i0.wp.com\/www.tvnovelas.com.br\/tvnews\/wp-content\/uploads\/2024\/04\/39254.jpg?resize=728%2C410&#038;ssl=1\" alt=\"Foto em O que acontece em Renascer na semana\" width=\"728\" height=\"410\" class=\"size-full wp-image-64983\" srcset=\"https:\/\/i0.wp.com\/www.tvnovelas.com.br\/tvnews\/wp-content\/uploads\/2024\/04\/39254.jpg?w=728&amp;ssl=1 728w, https:\/\/i0.wp.com\/www.tvnovelas.com.br\/tvnews\/wp-content\/uploads\/2024\/04\/39254.jpg?resize=678%2C381&amp;ssl=1 678w\" sizes=\"(max-width: 728px) 100vw, 728px\" \/><figcaption id=\"caption-attachment-64983\" class=\"wp-caption-text\">O que acontece em Renascer na semana<\/figcaption><\/figure><\/p>\n<p><strong>Resumo de sexta-feira, 19 de abril<\/strong><br \/>\nBuba e Ven\u00e2ncio discutem sobre a farsa da gravidez. Eg\u00eddio pensa em tomar provid\u00eancias, ao saber por Mar\u00e7al que Augusto esteve com Pastor L\u00edvio no acampamento dos trabalhadores assentados. Lu diz a Jo\u00e3o Pedro que tem medo de que ele seja v\u00edtima de uma tocaia. Buba deixa claro para Jos\u00e9 Ven\u00e2ncio que n\u00e3o quer mais enganar ningu\u00e9m, e amea\u00e7a se separar do publicit\u00e1rio. Jos\u00e9 Inoc\u00eancio externa sua preocupa\u00e7\u00e3o a Rachid com a rea\u00e7\u00e3o que Eg\u00eddio \u00e0 reabertura da casa de Jacutinga. Buba garante a Teca que, mesmo n\u00e3o assumindo a crian\u00e7a, dar\u00e1 todo suporte a ela. Ven\u00e2ncio contraria Buba e avisa que levar\u00e1 o filho de Teca para Jos\u00e9 Inoc\u00eancio.<\/p>\n<p><strong>Resumo de s\u00e1bado, 20 de abril<\/strong><br \/>\nDona Patroa conversa sobre seus problemas com Pastor L\u00edvio. Teca diz a Buba que n\u00e3o sabe como, mas j\u00e1 conhecia Jos\u00e9 Inoc\u00eancio antes de ver o quadro com o seu retrato. Jos\u00e9 Inoc\u00eancio fica sabendo que Rachid foi casado com Marianinha, irm\u00e3 mais velha de Maria Santa. Buba expulsa Ven\u00e2ncio de casa e exige que ele conte a verdade para Jos\u00e9 Inoc\u00eancio. Ven\u00e2ncio manda que Eliana deixe seu apartamento. Joana avisa a Ti\u00e3o que n\u00e3o quer mais a galinha dentro de casa. Rachid se nega a entregar a Jos\u00e9 Inoc\u00eancio a carta escrita por Marianinha para Maria Santa. Buba conta a Ven\u00e2ncio que Teca fugiu. Eg\u00eddio planeja agir contra a fam\u00edlia de Jos\u00e9 Inoc\u00eancio.<\/p>\n<h3>Coment\u00e1rios em O que acontece em Renascer na semana<\/h3>\n<div class=\"fb-comments\" data-width=\"100%\" data-order-by=\"reverse_time\" data-numposts=\"5\"><\/div>\n<p><!--END POST--><br \/>\n<a href=\"https:\/\/https:\/\/tvnovelas.com.br\/novelas\/resumos-de-renascer\/\" target=\"_blank\" rel=\"noopener\">Confira os resumos da semana de 'Renascer'<\/a><\/br>\r\n<p><strong style=\"font-size: 120%;\">\u00daltimas not\u00edcias de Renascer:<\/strong><\/p>\r\n<div class=\"pt-cv-wrapper\"><div class=\"pt-cv-view pt-cv-grid pt-cv-colsys\" id=\"pt-cv-view-76e11f7eis\"><div data-id=\"pt-cv-page-1\" class=\"pt-cv-page\" data-cvc=\"1\"><div class=\"col-md-12 col-sm-12 col-xs-12 pt-cv-content-item pt-cv-1-col\" ><div class='pt-cv-ifield'><h4 class=\"pt-cv-title\"><a href=\"https:\/\/www.tvnovelas.com.br\/tvnews\/renascer-jose-inocencio-agoniza-antes-de-morrer\/\" class=\"_blank\" target=\"_blank\" >Renascer: Jos\u00e9 Inoc\u00eancio agoniza antes de morrer<\/a><\/h4><\/div><\/div>\n<div class=\"col-md-12 col-sm-12 col-xs-12 pt-cv-content-item pt-cv-1-col\" ><div class='pt-cv-ifield'><h4 class=\"pt-cv-title\"><a href=\"https:\/\/www.tvnovelas.com.br\/tvnews\/renascer-seducao-e-vinganca-a-morte-de-egidio\/\" class=\"_blank\" target=\"_blank\" >Renascer: Sedu\u00e7\u00e3o e vingan\u00e7a. A morte de Eg\u00eddio<\/a><\/h4><\/div><\/div>\n<div class=\"col-md-12 col-sm-12 col-xs-12 pt-cv-content-item pt-cv-1-col\" ><div class='pt-cv-ifield'><h4 class=\"pt-cv-title\"><a href=\"https:\/\/www.tvnovelas.com.br\/tvnews\/renascer-mariana-se-comove-ao-ver-jose-inocencio-na-cadeira-de-rodas\/\" class=\"_blank\" target=\"_blank\" >Renascer: Mariana se comove ao ver Jos\u00e9 Inoc\u00eancio na cadeira de rodas<\/a><\/h4><\/div><\/div>\n<div class=\"col-md-12 col-sm-12 col-xs-12 pt-cv-content-item pt-cv-1-col\" ><div class='pt-cv-ifield'><h4 class=\"pt-cv-title\"><a href=\"https:\/\/www.tvnovelas.com.br\/tvnews\/renascer-inocencio-promete-que-vai-sair-da-cadeira-e-se-vingar\/\" class=\"_blank\" target=\"_blank\" >Renascer: Inoc\u00eancio promete que vai sair da cadeira e se vingar<\/a><\/h4><\/div><\/div>\n<div class=\"col-md-12 col-sm-12 col-xs-12 pt-cv-content-item pt-cv-1-col\" ><div class='pt-cv-ifield'><h4 class=\"pt-cv-title\"><a href=\"https:\/\/www.tvnovelas.com.br\/tvnews\/renascer-inocencio-dispensa-visita-de-aurora\/\" class=\"_blank\" target=\"_blank\" >Renascer: Inoc\u00eancio dispensa visita de Aurora<\/a><\/h4><\/div><\/div>\n<div class=\"col-md-12 col-sm-12 col-xs-12 pt-cv-content-item pt-cv-1-col\" ><div class='pt-cv-ifield'><h4 class=\"pt-cv-title\"><a href=\"https:\/\/www.tvnovelas.com.br\/tvnews\/renascer-eliana-comeca-a-suspeitar-de-egidio\/\" class=\"_blank\" target=\"_blank\" >Renascer: Eliana come\u00e7a a suspeitar de Eg\u00eddio<\/a><\/h4><\/div><\/div>\n<div class=\"col-md-12 col-sm-12 col-xs-12 pt-cv-content-item pt-cv-1-col\" ><div class='pt-cv-ifield'><h4 class=\"pt-cv-title\"><a href=\"https:\/\/www.tvnovelas.com.br\/tvnews\/renascer-inocencio-leva-varios-tiros-a-queima-roupa\/\" class=\"_blank\" target=\"_blank\" >Renascer: Inoc\u00eancio leva v\u00e1rios tiros \u00e0 queima roupa<\/a><\/h4><\/div><\/div>\n<div class=\"col-md-12 col-sm-12 col-xs-12 pt-cv-content-item pt-cv-1-col\" ><div class='pt-cv-ifield'><h4 class=\"pt-cv-title\"><a href=\"https:\/\/www.tvnovelas.com.br\/tvnews\/renascer-teca-em-transe-e-tem-encontro-espiritual-com-quiteria\/\" class=\"_blank\" target=\"_blank\" >Renascer: Teca em transe e tem encontro espiritual com Quit\u00e9ria<\/a><\/h4><\/div><\/div>\n<div class=\"col-md-12 col-sm-12 col-xs-12 pt-cv-content-item pt-cv-1-col\" ><div class='pt-cv-ifield'><h4 class=\"pt-cv-title\"><a href=\"https:\/\/www.tvnovelas.com.br\/tvnews\/renascer-ze-inocencio-desvenda-misterio-da-carta-da-marianinha\/\" class=\"_blank\" target=\"_blank\" >Renascer: Z\u00e9 Inoc\u00eancio desvenda mist\u00e9rio da carta da Marianinha<\/a><\/h4><\/div><\/div>\n<div class=\"col-md-12 col-sm-12 col-xs-12 pt-cv-content-item pt-cv-1-col\" ><div class='pt-cv-ifield'><h4 class=\"pt-cv-title\"><a href=\"https:\/\/www.tvnovelas.com.br\/tvnews\/renascer-eliana-e-egidio-se-casam\/\" class=\"_blank\" target=\"_blank\" >Renascer: Eliana e Eg\u00eddio se casam<\/a><\/h4><\/div><\/div><\/div><\/div><\/div>\r\n<p><strong style=\"font-size: 120%;\">\u00daltimas not\u00edcias deste site:<\/strong><\/p>\r\n<div class=\"pt-cv-wrapper\"><div class=\"pt-cv-view pt-cv-grid pt-cv-colsys\" id=\"pt-cv-view-90991035b3\"><div data-id=\"pt-cv-page-1\" class=\"pt-cv-page\" data-cvc=\"1\"><div class=\"col-md-12 col-sm-12 col-xs-12 pt-cv-content-item pt-cv-1-col\" ><div class='pt-cv-ifield'><h4 class=\"pt-cv-title\"><a href=\"https:\/\/www.tvnovelas.com.br\/tvnews\/em-a-nobreza-do-amor-na-semana-04-a-09-de-maio\/\" class=\"_self\" target=\"_self\" >Em A Nobreza do Amor na semana 04 a 09 de maio<\/a><\/h4><\/div><\/div>\n<div class=\"col-md-12 col-sm-12 col-xs-12 pt-cv-content-item pt-cv-1-col\" ><div class='pt-cv-ifield'><h4 class=\"pt-cv-title\"><a href=\"https:\/\/www.tvnovelas.com.br\/tvnews\/o-que-acontece-em-tres-gracas-na-semana-04-a-09-de-maio\/\" class=\"_self\" target=\"_self\" >O que acontece em Tr\u00eas Gra\u00e7as na semana 04 a 09 de maio<\/a><\/h4><\/div><\/div>\n<div class=\"col-md-12 col-sm-12 col-xs-12 pt-cv-content-item pt-cv-1-col\" ><div class='pt-cv-ifield'><h4 class=\"pt-cv-title\"><a href=\"https:\/\/www.tvnovelas.com.br\/tvnews\/coracao-de-mae-reha-entra-em-panico-com-a-prisao-de-adnan\/\" class=\"_self\" target=\"_self\" >Cora\u00e7\u00e3o de M\u00e3e: Reha entra em p\u00e2nico com a pris\u00e3o de Adnan<\/a><\/h4><\/div><\/div>\n<div class=\"col-md-12 col-sm-12 col-xs-12 pt-cv-content-item pt-cv-1-col\" ><div class='pt-cv-ifield'><h4 class=\"pt-cv-title\"><a href=\"https:\/\/www.tvnovelas.com.br\/tvnews\/guerra-das-rosas-mert-sequestra-gulru\/\" class=\"_self\" target=\"_self\" >Guerra das Rosas: Mert sequestra Gulru<\/a><\/h4><\/div><\/div>\n<div class=\"col-md-12 col-sm-12 col-xs-12 pt-cv-content-item pt-cv-1-col\" ><div class='pt-cv-ifield'><h4 class=\"pt-cv-title\"><a href=\"https:\/\/www.tvnovelas.com.br\/tvnews\/a-nobreza-do-amor-resistencia-sequestra-noivo-de-kenia-e-o-despacha-de-batanga\/\" class=\"_self\" target=\"_self\" >A Nobreza do Amor: Resist\u00eancia sequestra noivo de K\u00eania e o despacha de Batanga<\/a><\/h4><\/div><\/div>\n<div class=\"col-md-12 col-sm-12 col-xs-12 pt-cv-content-item pt-cv-1-col\" ><div class='pt-cv-ifield'><h4 class=\"pt-cv-title\"><a href=\"https:\/\/www.tvnovelas.com.br\/tvnews\/tres-gracas-joelly-e-gerluce-descobrem-que-filha-de-lena-e-a-bebe-roubada\/\" class=\"_self\" target=\"_self\" >Tr\u00eas Gra\u00e7as: Jo\u00e9lly e Gerluce descobrem que filha de Lena \u00e9 a beb\u00ea roubada<\/a><\/h4><\/div><\/div>\n<div class=\"col-md-12 col-sm-12 col-xs-12 pt-cv-content-item pt-cv-1-col\" ><div class='pt-cv-ifield'><h4 class=\"pt-cv-title\"><a href=\"https:\/\/www.tvnovelas.com.br\/tvnews\/em-coracao-de-mae-nos-proximos-capitulos-04-a-08-5\/\" class=\"_self\" target=\"_self\" >Em Cora\u00e7\u00e3o de M\u00e3e nos pr\u00f3ximos cap\u00edtulos (04 a 08\/5)<\/a><\/h4><\/div><\/div>\n<div class=\"col-md-12 col-sm-12 col-xs-12 pt-cv-content-item pt-cv-1-col\" ><div class='pt-cv-ifield'><h4 class=\"pt-cv-title\"><a href=\"https:\/\/www.tvnovelas.com.br\/tvnews\/coracao-de-mae-hasan-e-filiz-em-piquenique-romantico\/\" class=\"_self\" target=\"_self\" >Cora\u00e7\u00e3o de M\u00e3e: Hasan e Filiz em piquenique rom\u00e2ntico<\/a><\/h4><\/div><\/div>\n<div class=\"col-md-12 col-sm-12 col-xs-12 pt-cv-content-item pt-cv-1-col\" ><div class='pt-cv-ifield'><h4 class=\"pt-cv-title\"><a href=\"https:\/\/www.tvnovelas.com.br\/tvnews\/guerra-das-rosas-cihan-vibra-com-desistencia-de-gulru-de-casar-com-mert\/\" class=\"_self\" target=\"_self\" >Guerra das Rosas: Cihan vibra com desist\u00eancia de Gulru de casar com Mert<\/a><\/h4><\/div><\/div>\n<div class=\"col-md-12 col-sm-12 col-xs-12 pt-cv-content-item pt-cv-1-col\" ><div class='pt-cv-ifield'><h4 class=\"pt-cv-title\"><a href=\"https:\/\/www.tvnovelas.com.br\/tvnews\/coracao-de-mae-irmak-denuncia-adnan\/\" class=\"_self\" target=\"_self\" >Cora\u00e7\u00e3o de M\u00e3e: Irmak denuncia Adnan<\/a><\/h4><\/div><\/div><\/div><\/div><\/div>\r\n<a href=\"https:\/\/www.tvnovelas.com.br\/novelas\/\"><strong>Confira os resumos da semana de todas novelas<\/strong><\/a>\r\n<h3>Confira tamb\u00e9m<\/h3>\r\n<a href=\"https:\/\/www.tvnovelas.com.br\/filmes\/\" target=\"_blank\" rel=\"noopener noreferrer\"><strong>Programa\u00e7\u00e3o de filmes na TV aberta<\/strong><\/a><\/br>\r\n<a href=\"https:\/\/caetenews.com.br\/semana\/filmes-da-globo-na-sessao-da-tarde-desta-semana\/\" target=\"_blank\" rel=\"noopener\"><strong>Confira os filmes da semana na Sess\u00e3o da Tarde<\/strong><\/a><\/br>\r\n<a href=\"https:\/\/www.tvnovelas.com.br\/novelas\/\" target=\"_blank\" rel=\"noopener noreferrer\"><strong>Resumos de novelas<\/strong><\/a><br>\r\n<a href=\"https:\/\/www.tvnovelas.com.br\/news\/mundo\/\" target=\"_blank\" rel=\"noopener noreferrer\"><strong>News - Turismo, Lazer, Cultura<\/strong><\/a><br \/>\n<a href=\"https:\/\/pt.wikipedia.org\/wiki\/Renascer\" target=\"_blank\" rel=\"noopener\">Sobre Renascer, na Wikipedia<\/a><br \/>\n<a href=\"https:\/\/tvnovelas.com.br\/filmes\/filmes-na-tv-segunda\/\" target=\"_blank\" rel=\"noopener\">Confira a programa\u00e7\u00e3o de filmes na TV aberta<\/a><br \/>\n<a href=\"https:\/\/www.facebook.com\/tevenovelas\/\" target=\"_blank\" rel=\"noopener\">As \u00faltimas not\u00edcias do TV Novelas no Facebook<\/a><br \/>\n<a href=\"https:\/\/www.tvnovelas.com.br\/tvnews\/\" rel=\"noopener\" target=\"_blank\">\u00daltimas not\u00edcias das novelas<\/a><\/p>\n","protected":false},"excerpt":{"rendered":"<p>Resumos de Renascer na semana&#8230; Mariana tenta agradar Jos\u00e9 Inoc\u00eancio vestindo a manta de Maria Santa; Sandra convida Dona Patroa para morar com ela; Sandra, Jo\u00e3o Pedro e Augusto enfrentam Eg\u00eddio; Eg\u00eddio planeja atentado contra a fam\u00edlia de Jos\u00e9 Inoc\u00eancio&#8230;<\/p>\n","protected":false},"author":1,"featured_media":64981,"comment_status":"closed","ping_status":"closed","sticky":false,"template":"","format":"standard","meta":{"_uf_show_specific_survey":0,"_uf_disable_surveys":false,"_jetpack_memberships_contains_paid_content":false,"footnotes":"","_wp_rev_ctl_limit":""},"categories":[574],"tags":[5,64,285],"class_list":["post-64980","post","type-post","status-publish","format-standard","has-post-thumbnail","hentry","category-renascer","tag-globo","tag-novelas","tag-renascer","wpcat-574-id"],"aioseo_notices":[],"jetpack_featured_media_url":"https:\/\/i0.wp.com\/www.tvnovelas.com.br\/tvnews\/wp-content\/uploads\/2024\/04\/39254b.jpg?fit=728%2C410&ssl=1","jetpack_shortlink":"https:\/\/wp.me\/pdP2BO-gU4","jetpack_sharing_enabled":true,"_links":{"self":[{"href":"https:\/\/www.tvnovelas.com.br\/tvnews\/wp-json\/wp\/v2\/posts\/64980","targetHints":{"allow":["GET"]}}],"collection":[{"href":"https:\/\/www.tvnovelas.com.br\/tvnews\/wp-json\/wp\/v2\/posts"}],"about":[{"href":"https:\/\/www.tvnovelas.com.br\/tvnews\/wp-json\/wp\/v2\/types\/post"}],"author":[{"embeddable":true,"href":"https:\/\/www.tvnovelas.com.br\/tvnews\/wp-json\/wp\/v2\/users\/1"}],"replies":[{"embeddable":true,"href":"https:\/\/www.tvnovelas.com.br\/tvnews\/wp-json\/wp\/v2\/comments?post=64980"}],"version-history":[{"count":1,"href":"https:\/\/www.tvnovelas.com.br\/tvnews\/wp-json\/wp\/v2\/posts\/64980\/revisions"}],"predecessor-version":[{"id":64984,"href":"https:\/\/www.tvnovelas.com.br\/tvnews\/wp-json\/wp\/v2\/posts\/64980\/revisions\/64984"}],"wp:featuredmedia":[{"embeddable":true,"href":"https:\/\/www.tvnovelas.com.br\/tvnews\/wp-json\/wp\/v2\/media\/64981"}],"wp:attachment":[{"href":"https:\/\/www.tvnovelas.com.br\/tvnews\/wp-json\/wp\/v2\/media?parent=64980"}],"wp:term":[{"taxonomy":"category","embeddable":true,"href":"https:\/\/www.tvnovelas.com.br\/tvnews\/wp-json\/wp\/v2\/categories?post=64980"},{"taxonomy":"post_tag","embeddable":true,"href":"https:\/\/www.tvnovelas.com.br\/tvnews\/wp-json\/wp\/v2\/tags?post=64980"}],"curies":[{"name":"wp","href":"https:\/\/api.w.org\/{rel}","templated":true}]}}