{"id":64985,"date":"2024-04-13T15:28:45","date_gmt":"2024-04-13T18:28:45","guid":{"rendered":"https:\/\/www.tvnovelas.com.br\/tvnews\/?p=64985"},"modified":"2024-04-13T15:28:45","modified_gmt":"2024-04-13T18:28:45","slug":"paraiso-tropical-resumos-da-semana-com-a-morte-de-tais","status":"publish","type":"post","link":"https:\/\/www.tvnovelas.com.br\/tvnews\/paraiso-tropical-resumos-da-semana-com-a-morte-de-tais\/","title":{"rendered":"Para\u00edso Tropical: Resumos da semana com a morte de Ta\u00eds"},"content":{"rendered":"<p><em>Para\u00edso Tropical: Resumos da semana com a morte de Ta\u00eds<\/em><br \/>\n<figure id=\"attachment_64987\" aria-describedby=\"caption-attachment-64987\" style=\"width: 728px\" class=\"wp-caption alignnone\"><img data-recalc-dims=\"1\" decoding=\"async\" class=\"wp-image-64987 size-full\" title=\"(Foto: Reprodu\u00e7\u00e3o\/TV Globo\/Para\u00edso Tropical)\" src=\"https:\/\/i0.wp.com\/www.tvnovelas.com.br\/tvnews\/wp-content\/uploads\/2024\/04\/39256.jpg?resize=728%2C410&#038;ssl=1\" alt=\"Foto em Para\u00edso Tropical: Resumos da seman com a morte de Ta\u00eds\" width=\"728\" height=\"410\" srcset=\"https:\/\/i0.wp.com\/www.tvnovelas.com.br\/tvnews\/wp-content\/uploads\/2024\/04\/39256.jpg?w=728&amp;ssl=1 728w, https:\/\/i0.wp.com\/www.tvnovelas.com.br\/tvnews\/wp-content\/uploads\/2024\/04\/39256.jpg?resize=678%2C381&amp;ssl=1 678w\" sizes=\"(max-width: 728px) 100vw, 728px\" \/><figcaption id=\"caption-attachment-64987\" class=\"wp-caption-text\">Para\u00edso Tropical: Resumos da seman com a morte de Ta\u00eds<\/figcaption><\/figure><\/p>\n<blockquote><p>Ta\u00eds \u00e9 assassinada; Antenor e Lucia conversam com Paula e Daniel sobre a suspeita de assassinato de Ta\u00eds; Olavo pressiona Marion para saber o paradeiro de Ivan&#8230;<\/p><\/blockquote>\n<p>No cap\u00edtulo de Para\u00edso Tropical desta<br \/>\n<strong>Resumo de segunda-feira, 15 de abril<\/strong><br \/>\nAntenor chega ao escrit\u00f3rio de Olavo e o tira de l\u00e1, para que Amyr possa vasculhar o computador. Amyr n\u00e3o encontra nada. Daniel quer pegar o notebook de Olavo na casa dele. Ta\u00eds planeja sequestrar Z\u00e9 Luis pra ficar com o dinheiro de Paula. Antenor desabafa com Lucia sobre seu desejo de ter um filho com ela. Mateus fecha um contrato para seu blog. Cassio o auxilia. Fingindo ser Paula, Ta\u00eds pega Z\u00e9 Luis no albergue. Lucia e Herm\u00ednia procuram Z\u00e9 Luis. Ta\u00eds amea\u00e7a Z\u00e9 Luis e pede resgate a Paula. O menino consegue se desvencilhar e Ta\u00eds foge com Ivan. Olavo pensa em Bebel, com saudades. Antenor se emociona no batizado do filho de Ana Luisa. Os dois lembram do filho. Bebel vai at\u00e9 o hotel falar com Olavo. Bebel vai pedir trabalho para Jader, mas pede que seja um cliente de luxo. Ele ironiza, mas finge que vai ajud\u00e1-la. Vidal segue Ta\u00eds e descobre onde ela est\u00e1 morando. Ele liga para Paula e avisa que a irm\u00e3 est\u00e1 em um hotel na Lapa. Olavo dep\u00f5e na delegacia e diz que n\u00e3o desconfiava de que havia internado a Paula. Paula invade o quarto de Ta\u00eds.<\/p>\n<p><strong>Resumo de ter\u00e7a-feira, 16 de abril<\/strong><br \/>\nPaula briga com Ta\u00eds. Ivan aparece e d\u00e1 uma pancada forte na cabe\u00e7a de Paula, que desmaia. Ta\u00eds e Ivan fogem. A pol\u00edcia invade o esconderijo de Ta\u00eds e encontra Paula desacordada. Marion recebe intima\u00e7\u00e3o para depor. Lucia percebe que Antenor est\u00e1 angustiado e quer saber o porqu\u00ea. Ele esbraveja contra Ta\u00eds. Lucia estranha a rea\u00e7\u00e3o do marido. O celular de Antenor toca e Lucia v\u00ea o nome de Ta\u00eds no visor. Marion conta para Olavo que Ivan e Ta\u00eds s\u00e3o amantes. Lucia pergunta para Antenor como ele conheceu Ta\u00eds.\u00b7 Ivan vende o taxi e conta para Ta\u00eds que deixou o dinheiro da venda no fundo falso do arm\u00e1rio do seu apartamento. Olavo quer o t\u00e1xi de volta e Ivan diz que vendeu.\u00b7 Furioso, Olavo diz que j\u00e1 ficou com Ta\u00eds e os dois t\u00eam uma briga feia. Ivan foge do hotel e passa pela porta de sa\u00edda bem na hora que o carro novo de Olavo est\u00e1 chegando. Ivan, ent\u00e3o, entra no carro e sai. Ivan exige saber se Ta\u00eds transou com Olavo. Ta\u00eds invade o carro de Antenor. Ela exige um milh\u00e3o de d\u00f3lares pelo sil\u00eancio. Olavo pede para Jader dar uma surra em Ivan. Ta\u00eds deixa um recado para Ivan dizendo que o ama e que conseguiu o dinheiro. Ela ainda diz que vai passar na casa da Paula para pegar o passaporte. Ta\u00eds n\u00e3o consegue abrir o cofre, a campainha toca e ela se surpreende.\u00b7 Daniel deixa Paula no supermercado e volta para casa sozinho. Ele encontra Ta\u00eds morta no ch\u00e3o com a casa fedendo a g\u00e1s. Daniel liga para o delegado e avisa que Ta\u00eds se suicidou.\u00b7 Marion chega em casa bem abalada. Antenor volta para casa apressado e guardando uma maleta. Heloisa chora na porta do frigideira. Ivan volta para o esconderijo arrasado. Daniel conta para Paula que Ta\u00eds se matou.<\/p>\n<figure id=\"attachment_64986\" aria-describedby=\"caption-attachment-64986\" style=\"width: 728px\" class=\"wp-caption alignnone\"><img data-recalc-dims=\"1\" decoding=\"async\" class=\"size-full wp-image-64986\" src=\"https:\/\/i0.wp.com\/www.tvnovelas.com.br\/tvnews\/wp-content\/uploads\/2024\/04\/39255.jpg?resize=728%2C410&#038;ssl=1\" alt=\"Foto em Para\u00edso Tropical: Resumos da semana com a morte de Ta\u00eds\" width=\"728\" height=\"410\" srcset=\"https:\/\/i0.wp.com\/www.tvnovelas.com.br\/tvnews\/wp-content\/uploads\/2024\/04\/39255.jpg?w=728&amp;ssl=1 728w, https:\/\/i0.wp.com\/www.tvnovelas.com.br\/tvnews\/wp-content\/uploads\/2024\/04\/39255.jpg?resize=678%2C381&amp;ssl=1 678w\" sizes=\"(max-width: 728px) 100vw, 728px\" \/><figcaption id=\"caption-attachment-64986\" class=\"wp-caption-text\">Para\u00edso Para\u00edso Tropical: Resumos da seman com a morte de Ta\u00eds<\/figcaption><\/figure>\n<p><strong>Resumo de quarta-feira, 17 de abril<\/strong><br \/>\nAna Luisa conta para Nereu que Ta\u00eds se matou. Lucia se surpreende com Antenor deitado no quarto escuro. Lucia conta para ele que Ta\u00eds se matou com g\u00e1s. Herm\u00ednia e Clemente contam para Z\u00e9 Luis que Ta\u00eds se matou. Celeste conta para o delegado que recebeu um telefonema de Paula para sair de casa. Paula afirma que n\u00e3o foi ela. Mais uma vez foi Ta\u00eds se passando por ela. Mateus conta para C\u00e1ssio sobre a morte de Ta\u00eds. Mateus confessa para C\u00e1ssio que quer levar Camila \u00e0 festa da operadora. Fred desabafa com Fernanda sobre estar sentindo saudade de Camila. Fernanda o convence a assistirem um filme juntos. Antenor e Lucia conversam com Paula e Daniel sobre a suspeita de assassinato de Ta\u00eds. Paula avisa a Daniel que quer dar um enterro decente para irm\u00e3. Claudio avisa Marion da morte de Ta\u00eds. Eles ficam mexidos. Olavo sente ao ler a not\u00edcia da morte de Ta\u00eds. Alice n\u00e3o liga. Olavo pressiona Marion para saber o paradeiro de Ivan, que assiste escondido ao enterro de Ta\u00eds. Quando todos saem, Ivan se aproxima do t\u00famulo da amante e chora. Daniel v\u00ea Ivan e fala para Paula avisar ao delegado. Ivan foge, \u00e9 perseguido por Daniel e pelos policiais, mas acaba sendo capturado. Camila conta para m\u00e3e que est\u00e1 com saudades de Fred. Nely convence a filha a telefonar para o marido. Fernanda ouve a mensagem de Camila e apaga. Mateus aparece na casa de Camila e a surpreende.<br \/>\n<!--FIM--><\/p>\n<h3>Coment\u00e1rios em Para\u00edso Tropical: Resumos da semana com a morte de Ta\u00eds<\/h3>\n<div class=\"fb-comments\" data-width=\"100%\" data-order-by=\"reverse_time\" data-numposts=\"5\"><\/div>\n<p><strong style=\"font-size: 120%;\">\u00daltimas not\u00edcias deste canal:<\/strong>\r\n<div class=\"pt-cv-wrapper\"><div class=\"pt-cv-view pt-cv-grid pt-cv-colsys\" id=\"pt-cv-view-90991035b3\"><div data-id=\"pt-cv-page-1\" class=\"pt-cv-page\" data-cvc=\"1\"><div class=\"col-md-12 col-sm-12 col-xs-12 pt-cv-content-item pt-cv-1-col\" ><div class='pt-cv-ifield'><h4 class=\"pt-cv-title\"><a href=\"https:\/\/www.tvnovelas.com.br\/tvnews\/em-coracao-de-mae-nos-proximos-capitulos-04-a-08-5\/\" class=\"_self\" target=\"_self\" >Em Cora\u00e7\u00e3o de M\u00e3e nos pr\u00f3ximos cap\u00edtulos (04 a 08\/5)<\/a><\/h4><\/div><\/div>\n<div class=\"col-md-12 col-sm-12 col-xs-12 pt-cv-content-item pt-cv-1-col\" ><div class='pt-cv-ifield'><h4 class=\"pt-cv-title\"><a href=\"https:\/\/www.tvnovelas.com.br\/tvnews\/coracao-de-mae-hasan-e-filiz-em-piquenique-romantico\/\" class=\"_self\" target=\"_self\" >Cora\u00e7\u00e3o de M\u00e3e: Hasan e Filiz em piquenique rom\u00e2ntico<\/a><\/h4><\/div><\/div>\n<div class=\"col-md-12 col-sm-12 col-xs-12 pt-cv-content-item pt-cv-1-col\" ><div class='pt-cv-ifield'><h4 class=\"pt-cv-title\"><a href=\"https:\/\/www.tvnovelas.com.br\/tvnews\/guerra-das-rosas-cihan-vibra-com-desistencia-de-gulru-de-casar-com-mert\/\" class=\"_self\" target=\"_self\" >Guerra das Rosas: Cihan vibra com desist\u00eancia de Gulru de casar com Mert<\/a><\/h4><\/div><\/div>\n<div class=\"col-md-12 col-sm-12 col-xs-12 pt-cv-content-item pt-cv-1-col\" ><div class='pt-cv-ifield'><h4 class=\"pt-cv-title\"><a href=\"https:\/\/www.tvnovelas.com.br\/tvnews\/coracao-de-mae-irmak-denuncia-adnan\/\" class=\"_self\" target=\"_self\" >Cora\u00e7\u00e3o de M\u00e3e: Irmak denuncia Adnan<\/a><\/h4><\/div><\/div>\n<div class=\"col-md-12 col-sm-12 col-xs-12 pt-cv-content-item pt-cv-1-col\" ><div class='pt-cv-ifield'><h4 class=\"pt-cv-title\"><a href=\"https:\/\/www.tvnovelas.com.br\/tvnews\/a-nobreza-do-amor-mirinho-e-obrigado-a-resgatar-tonho\/\" class=\"_self\" target=\"_self\" >A Nobreza do Amor: Mirinho \u00e9 obrigado a resgatar Tonho<\/a><\/h4><\/div><\/div>\n<div class=\"col-md-12 col-sm-12 col-xs-12 pt-cv-content-item pt-cv-1-col\" ><div class='pt-cv-ifield'><h4 class=\"pt-cv-title\"><a href=\"https:\/\/www.tvnovelas.com.br\/tvnews\/tres-gracas-paulinho-e-afastado-da-policia-por-causa-de-gerluce\/\" class=\"_self\" target=\"_self\" >Tr\u00eas Gra\u00e7as: Paulinho \u00e9 afastado da pol\u00edcia por causa de Gerluce<\/a><\/h4><\/div><\/div>\n<div class=\"col-md-12 col-sm-12 col-xs-12 pt-cv-content-item pt-cv-1-col\" ><div class='pt-cv-ifield'><h4 class=\"pt-cv-title\"><a href=\"https:\/\/www.tvnovelas.com.br\/tvnews\/coracao-de-mae-irmak-inicia-jogo-arriscado-contra-adnan\/\" class=\"_self\" target=\"_self\" >Cora\u00e7\u00e3o de M\u00e3e: Irmak inicia jogo arriscado contra Adnan<\/a><\/h4><\/div><\/div>\n<div class=\"col-md-12 col-sm-12 col-xs-12 pt-cv-content-item pt-cv-1-col\" ><div class='pt-cv-ifield'><h4 class=\"pt-cv-title\"><a href=\"https:\/\/www.tvnovelas.com.br\/tvnews\/guerra-das-rosas-omer-chama-gulru-vestida-de-noiva-para-fugir\/\" class=\"_self\" target=\"_self\" >Guerra das Rosas: Omer chama Gulru vestida de noiva para fugir<\/a><\/h4><\/div><\/div>\n<div class=\"col-md-12 col-sm-12 col-xs-12 pt-cv-content-item pt-cv-1-col\" ><div class='pt-cv-ifield'><h4 class=\"pt-cv-title\"><a href=\"https:\/\/www.tvnovelas.com.br\/tvnews\/coracao-de-mae-reha-sai-para-jantar-com-selvi\/\" class=\"_self\" target=\"_self\" >Cora\u00e7\u00e3o de M\u00e3e: Reha sai para jantar com Selvi<\/a><\/h4><\/div><\/div>\n<div class=\"col-md-12 col-sm-12 col-xs-12 pt-cv-content-item pt-cv-1-col\" ><div class='pt-cv-ifield'><h4 class=\"pt-cv-title\"><a href=\"https:\/\/www.tvnovelas.com.br\/tvnews\/coracao-acelerado-zila-se-preocupa-com-sua-situacao-apos-separacao\/\" class=\"_self\" target=\"_self\" >Cora\u00e7\u00e3o Acelerado: Zil\u00e1 se preocupa com sua situa\u00e7\u00e3o ap\u00f3s separa\u00e7\u00e3o<\/a><\/h4><\/div><\/div><\/div><\/div><\/div>\r\n<a href=\"https:\/\/www.tvnovelas.com.br\/novelas\/\"><strong>Confira os resumos da semana de todas novelas<\/strong><\/a><\/br>\r\n<h3>Confira tamb\u00e9m<\/h3>\r\n<a href=\"https:\/\/www.tvnovelas.com.br\/filmes\/\" target=\"_blank\" rel=\"noopener noreferrer\"><strong>Programa\u00e7\u00e3o de filmes na TV aberta<\/strong><\/a><\/br>\r\n<a href=\"https:\/\/caetenews.com.br\/semana\/filmes-da-globo-na-sessao-da-tarde-desta-semana\/\" target=\"_blank\" rel=\"noopener\"><strong>Confira os filmes da semana na Sess\u00e3o da Tarde<\/strong><\/a><\/br>\r\n<a href=\"https:\/\/www.tvnovelas.com.br\/novelas\/\" target=\"_blank\" rel=\"noopener noreferrer\"><strong>Resumos de novelas<\/strong><\/a><\/br>\r\n<a href=\"https:\/\/tvnovelas.com.br\/news\/mundo\/\" rel=\"noopener\" target=\"_blank\"><strong>News: Turismo, Cultura, Lazer e Entretenimento<\/strong><\/a><br \/>\n<a href=\"https:\/\/pt.wikipedia.org\/wiki\/Para%C3%ADso_Tropical\" target=\"_blank\" rel=\"noopener\">Sobre Para\u00edso Tropical na Wikipedia<\/a><br \/>\n<a href=\"https:\/\/tvnovelas.com.br\/filmes\/filmes-na-tv-segunda\/\" target=\"_blank\" rel=\"noopener\">Confira a programa\u00e7\u00e3o de filmes na TV aberta<\/a><br \/>\n<a href=\"https:\/\/www.facebook.com\/tevenovelas\/\" target=\"_blank\" rel=\"noopener\">Not\u00edcias de TV Novelas no Facebook<\/a><\/p>\n","protected":false},"excerpt":{"rendered":"<p>Para\u00edso Tropical: Resumos da semana&#8230; Ta\u00eds \u00e9 assassinada; Antenor e Lucia conversam com Paula e Daniel sobre a suspeita de assassinato de Ta\u00eds; Olavo&#8230;<\/p>\n","protected":false},"author":1,"featured_media":64987,"comment_status":"closed","ping_status":"closed","sticky":false,"template":"","format":"standard","meta":{"_uf_show_specific_survey":0,"_uf_disable_surveys":false,"_jetpack_memberships_contains_paid_content":false,"footnotes":"","_wp_rev_ctl_limit":""},"categories":[236],"tags":[5,64,407],"class_list":["post-64985","post","type-post","status-publish","format-standard","has-post-thumbnail","hentry","category-globo","tag-globo","tag-novelas","tag-paraiso-tropical","wpcat-236-id"],"aioseo_notices":[],"jetpack_featured_media_url":"https:\/\/i0.wp.com\/www.tvnovelas.com.br\/tvnews\/wp-content\/uploads\/2024\/04\/39256.jpg?fit=728%2C410&ssl=1","jetpack_shortlink":"https:\/\/wp.me\/pdP2BO-gU9","jetpack_sharing_enabled":true,"_links":{"self":[{"href":"https:\/\/www.tvnovelas.com.br\/tvnews\/wp-json\/wp\/v2\/posts\/64985","targetHints":{"allow":["GET"]}}],"collection":[{"href":"https:\/\/www.tvnovelas.com.br\/tvnews\/wp-json\/wp\/v2\/posts"}],"about":[{"href":"https:\/\/www.tvnovelas.com.br\/tvnews\/wp-json\/wp\/v2\/types\/post"}],"author":[{"embeddable":true,"href":"https:\/\/www.tvnovelas.com.br\/tvnews\/wp-json\/wp\/v2\/users\/1"}],"replies":[{"embeddable":true,"href":"https:\/\/www.tvnovelas.com.br\/tvnews\/wp-json\/wp\/v2\/comments?post=64985"}],"version-history":[{"count":1,"href":"https:\/\/www.tvnovelas.com.br\/tvnews\/wp-json\/wp\/v2\/posts\/64985\/revisions"}],"predecessor-version":[{"id":64988,"href":"https:\/\/www.tvnovelas.com.br\/tvnews\/wp-json\/wp\/v2\/posts\/64985\/revisions\/64988"}],"wp:featuredmedia":[{"embeddable":true,"href":"https:\/\/www.tvnovelas.com.br\/tvnews\/wp-json\/wp\/v2\/media\/64987"}],"wp:attachment":[{"href":"https:\/\/www.tvnovelas.com.br\/tvnews\/wp-json\/wp\/v2\/media?parent=64985"}],"wp:term":[{"taxonomy":"category","embeddable":true,"href":"https:\/\/www.tvnovelas.com.br\/tvnews\/wp-json\/wp\/v2\/categories?post=64985"},{"taxonomy":"post_tag","embeddable":true,"href":"https:\/\/www.tvnovelas.com.br\/tvnews\/wp-json\/wp\/v2\/tags?post=64985"}],"curies":[{"name":"wp","href":"https:\/\/api.w.org\/{rel}","templated":true}]}}