{"id":65150,"date":"2024-04-18T09:05:22","date_gmt":"2024-04-18T12:05:22","guid":{"rendered":"https:\/\/www.tvnovelas.com.br\/tvnews\/?p=65150"},"modified":"2024-04-18T09:06:30","modified_gmt":"2024-04-18T12:06:30","slug":"no-rancho-fundo-benvinda-e-esperanca-brigam-por-nastacio","status":"publish","type":"post","link":"https:\/\/www.tvnovelas.com.br\/tvnews\/no-rancho-fundo-benvinda-e-esperanca-brigam-por-nastacio\/","title":{"rendered":"No Rancho Fundo: Benvinda e Esperan\u00e7a brigam por Nast\u00e1cio"},"content":{"rendered":"<p><em>No Rancho Fundo: Benvinda e Esperan\u00e7a<\/em><br \/>\n<figure id=\"attachment_65151\" aria-describedby=\"caption-attachment-65151\" style=\"width: 728px\" class=\"wp-caption alignnone\"><img data-recalc-dims=\"1\" decoding=\"async\" class=\"wp-image-65151 size-full\" title=\"(Foto: TV Globo\/No Rancho Fundo)\" src=\"https:\/\/i0.wp.com\/www.tvnovelas.com.br\/tvnews\/wp-content\/uploads\/2024\/04\/39290.jpg?resize=728%2C410&#038;ssl=1\" alt=\"Foto em No Rancho Fundo: Benvinda e Esperan\u00e7a\" width=\"728\" height=\"410\" srcset=\"https:\/\/i0.wp.com\/www.tvnovelas.com.br\/tvnews\/wp-content\/uploads\/2024\/04\/39290.jpg?w=728&amp;ssl=1 728w, https:\/\/i0.wp.com\/www.tvnovelas.com.br\/tvnews\/wp-content\/uploads\/2024\/04\/39290.jpg?resize=678%2C381&amp;ssl=1 678w\" sizes=\"(max-width: 728px) 100vw, 728px\" \/><figcaption id=\"caption-attachment-65151\" class=\"wp-caption-text\">No Rancho Fundo: Benvinda e Esperan\u00e7a&#8230;<\/figcaption><\/figure><br \/>\nEm No Rancho Fundo, a disputa pelo cora\u00e7\u00e3o de Nast\u00e1cio (Guthierry Sotero) vai causar uma grande confus\u00e3o. Benvinda (Dandara Queiroz) vai flagrar o agregado dos Leonel Limoeiro beijando Esperan\u00e7a (Andr\u00e9a Bak). As duas v\u00e3o brigar, e Nast\u00e1cio vai ser colocado contra a parede.<\/p>\n<p>Nast\u00e1cio estar\u00e1 no curral do rancho fundo, quando encontrar\u00e1 Esperan\u00e7a. O rapaz ainda vai tentar resistir \u00e0s investidas dela. Sem sucesso.<\/p>\n<p>\u201cEsperan\u00e7a, rapaz, fa\u00e7a isso n\u00e3o. Se a madrinha lhe pega aqui&#8230; ela \u00e9 sua prima\u201d, diz ele.<\/p>\n<p>\u201cPassa pra c\u00e1, anda, deixe de ser besta!\u201d, responde ela.<\/p>\n<p>Esperan\u00e7a, ent\u00e3o, tascar\u00e1 um beij\u00e3o em Nast\u00e1cio, que corresponder\u00e1. Mas, neste momento, Benvinda aparecer\u00e1.<\/p>\n<p>\u201cMas que sem-vergonhice \u00e9 essa aqui?!\u201d<\/p>\n<p>Esperan\u00e7a pedir\u00e1 que Benvinda n\u00e3o conte nada a seu pai, Primo C\u00edcero (Haroldo Guimar\u00e3es).<\/p>\n<p>\u201cBenvinda, por favor, n\u00e3o conte nada a papai!\u201d<\/p>\n<p>\u201cVou contar tudo pra madrinha!\u201d, reage ela, se referindo a Zefa Leonel (Andrea Beltr\u00e3o).<\/p>\n<p>Benvinda ainda ofender\u00e1 Esperan\u00e7a, que n\u00e3o perder\u00e1 tempo e partir\u00e1 para cima dela.<\/p>\n<p>\u201cSe d\u00ea ao respeito, sua oferecida! Safada.\u201d<\/p>\n<p>As duas come\u00e7ar\u00e3o e brigar, com Nast\u00e1cio no meio delas.<\/p>\n<p>\u201cAi, ai! P\u00e1ra com isso, as duas!\u201d<\/p>\n<p>E, ent\u00e3o, cada uma a seu modo vai mandar Nast\u00e1cio escolher entre elas.<\/p>\n<p>\u201cTu tem que escolher, Nast\u00e1cio! Ou eu ou essa Rosalina fuxiqueira, santinha do pau oco que s\u00f3 sabe falar mal da vida alheia!\u201d, afirma Benvinda.<\/p>\n<p>\u201cTu vai ter que se decidir, Nast\u00e1cio. Ou eu ou essa outra a\u00ed! A assanhada! Agregada de prima Zefa Leonel!\u201d, diz Esperan\u00e7a.<br \/>\n<!--END POST--><\/p>\n<h3>Coment\u00e1rios em No Rancho Fundo: Benvinda e Esperan\u00e7a&#8230;<\/h3>\n<div class=\"fb-comments\" data-width=\"100%\" data-order-by=\"reverse_time\" data-numposts=\"5\"><\/div>\n<h2>\u00daltimas publica\u00e7\u00f5es de No Rancho Fundo<\/h2>\n<p><div class=\"pt-cv-wrapper\"><div class=\"pt-cv-view pt-cv-grid pt-cv-colsys\" id=\"pt-cv-view-1b948bbbtz\"><div data-id=\"pt-cv-page-1\" class=\"pt-cv-page\" data-cvc=\"1\"><div class=\"col-md-12 col-sm-12 col-xs-12 pt-cv-content-item pt-cv-1-col\" ><div class='pt-cv-ifield'><h4 class=\"pt-cv-title\"><a href=\"https:\/\/www.tvnovelas.com.br\/tvnews\/no-rancho-fundo-deodora-atira-em-ariosto-por-magoa-e-ciume\/\" class=\"_blank\" target=\"_blank\" >No Rancho Fundo: Deodora atira em Ariosto por m\u00e1goa e ci\u00fame<\/a><\/h4><\/div><\/div>\n<div class=\"col-md-12 col-sm-12 col-xs-12 pt-cv-content-item pt-cv-1-col\" ><div class='pt-cv-ifield'><h4 class=\"pt-cv-title\"><a href=\"https:\/\/www.tvnovelas.com.br\/tvnews\/no-rancho-fundo-romera-desbloqueada-entre-os-podres-de-saba-bodo\/\" class=\"_blank\" target=\"_blank\" >No Rancho Fundo: Romera desbloqueada entre os podres de Sab\u00e1 Bod\u00f3<\/a><\/h4><\/div><\/div>\n<div class=\"col-md-12 col-sm-12 col-xs-12 pt-cv-content-item pt-cv-1-col\" ><div class='pt-cv-ifield'><h4 class=\"pt-cv-title\"><a href=\"https:\/\/www.tvnovelas.com.br\/tvnews\/no-rancho-fundo-jordao-e-preso-por-tentar-matar-primo-cicero\/\" class=\"_blank\" target=\"_blank\" >No Rancho Fundo: Jord\u00e3o \u00e9 preso por tentar matar Primo C\u00edcero<\/a><\/h4><\/div><\/div>\n<div class=\"col-md-12 col-sm-12 col-xs-12 pt-cv-content-item pt-cv-1-col\" ><div class='pt-cv-ifield'><h4 class=\"pt-cv-title\"><a href=\"https:\/\/www.tvnovelas.com.br\/tvnews\/no-rancho-fundo-artur-confronta-elias-e-descobre-quem-ele-e\/\" class=\"_blank\" target=\"_blank\" >No Rancho Fundo:  Artur confronta Elias e descobre quem ele \u00e9<\/a><\/h4><\/div><\/div>\n<div class=\"col-md-12 col-sm-12 col-xs-12 pt-cv-content-item pt-cv-1-col\" ><div class='pt-cv-ifield'><h4 class=\"pt-cv-title\"><a href=\"https:\/\/www.tvnovelas.com.br\/tvnews\/no-rancho-fundo-elias-espalha-dinamites-na-gruta-azul-a-mando-de-ariosto\/\" class=\"_blank\" target=\"_blank\" >No Rancho Fundo: Elias espalha dinamites na Gruta Azul a mando de Ariosto<\/a><\/h4><\/div><\/div><\/div><\/div><\/div><br \/>\n<a href=\"https:\/\/pt.wikipedia.org\/wiki\/No_Rancho_Fundo\" target=\"_blank\" rel=\"noopener\">Sobre No Rancho Fundo, na Wikipedia<\/a><br \/>\n<a href=\"https:\/\/tvnovelas.com.br\/filmes\/filmes-na-tv-segunda\/\" target=\"_blank\" rel=\"noopener\">Confira a programa\u00e7\u00e3o de filmes na TV aberta<\/a><br \/>\n<a href=\"https:\/\/www.tvnovelas.com.br\/tvnews\/\">\u00daltimas not\u00edcias de todas as novelas<\/a><\/p>\n","protected":false},"excerpt":{"rendered":"<p>No Rancho Fundo: Benvinda e Esperan\u00e7a&#8230;. Em No Rancho Fundo, a disputa pelo cora\u00e7\u00e3o de Nast\u00e1cio (Guthierry Sotero) vai causar uma grande confus\u00e3o&#8230;<\/p>\n","protected":false},"author":1,"featured_media":65151,"comment_status":"closed","ping_status":"closed","sticky":false,"template":"","format":"standard","meta":{"_uf_show_specific_survey":0,"_uf_disable_surveys":false,"_jetpack_memberships_contains_paid_content":false,"footnotes":"","_wp_rev_ctl_limit":""},"categories":[353,763],"tags":[5,764,64],"class_list":["post-65150","post","type-post","status-publish","format-standard","has-post-thumbnail","hentry","category-resumos-de-novelas","category-no-rancho-fundo","tag-globo","tag-no-rancho-fundo","tag-novelas","wpcat-353-id","wpcat-763-id"],"aioseo_notices":[],"jetpack_featured_media_url":"https:\/\/i0.wp.com\/www.tvnovelas.com.br\/tvnews\/wp-content\/uploads\/2024\/04\/39290.jpg?fit=728%2C410&ssl=1","jetpack_shortlink":"https:\/\/wp.me\/pdP2BO-gWO","jetpack_sharing_enabled":true,"_links":{"self":[{"href":"https:\/\/www.tvnovelas.com.br\/tvnews\/wp-json\/wp\/v2\/posts\/65150","targetHints":{"allow":["GET"]}}],"collection":[{"href":"https:\/\/www.tvnovelas.com.br\/tvnews\/wp-json\/wp\/v2\/posts"}],"about":[{"href":"https:\/\/www.tvnovelas.com.br\/tvnews\/wp-json\/wp\/v2\/types\/post"}],"author":[{"embeddable":true,"href":"https:\/\/www.tvnovelas.com.br\/tvnews\/wp-json\/wp\/v2\/users\/1"}],"replies":[{"embeddable":true,"href":"https:\/\/www.tvnovelas.com.br\/tvnews\/wp-json\/wp\/v2\/comments?post=65150"}],"version-history":[{"count":1,"href":"https:\/\/www.tvnovelas.com.br\/tvnews\/wp-json\/wp\/v2\/posts\/65150\/revisions"}],"predecessor-version":[{"id":65152,"href":"https:\/\/www.tvnovelas.com.br\/tvnews\/wp-json\/wp\/v2\/posts\/65150\/revisions\/65152"}],"wp:featuredmedia":[{"embeddable":true,"href":"https:\/\/www.tvnovelas.com.br\/tvnews\/wp-json\/wp\/v2\/media\/65151"}],"wp:attachment":[{"href":"https:\/\/www.tvnovelas.com.br\/tvnews\/wp-json\/wp\/v2\/media?parent=65150"}],"wp:term":[{"taxonomy":"category","embeddable":true,"href":"https:\/\/www.tvnovelas.com.br\/tvnews\/wp-json\/wp\/v2\/categories?post=65150"},{"taxonomy":"post_tag","embeddable":true,"href":"https:\/\/www.tvnovelas.com.br\/tvnews\/wp-json\/wp\/v2\/tags?post=65150"}],"curies":[{"name":"wp","href":"https:\/\/api.w.org\/{rel}","templated":true}]}}