{"id":65230,"date":"2024-04-20T13:00:40","date_gmt":"2024-04-20T16:00:40","guid":{"rendered":"https:\/\/www.tvnovelas.com.br\/tvnews\/?p=65230"},"modified":"2024-04-20T11:35:53","modified_gmt":"2024-04-20T14:35:53","slug":"acontece-em-familia-e-tudo-na-semana-22-a-27-de-abril","status":"publish","type":"post","link":"https:\/\/www.tvnovelas.com.br\/tvnews\/acontece-em-familia-e-tudo-na-semana-22-a-27-de-abril\/","title":{"rendered":"Acontece em Fam\u00edlia \u00e9 Tudo na semana 22 a 27 de abril"},"content":{"rendered":"<p><em>Acontece em Fam\u00edlia \u00e9 Tudo na semana 22 a 27 de abril<\/em><br \/>\n<figure id=\"attachment_65231\" aria-describedby=\"caption-attachment-65231\" style=\"width: 728px\" class=\"wp-caption alignnone\"><img data-recalc-dims=\"1\" decoding=\"async\" class=\"wp-image-65231 size-full\" title=\"(Foto: TV Globo\/Fam\u00edlia \u00e9 Tudo)\" src=\"https:\/\/i0.wp.com\/www.tvnovelas.com.br\/tvnews\/wp-content\/uploads\/2024\/04\/39311.jpg?resize=728%2C410&#038;ssl=1\" alt=\"Foto em Fam\u00edlia \u00e9 Tudo na semana 22 a 27 de abril\" width=\"728\" height=\"410\" srcset=\"https:\/\/i0.wp.com\/www.tvnovelas.com.br\/tvnews\/wp-content\/uploads\/2024\/04\/39311.jpg?w=728&amp;ssl=1 728w, https:\/\/i0.wp.com\/www.tvnovelas.com.br\/tvnews\/wp-content\/uploads\/2024\/04\/39311.jpg?resize=678%2C381&amp;ssl=1 678w\" sizes=\"(max-width: 728px) 100vw, 728px\" \/><figcaption id=\"caption-attachment-65231\" class=\"wp-caption-text\">Resumos de Fam\u00edlia \u00e9 Tudo na semana 22 a 27 de abril<\/figcaption><\/figure><\/p>\n<blockquote><p>Paulina procura V\u00eanus; V\u00eanus avisa a Electra que ela voltar\u00e1 para a penitenci\u00e1ria; Tom tira satisfa\u00e7\u00e3o com Paulina; J\u00fapiter convida Lupita para viajar; Murilo v\u00ea Electra e Luca se beijando; Brenda n\u00e3o aceita que Tom pe\u00e7a V\u00eanus em casamento&#8230;<\/p><\/blockquote>\n<p><strong>Resumo de segunda-feira, 22 de abril<\/strong><br \/>\nLuca n\u00e3o aceita a pris\u00e3o de Electra. Tom se preocupa com o comportamento de Ram\u00f3n. Nicole ouve Max falando dela com seus amigos. Andr\u00f4meda e J\u00fapiter tentam n\u00e3o se preocupar com a pris\u00e3o de Electra. Hans se incomoda com a presen\u00e7a de Mila enquanto conversa com J\u00e9ssica. Tom consola V\u00eanus. Paulina avisa a Brenda que falar\u00e1 com V\u00eanus. Murilo faz as pazes com Chantal. Leda reclama de Guto para Lupita. Hans demite Mila. Paulina procura V\u00eanus.<\/p>\n<p><strong>Resumo de ter\u00e7a-feira, 23 de abril<\/strong><br \/>\nPaulina exige que V\u00eanus se afaste de seus filhos. Pudim se lembra do que aconteceu com ele, e Brenda teme por Paulina. Tom tenta convencer Ram\u00f3n a procurar um m\u00e9dico. V\u00eanus avisa a Electra que ela voltar\u00e1 para a penitenci\u00e1ria. J\u00e9ssica e Hans comemoram o sucesso do plano. Andr\u00f4meda decide visitar Electra, mas acaba dormindo no \u00f4nibus. Lupita recebe uma not\u00edcia ruim sobre seu av\u00f4, e J\u00fapiter acredita que seja sobre ela. Andr\u00f4meda descobre que est\u00e1 perdida em S\u00e3o Paulo e pede ajuda a Chic\u00e3o. J\u00e9ssica encontra um v\u00eddeo na internet que comprova a inoc\u00eancia de Electra e mostra para Hans.<\/p>\n<figure id=\"attachment_65232\" aria-describedby=\"caption-attachment-65232\" style=\"width: 728px\" class=\"wp-caption alignnone\"><img data-recalc-dims=\"1\" decoding=\"async\" class=\"wp-image-65232 size-full\" title=\"(Foto: TV Globo\/Fam\u00edlia \u00e9 Tudo)\" src=\"https:\/\/i0.wp.com\/www.tvnovelas.com.br\/tvnews\/wp-content\/uploads\/2024\/04\/39311a.jpg?resize=728%2C410&#038;ssl=1\" alt=\"Foto em Resumos de Fam\u00edlia \u00e9 Tudo na semana 22 a 27 de abril\" width=\"728\" height=\"410\" srcset=\"https:\/\/i0.wp.com\/www.tvnovelas.com.br\/tvnews\/wp-content\/uploads\/2024\/04\/39311a.jpg?w=728&amp;ssl=1 728w, https:\/\/i0.wp.com\/www.tvnovelas.com.br\/tvnews\/wp-content\/uploads\/2024\/04\/39311a.jpg?resize=678%2C381&amp;ssl=1 678w\" sizes=\"(max-width: 728px) 100vw, 728px\" \/><figcaption id=\"caption-attachment-65232\" class=\"wp-caption-text\">Resumos de Fam\u00edlia \u00e9 Tudo na semana 22 a 27 de abril<\/figcaption><\/figure>\n<p><strong>Resumo de quarta-feira, 24 de abril<\/strong><br \/>\nHans se preocupa com o v\u00eddeo, e J\u00e9ssica teme que o plano deles seja descoberto. Mila volta para a pens\u00e3o de Furtado. J\u00fapiter pede para Marieta ler a sorte de Lupita nas cartas de tar\u00f4. Andr\u00f4meda pede para Chic\u00e3o lev\u00e1-la at\u00e9 a delegacia, onde sua irm\u00e3 est\u00e1 presa. Plut\u00e3o desconfia da inoc\u00eancia de Electra. J\u00e9ssica impede Wilson e Chantal de assistirem ao v\u00eddeo que inocenta Electra. Andr\u00f4meda e Chic\u00e3o ficam retidos em uma enchente. Tom tira satisfa\u00e7\u00e3o com Paulina. J\u00e9ssica decide reportar o v\u00eddeo que inocenta Electra.<\/p>\n<p><strong>Resumo de quinta-feira, 25 de abril<\/strong><br \/>\nJ\u00e9ssica disfar\u00e7a a irrita\u00e7\u00e3o com a desconfian\u00e7a de Electra. Tom repreende Paulina. Andr\u00f4meda e Chic\u00e3o s\u00e3o resgatados no momento em que ela tenta se declarar para ele. Lupita estranha o comportamento de J\u00fapiter. Electra se surpreende com uma festa de boas-vindas ao chegar ao casar\u00e3o. Plut\u00e3o se desculpa com Electra. Hans critica J\u00e9ssica por ajudar a libertar sua prima. J\u00fapiter convida Lupita para viajar. V\u00eanus se comove ao saber da suposta doen\u00e7a de Lupita. Chic\u00e3o n\u00e3o consegue fazer Andr\u00f4meda se declarar novamente. Plut\u00e3o se encontra com Nicole. Mila recupera a grava\u00e7\u00e3o que fez contra Hans e o amea\u00e7a.<\/p>\n<figure id=\"attachment_65233\" aria-describedby=\"caption-attachment-65233\" style=\"width: 728px\" class=\"wp-caption alignnone\"><img data-recalc-dims=\"1\" decoding=\"async\" class=\"wp-image-65233 size-full\" title=\"(Foto: TV Globo\/Fam\u00edlia \u00e9 Tudo)\" src=\"https:\/\/i0.wp.com\/www.tvnovelas.com.br\/tvnews\/wp-content\/uploads\/2024\/04\/39311b.jpg?resize=728%2C410&#038;ssl=1\" alt=\"Foto em Resumos de Fam\u00edlia \u00e9 Tudo na semana 22 a 27 de abril\" width=\"728\" height=\"410\" srcset=\"https:\/\/i0.wp.com\/www.tvnovelas.com.br\/tvnews\/wp-content\/uploads\/2024\/04\/39311b.jpg?w=728&amp;ssl=1 728w, https:\/\/i0.wp.com\/www.tvnovelas.com.br\/tvnews\/wp-content\/uploads\/2024\/04\/39311b.jpg?resize=678%2C381&amp;ssl=1 678w\" sizes=\"(max-width: 728px) 100vw, 728px\" \/><figcaption id=\"caption-attachment-65233\" class=\"wp-caption-text\">Resumos de Fam\u00edlia \u00e9 Tudo na semana 22 a 27 de abril<\/figcaption><\/figure>\n<p><strong>Resumo de sexta-feira, 6 de abril<\/strong><br \/>\nHans se preocupa com a amea\u00e7a de Mila. Tom acompanha V\u00eanus at\u00e9 a casa de Nilton. Leda estranha o interesse de Catarina na investiga\u00e7\u00e3o de V\u00eanus. Mila exige se casar com Hans. Nilton conta para Otto sobre a investiga\u00e7\u00e3o de V\u00eanus, e ele pede para algu\u00e9m, ao telefone, que impe\u00e7a a mo\u00e7a. Leda, Lulu e Nanda recebem telefonemas misteriosos e reagem com irrita\u00e7\u00e3o. Guto tenta convidar Lupita para jantar. Lizandra se interessa por Guto, e Leda fica enciumada. Plut\u00e3o tem um plano para que Andr\u00f4meda se declare para Chic\u00e3o. Chantal teme que Lupita se decepcione com J\u00fapiter. Chic\u00e3o incentiva Guto a viajar com Lupita. Murilo v\u00ea Electra e Luca se beijando. Brenda n\u00e3o aceita que Tom pe\u00e7a V\u00eanus em casamento.<\/p>\n<p><strong>Resumo de s\u00e1bado, 27 de abril<\/strong><br \/>\nTom critica o motivo pelo qual Brenda n\u00e3o aceita que ele se case com V\u00eanus. V\u00eanus revela a Marieta suas suspeitas sobre a morte de Pedro. Chantal tenta consolar Murilo. Mila faz outras exig\u00eancias para Hans, que fica furioso. V\u00eanus e Marieta n\u00e3o deixam Andr\u00f4meda, Plut\u00e3o e J\u00fapiter verem os e-mails com as amea\u00e7as a Pedro. Tom arma com Wilson uma surpresa para V\u00eanus. V\u00eanus se angustia com as revela\u00e7\u00f5es feitas por Marieta sobre suas ex-madrastas. Plut\u00e3o convence seus irm\u00e3os de participarem de seu plano para unir Andr\u00f4meda e Chic\u00e3o. Lupita se surpreende quando Guto avisa que viajar\u00e1 com ela. Plut\u00e3o inicia seu plano. Tom pede V\u00eanus em casamento.<br \/>\n<!--FIM DO POST--><\/p>\n<h3>Coment\u00e1rios em Acontece em Fam\u00edlia \u00e9 Tudo na semana<\/h3>\n<div class=\"fb-comments\" data-width=\"100%\" data-order-by=\"reverse_time\" data-numposts=\"5\"><\/div>\n<p><a href=\"https:\/\/tvnovelas.com.br\/novelas\/resumos-de-familia-e-tudo\/\" target=\"_blank\" rel=\"noopener\">Confira os resumos da semana de Fam\u00edlia \u00e9 Tudo<\/a><\/br>\r\n<strong style=\"font-size: 120%;\">\u00daltimas not\u00edcias de Fam\u00edlia \u00e9 Tudo<\/strong>\r\n<div class=\"pt-cv-wrapper\"><div class=\"pt-cv-view pt-cv-grid pt-cv-colsys\" id=\"pt-cv-view-f4ab296jpv\"><div data-id=\"pt-cv-page-1\" class=\"pt-cv-page\" data-cvc=\"1\"><div class=\"col-md-12 col-sm-12 col-xs-12 pt-cv-content-item pt-cv-1-col\" ><div class='pt-cv-ifield'><h4 class=\"pt-cv-title\"><a href=\"https:\/\/www.tvnovelas.com.br\/tvnews\/familia-e-tudo-electra-vai-ate-a-prisao-e-humilha-jessica\/\" class=\"_blank\" target=\"_blank\" >Fam\u00edlia \u00e9 Tudo: Electra vai at\u00e9 a pris\u00e3o e humilha J\u00e9ssica<\/a><\/h4><\/div><\/div>\n<div class=\"col-md-12 col-sm-12 col-xs-12 pt-cv-content-item pt-cv-1-col\" ><div class='pt-cv-ifield'><h4 class=\"pt-cv-title\"><a href=\"https:\/\/www.tvnovelas.com.br\/tvnews\/familia-e-tudo-guto-e-jupiter-tentam-conquitar-lupita\/\" class=\"_blank\" target=\"_blank\" >Fam\u00edlia \u00e9 Tudo: Guto e J\u00fapiter tentam conquitar Lupita<\/a><\/h4><\/div><\/div>\n<div class=\"col-md-12 col-sm-12 col-xs-12 pt-cv-content-item pt-cv-1-col\" ><div class='pt-cv-ifield'><h4 class=\"pt-cv-title\"><a href=\"https:\/\/www.tvnovelas.com.br\/tvnews\/familia-e-tudo-tom-adota-eva-e-pede-venus-em-casamento\/\" class=\"_blank\" target=\"_blank\" >Fam\u00edlia \u00e9 Tudo: Tom adota Eva e pede V\u00eanus em casamento<\/a><\/h4><\/div><\/div>\n<div class=\"col-md-12 col-sm-12 col-xs-12 pt-cv-content-item pt-cv-1-col\" ><div class='pt-cv-ifield'><h4 class=\"pt-cv-title\"><a href=\"https:\/\/www.tvnovelas.com.br\/tvnews\/familia-e-tudo-lupita-e-guto-se-beijam-apos-banho-de-beleza\/\" class=\"_blank\" target=\"_blank\" >Fam\u00edlia \u00e9 Tudo: Lupita e Guto se beijam ap\u00f3s Banho de Beleza<\/a><\/h4><\/div><\/div>\n<div class=\"col-md-12 col-sm-12 col-xs-12 pt-cv-content-item pt-cv-1-col\" ><div class='pt-cv-ifield'><h4 class=\"pt-cv-title\"><a href=\"https:\/\/www.tvnovelas.com.br\/tvnews\/familia-e-tudo-luca-decide-ir-para-dubai-com-maya\/\" class=\"_blank\" target=\"_blank\" >Fam\u00edlia \u00e9 Tudo: Luca decide ir para Dubai com Maya<\/a><\/h4><\/div><\/div>\n<div class=\"col-md-12 col-sm-12 col-xs-12 pt-cv-content-item pt-cv-1-col\" ><div class='pt-cv-ifield'><h4 class=\"pt-cv-title\"><a href=\"https:\/\/www.tvnovelas.com.br\/tvnews\/familia-e-tudo-catarina-pede-perdao-a-frida\/\" class=\"_blank\" target=\"_blank\" >Fam\u00edlia \u00e9 Tudo: Catarina pede perd\u00e3o a Frida<\/a><\/h4><\/div><\/div>\n<div class=\"col-md-12 col-sm-12 col-xs-12 pt-cv-content-item pt-cv-1-col\" ><div class='pt-cv-ifield'><h4 class=\"pt-cv-title\"><a href=\"https:\/\/www.tvnovelas.com.br\/tvnews\/familia-e-tudo-frida-se-revela-a-venus\/\" class=\"_blank\" target=\"_blank\" >Fam\u00edlia \u00e9 Tudo: Frida se revela \u00e0 V\u00eanus<\/a><\/h4><\/div><\/div>\n<div class=\"col-md-12 col-sm-12 col-xs-12 pt-cv-content-item pt-cv-1-col\" ><div class='pt-cv-ifield'><h4 class=\"pt-cv-title\"><a href=\"https:\/\/www.tvnovelas.com.br\/tvnews\/familia-e-tudo-maya-pede-que-tom-nao-perca-venus\/\" class=\"_blank\" target=\"_blank\" >Fam\u00edlia \u00e9 Tudo: Maya pede que Tom n\u00e3o perca V\u00eanus<\/a><\/h4><\/div><\/div>\n<div class=\"col-md-12 col-sm-12 col-xs-12 pt-cv-content-item pt-cv-1-col\" ><div class='pt-cv-ifield'><h4 class=\"pt-cv-title\"><a href=\"https:\/\/www.tvnovelas.com.br\/tvnews\/familia-e-tudo-chantal-se-interessa-por-leo-netuno\/\" class=\"_blank\" target=\"_blank\" >Fam\u00edlia \u00e9 Tudo: Chantal se interessa por L\u00e9o\/Netuno<\/a><\/h4><\/div><\/div>\n<div class=\"col-md-12 col-sm-12 col-xs-12 pt-cv-content-item pt-cv-1-col\" ><div class='pt-cv-ifield'><h4 class=\"pt-cv-title\"><a href=\"https:\/\/www.tvnovelas.com.br\/tvnews\/familia-e-tudo-hans-se-confunde-e-joga-a-propria-mae-no-mar\/\" class=\"_blank\" target=\"_blank\" >Fam\u00edlia \u00e9 Tudo: Hans se confunde e joga a pr\u00f3pria m\u00e3e no mar<\/a><\/h4><\/div><\/div><\/div><\/div><\/div>\r\n<strong style=\"font-size: 120%;\">\u00daltimas not\u00edcias deste site:<\/strong>\r\n<div class=\"pt-cv-wrapper\"><div class=\"pt-cv-view pt-cv-grid pt-cv-colsys\" id=\"pt-cv-view-90991035b3\"><div data-id=\"pt-cv-page-1\" class=\"pt-cv-page\" data-cvc=\"1\"><div class=\"col-md-12 col-sm-12 col-xs-12 pt-cv-content-item pt-cv-1-col\" ><div class='pt-cv-ifield'><h4 class=\"pt-cv-title\"><a href=\"https:\/\/www.tvnovelas.com.br\/tvnews\/coracao-de-mae-irmak-inicia-jogo-arriscado-contra-adnan\/\" class=\"_self\" target=\"_self\" >Cora\u00e7\u00e3o de M\u00e3e: Irmak inicia jogo arriscado contra Adnan<\/a><\/h4><\/div><\/div>\n<div class=\"col-md-12 col-sm-12 col-xs-12 pt-cv-content-item pt-cv-1-col\" ><div class='pt-cv-ifield'><h4 class=\"pt-cv-title\"><a href=\"https:\/\/www.tvnovelas.com.br\/tvnews\/guerra-das-rosas-omer-chama-gulru-vestida-de-noiva-para-fugir\/\" class=\"_self\" target=\"_self\" >Guerra das Rosas: Omer chama Gulru vestida de noiva para fugir<\/a><\/h4><\/div><\/div>\n<div class=\"col-md-12 col-sm-12 col-xs-12 pt-cv-content-item pt-cv-1-col\" ><div class='pt-cv-ifield'><h4 class=\"pt-cv-title\"><a href=\"https:\/\/www.tvnovelas.com.br\/tvnews\/coracao-de-mae-reha-sai-para-jantar-com-selvi\/\" class=\"_self\" target=\"_self\" >Cora\u00e7\u00e3o de M\u00e3e: Reha sai para jantar com Selvi<\/a><\/h4><\/div><\/div>\n<div class=\"col-md-12 col-sm-12 col-xs-12 pt-cv-content-item pt-cv-1-col\" ><div class='pt-cv-ifield'><h4 class=\"pt-cv-title\"><a href=\"https:\/\/www.tvnovelas.com.br\/tvnews\/coracao-acelerado-zila-se-preocupa-com-sua-situacao-apos-separacao\/\" class=\"_self\" target=\"_self\" >Cora\u00e7\u00e3o Acelerado: Zil\u00e1 se preocupa com sua situa\u00e7\u00e3o ap\u00f3s separa\u00e7\u00e3o<\/a><\/h4><\/div><\/div>\n<div class=\"col-md-12 col-sm-12 col-xs-12 pt-cv-content-item pt-cv-1-col\" ><div class='pt-cv-ifield'><h4 class=\"pt-cv-title\"><a href=\"https:\/\/www.tvnovelas.com.br\/tvnews\/a-nobreza-do-amor-tonho-nao-se-curva-diante-de-mirinho\/\" class=\"_self\" target=\"_self\" >A Nobreza do Amor: Tonho n\u00e3o se curva diante de Mirinho<\/a><\/h4><\/div><\/div>\n<div class=\"col-md-12 col-sm-12 col-xs-12 pt-cv-content-item pt-cv-1-col\" ><div class='pt-cv-ifield'><h4 class=\"pt-cv-title\"><a href=\"https:\/\/www.tvnovelas.com.br\/tvnews\/tres-gracas-arminda-surta-ao-confirmar-que-ferette-e-pai-de-raul\/\" class=\"_self\" target=\"_self\" >Tr\u00eas Gra\u00e7as:  Arminda surta ao confirmar que Ferette \u00e9 pai de Raul<\/a><\/h4><\/div><\/div>\n<div class=\"col-md-12 col-sm-12 col-xs-12 pt-cv-content-item pt-cv-1-col\" ><div class='pt-cv-ifield'><h4 class=\"pt-cv-title\"><a href=\"https:\/\/www.tvnovelas.com.br\/tvnews\/coracao-de-mae-atilla-confronta-hasan-e-exige-o-divorcio-de-lale\/\" class=\"_self\" target=\"_self\" >Cora\u00e7\u00e3o de M\u00e3e: Atilla confronta Hasan e exige o div\u00f3rcio de Lale<\/a><\/h4><\/div><\/div>\n<div class=\"col-md-12 col-sm-12 col-xs-12 pt-cv-content-item pt-cv-1-col\" ><div class='pt-cv-ifield'><h4 class=\"pt-cv-title\"><a href=\"https:\/\/www.tvnovelas.com.br\/tvnews\/guerra-das-rosas-gulfem-coloca-gulru-contra-a-parede\/\" class=\"_self\" target=\"_self\" >Guerra das Rosas: Gulfem coloca Gulru contra a parede<\/a><\/h4><\/div><\/div>\n<div class=\"col-md-12 col-sm-12 col-xs-12 pt-cv-content-item pt-cv-1-col\" ><div class='pt-cv-ifield'><h4 class=\"pt-cv-title\"><a href=\"https:\/\/www.tvnovelas.com.br\/tvnews\/coracao-de-mae-atilla-diz-a-lale-que-quer-o-divorcio\/\" class=\"_self\" target=\"_self\" >Cora\u00e7\u00e3o de M\u00e3e: Atilla diz a Lale que quer o div\u00f3rcio<\/a><\/h4><\/div><\/div>\n<div class=\"col-md-12 col-sm-12 col-xs-12 pt-cv-content-item pt-cv-1-col\" ><div class='pt-cv-ifield'><h4 class=\"pt-cv-title\"><a href=\"https:\/\/www.tvnovelas.com.br\/tvnews\/a-nobreza-do-amor-mirinho-garante-noivado-com-virginia-para-atrair-sogro-a-negocio\/\" class=\"_self\" target=\"_self\" >A Nobreza do Amor: Mirinho garante noivado com Virg\u00ednia para atrair sogro a neg\u00f3cio<\/a><\/h4><\/div><\/div><\/div><\/div><\/div>\r\n<a href=\"https:\/\/www.tvnovelas.com.br\/novelas\/\"><strong>Confira os resumos da semana de todas novelas<\/strong><\/a>\r\n<h3>Confira tamb\u00e9m<\/h3>\r\n<a href=\"https:\/\/www.tvnovelas.com.br\/filmes\/\" target=\"_blank\" rel=\"noopener noreferrer\"><strong>Programa\u00e7\u00e3o de filmes na TV aberta<\/strong><\/a><\/br>\r\n<a href=\"https:\/\/caetenews.com.br\/semana\/filmes-da-globo-na-sessao-da-tarde-desta-semana\/\" target=\"_blank\" rel=\"noopener\"><strong>Confira os filmes da semana na Sess\u00e3o da Tarde<\/strong><\/a><\/br>\r\n<a href=\"https:\/\/www.tvnovelas.com.br\/novelas\/\" target=\"_blank\" rel=\"noopener noreferrer\"><strong>Resumos de novelas<\/strong><\/a><br \/>\n<a href=\"https:\/\/tvnovelas.com.br\/filmes\/filmes-na-tv-segunda\/\" target=\"_blank\" rel=\"noopener\">Confira a Progrma\u00e7\u00e3o de Filmes na TV aberta<\/a><br \/>\n<a href=\"https:\/\/www.facebook.com\/tevenovelas\/\" target=\"_blank\" rel=\"noopener\">\u00daltimas not\u00edcias de TV Novelas no Facebook<\/a><br \/>\n<a href=\"https:\/\/pt.wikipedia.org\/wiki\/Fam\u00edlia_\u00c9_Tudo\" target=\"_blank\" rel=\"noopener\">Sobre Fam\u00edlia \u00e9 Tudo na Wikipedia<\/a><br \/>\n<a href=\"https:\/\/www.tvnovelas.com.br\/tvnews\/\" target=\"_blank\" rel=\"noopener\">\u00daltimas not\u00edcias das novelas<\/a><\/p>\n","protected":false},"excerpt":{"rendered":"<p>Em Fam\u00edlia \u00e9 Tudo na semana 22 a 27 de abril, Paulina procura V\u00eanus; V\u00eanus avisa a Electra que ela voltar\u00e1 para a penitenci\u00e1ria; Tom tira satisfa\u00e7\u00e3o com Paulina; J\u00fapiter convida Lupita para viajar; Murilo v\u00ea Electra e Luca se beijando; Brenda n\u00e3o aceita que Tom pe\u00e7a V\u00eanus em casamento&#8230;<\/p>\n","protected":false},"author":1,"featured_media":65231,"comment_status":"closed","ping_status":"closed","sticky":false,"template":"","format":"standard","meta":{"_uf_show_specific_survey":0,"_uf_disable_surveys":false,"_jetpack_memberships_contains_paid_content":false,"footnotes":"","_wp_rev_ctl_limit":""},"categories":[689],"tags":[690,5,64],"class_list":["post-65230","post","type-post","status-publish","format-standard","has-post-thumbnail","hentry","category-familia-e-tudo","tag-familia-e-tudo","tag-globo","tag-novelas","wpcat-689-id"],"aioseo_notices":[],"jetpack_featured_media_url":"https:\/\/i0.wp.com\/www.tvnovelas.com.br\/tvnews\/wp-content\/uploads\/2024\/04\/39311.jpg?fit=728%2C410&ssl=1","jetpack_shortlink":"https:\/\/wp.me\/pdP2BO-gY6","jetpack_sharing_enabled":true,"_links":{"self":[{"href":"https:\/\/www.tvnovelas.com.br\/tvnews\/wp-json\/wp\/v2\/posts\/65230","targetHints":{"allow":["GET"]}}],"collection":[{"href":"https:\/\/www.tvnovelas.com.br\/tvnews\/wp-json\/wp\/v2\/posts"}],"about":[{"href":"https:\/\/www.tvnovelas.com.br\/tvnews\/wp-json\/wp\/v2\/types\/post"}],"author":[{"embeddable":true,"href":"https:\/\/www.tvnovelas.com.br\/tvnews\/wp-json\/wp\/v2\/users\/1"}],"replies":[{"embeddable":true,"href":"https:\/\/www.tvnovelas.com.br\/tvnews\/wp-json\/wp\/v2\/comments?post=65230"}],"version-history":[{"count":1,"href":"https:\/\/www.tvnovelas.com.br\/tvnews\/wp-json\/wp\/v2\/posts\/65230\/revisions"}],"predecessor-version":[{"id":65234,"href":"https:\/\/www.tvnovelas.com.br\/tvnews\/wp-json\/wp\/v2\/posts\/65230\/revisions\/65234"}],"wp:featuredmedia":[{"embeddable":true,"href":"https:\/\/www.tvnovelas.com.br\/tvnews\/wp-json\/wp\/v2\/media\/65231"}],"wp:attachment":[{"href":"https:\/\/www.tvnovelas.com.br\/tvnews\/wp-json\/wp\/v2\/media?parent=65230"}],"wp:term":[{"taxonomy":"category","embeddable":true,"href":"https:\/\/www.tvnovelas.com.br\/tvnews\/wp-json\/wp\/v2\/categories?post=65230"},{"taxonomy":"post_tag","embeddable":true,"href":"https:\/\/www.tvnovelas.com.br\/tvnews\/wp-json\/wp\/v2\/tags?post=65230"}],"curies":[{"name":"wp","href":"https:\/\/api.w.org\/{rel}","templated":true}]}}