{"id":65235,"date":"2024-04-20T13:01:06","date_gmt":"2024-04-20T16:01:06","guid":{"rendered":"https:\/\/www.tvnovelas.com.br\/tvnews\/?p=65235"},"modified":"2024-04-20T12:34:22","modified_gmt":"2024-04-20T15:34:22","slug":"acontece-em-renascer-na-semana-22-a-27-de-abril","status":"publish","type":"post","link":"https:\/\/www.tvnovelas.com.br\/tvnews\/acontece-em-renascer-na-semana-22-a-27-de-abril\/","title":{"rendered":"Acontece em Renascer na semana 22 a 27 de abril"},"content":{"rendered":"<p><em>Acontece em Renascer na semana 22 a 27 de abril<\/em><br \/>\n<figure id=\"attachment_65236\" aria-describedby=\"caption-attachment-65236\" style=\"width: 728px\" class=\"wp-caption alignnone\"><img data-recalc-dims=\"1\" decoding=\"async\" class=\"wp-image-65236 size-full\" title=\"(Foto: TV Globo\/Renascer)\" src=\"https:\/\/i0.wp.com\/www.tvnovelas.com.br\/tvnews\/wp-content\/uploads\/2024\/04\/39312.jpg?resize=728%2C410&#038;ssl=1\" alt=\"Foto em Renascer na semana 22 a 27 de abril\" width=\"728\" height=\"410\" srcset=\"https:\/\/i0.wp.com\/www.tvnovelas.com.br\/tvnews\/wp-content\/uploads\/2024\/04\/39312.jpg?w=728&amp;ssl=1 728w, https:\/\/i0.wp.com\/www.tvnovelas.com.br\/tvnews\/wp-content\/uploads\/2024\/04\/39312.jpg?resize=678%2C381&amp;ssl=1 678w\" sizes=\"(max-width: 728px) 100vw, 728px\" \/><figcaption id=\"caption-attachment-65236\" class=\"wp-caption-text\">Renascer na semana 22 a 27 de abril<\/figcaption><\/figure><\/p>\n<blockquote><p>Jos\u00e9 Ven\u00e2ncio morre v\u00edtima de tiro de Eg\u00eddio; Jos\u00e9 Inoc\u00eancio deixa claro a Jo\u00e3o Pedro que o assunto com Eg\u00eddio \u00e9 seu; Dona Patroa teme que Sandra entregue Eg\u00eddio; Jos\u00e9 Inoc\u00eancio expulsa Eliana da fazenda; Eliana pede abrigo na casa de Sandra&#8230;<\/p><\/blockquote>\n<p><strong>Resumo de segunda-feira, 22 de abril<\/strong><br \/>\nJos\u00e9 Inoc\u00eancio diz a Ven\u00e2ncio que deseja os filhos morando com ele na fazenda. Augusto aconselha Ven\u00e2ncio a contar ao pai a verdade sobre Teca. Eg\u00eddio fica de tocaia na estrada e atira contra o carro de Jo\u00e3o Pedro, que perde o controle. Jos\u00e9 Ven\u00e2ncio, que est\u00e1 no banco do carona, \u00e9 atingido. Eg\u00eddio enterra a arma usada na sepultura de Firmino. Jos\u00e9 Inoc\u00eancio pressente algo ruim e sai a cavalo pela estrada. Jo\u00e3o Pedro carrega o irm\u00e3o ferido at\u00e9 a casa de Morena. Jos\u00e9 Ven\u00e2ncio delira e est\u00e1 muito ferido. Z\u00e9 Augusto \u00e9 chamado e atesta a morte do irm\u00e3o. Jo\u00e3o Pedro sente-se culpado pela trag\u00e9dia e \u00e9 consolado por Morena, Deocleciano e Zinha. Deocleciano d\u00e1 a not\u00edcia da morte de Jos\u00e9 Ven\u00e2ncio para Inoc\u00eancio.<\/p>\n<p><strong>Resumo de ter\u00e7a-feira, 23 de abril<\/strong><br \/>\nO vel\u00f3rio de Ven\u00e2ncio acontece na fazenda Jequitib\u00e1-Rei. Pastor L\u00edvio discursa e emociona a todos, inconformados com a morte do publicit\u00e1rio. Dami\u00e3o se coloca \u00e0 disposi\u00e7\u00e3o de Jos\u00e9 Inoc\u00eancio para vingar a morte de seu filho. Jo\u00e3o Pedro demonstra a Zinha seu desejo de vingan\u00e7a. Padre L\u00edvio avisa a Eg\u00eddio que h\u00e1 quem diga que o coronel esteja por tr\u00e1s do assassinato de Ven\u00e2ncio. Buba passa mal ao saber da morte de Ven\u00e2ncio. Kika avisa a Eliana que ela est\u00e1 vi\u00fava. Augusto pede a Buba para n\u00e3o contar a verdade ao pai neste momento. Mariana cobre Jos\u00e9 Inoc\u00eancio com a manta de Maria Santa. Maria Santa aparece para Jos\u00e9 Inoc\u00eancio dizendo que Jos\u00e9 Ven\u00e2ncio est\u00e1 bem. Jos\u00e9 Inoc\u00eancio deixa claro a Jo\u00e3o Pedro que o assunto com Eg\u00eddio \u00e9 seu. Eliana avisa a Eriberto que a \u00fanica coisa que ela faz quest\u00e3o \u00e9 sua parte da fazenda. Jos\u00e9 Inoc\u00eancio avisa a Jo\u00e3o Pedro e Bento que quer que os filhos amparem Buba no que ela precisar. Rachid conta a Jos\u00e9 Inoc\u00eancio que ateou fogo \u00e0 carta que Marianinha escreveu para a irm\u00e3. Ao ver o filho retornar sozinho \u00e0 fazenda, Jos\u00e9 Inoc\u00eancio pergunta a Augusto onde est\u00e1 Buba.<\/p>\n<figure id=\"attachment_65237\" aria-describedby=\"caption-attachment-65237\" style=\"width: 728px\" class=\"wp-caption alignnone\"><img data-recalc-dims=\"1\" decoding=\"async\" class=\"wp-image-65237 size-full\" title=\"(Foto: TV Globo\/Renascer)\" src=\"https:\/\/i0.wp.com\/www.tvnovelas.com.br\/tvnews\/wp-content\/uploads\/2024\/04\/39312a.jpg?resize=728%2C410&#038;ssl=1\" alt=\"Foto em Renascer na semana 22 a 27 de abril\" width=\"728\" height=\"410\" srcset=\"https:\/\/i0.wp.com\/www.tvnovelas.com.br\/tvnews\/wp-content\/uploads\/2024\/04\/39312a.jpg?w=728&amp;ssl=1 728w, https:\/\/i0.wp.com\/www.tvnovelas.com.br\/tvnews\/wp-content\/uploads\/2024\/04\/39312a.jpg?resize=678%2C381&amp;ssl=1 678w\" sizes=\"(max-width: 728px) 100vw, 728px\" \/><figcaption id=\"caption-attachment-65237\" class=\"wp-caption-text\">Renascer na semana 22 a 27 de abril<\/figcaption><\/figure>\n<p><strong>Resumo de quarta-feira, 24 de abril<\/strong><br \/>\nBuba diz a Teca que Augusto pediu um tempo para contar a verdade a Jos\u00e9 Inoc\u00eancio. Rachid conta a Sandra que Jo\u00e3o Pedro mandou Dami\u00e3o para proteg\u00ea-la de Eg\u00eddio. Z\u00e9 Bento pede um voto de confian\u00e7a para Jo\u00e3o Pedro. Dona Patroa teme que Sandra entregue Eg\u00eddio, ao perceber que a filha suspeita que o pai tenha matado Ven\u00e2ncio. Joana pergunta a Ti\u00e3o se ele ama os filhos. Eliana declara que far\u00e1 um inferno na vida de Buba. Zinha flagra Lu beijando Z\u00e9 Bento. Jos\u00e9 Inoc\u00eancio pede a Norberto para tentar pegar a carta que Marianinha deixou para Maria Santa nos pertences de Rachid. Sandra aconselha Jo\u00e3o Pedro a esquecer a vingan\u00e7a. Jos\u00e9 Inoc\u00eancio pergunta a Jo\u00e3o Pedro o que o filho fazia na casa de Sandra.<\/p>\n<p><strong>Resumo de quinta-feira, 25 de abril<\/strong><br \/>\nJos\u00e9 Inoc\u00eancio repreende Jo\u00e3o Pedro ao saber que o filho e Sandra voltaram a se encontrar. Ritinha pergunta por Augusto para Z\u00e9 Bento. Augusto explica a Buba que a farsa da gravidez pode ser a salva\u00e7\u00e3o do pai, e tenta convencer a psic\u00f3loga a dizer que o filho que Teca espera \u00e9 de Ven\u00e2ncio. Mariana sente ci\u00fames da forma como o marido trata Buba. Eliana conta a Jos\u00e9 Inoc\u00eancio que Buba n\u00e3o est\u00e1 gr\u00e1vida. Buba aceita ir para a fazenda levando Teca, para dizer a Jos\u00e9 Inoc\u00eancio que o filho que a menina espera \u00e9 de Ven\u00e2ncio. Ritinha amea\u00e7a ir embora ao ver Eliana de volta na fazenda. Jos\u00e9 Inoc\u00eancio permite que Eliana fique por l\u00e1. Jo\u00e3o Pedro cogita para Jos\u00e9 Inoc\u00eancio que Eliana possa ser a mandante da morte de Ven\u00e2ncio.<\/p>\n<figure id=\"attachment_65215\" aria-describedby=\"caption-attachment-65215\" style=\"width: 728px\" class=\"wp-caption alignnone\"><img data-recalc-dims=\"1\" decoding=\"async\" class=\"wp-image-65215 size-full\" title=\"(Foto: TV Globo\/Renascer)\" src=\"https:\/\/i0.wp.com\/www.tvnovelas.com.br\/tvnews\/wp-content\/uploads\/2024\/04\/39307.jpg?resize=728%2C409&#038;ssl=1\" alt=\"Foto em Renascer na semana 22 a 27 de abril\" width=\"728\" height=\"409\" srcset=\"https:\/\/i0.wp.com\/www.tvnovelas.com.br\/tvnews\/wp-content\/uploads\/2024\/04\/39307.jpg?w=728&amp;ssl=1 728w, https:\/\/i0.wp.com\/www.tvnovelas.com.br\/tvnews\/wp-content\/uploads\/2024\/04\/39307.jpg?resize=678%2C381&amp;ssl=1 678w\" sizes=\"(max-width: 728px) 100vw, 728px\" \/><figcaption id=\"caption-attachment-65215\" class=\"wp-caption-text\">Renascer na semana 22 a 27 de abril<\/figcaption><\/figure>\n<p><strong>Resumo de sexta-feira, 26 de abril<\/strong><br \/>\nEliana procura Dami\u00e3o e os dois ficam juntos. Lu consola Bento. Ritinha leva Zinha para beber na venda de Norberto. Augusto, Buba e Teca chegam \u00e0 fazenda. Teca tem uma sensa\u00e7\u00e3o de que j\u00e1 esteve naquele local. Augusto conta ao pai que o filho que Teca espera \u00e9 de Ven\u00e2ncio. O fazendeiro fica em choque. In\u00e1cia demonstra gostar de Teca. Jos\u00e9 Inoc\u00eancio conversa com Teca e depois comenta com In\u00e1cia que n\u00e3o faz ideia do que fazer. In\u00e1cia capta em Mariana a mesma ambi\u00e7\u00e3o de Belarmino. In\u00e1cia diz a Teca que seu rosto n\u00e3o lhe \u00e9 estranho. Jos\u00e9 Inoc\u00eancio expulsa Eliana da fazenda ap\u00f3s descobrir que a ex-mulher de Ven\u00e2ncio tem um caso com Dami\u00e3o.<\/p>\n<p><strong>Resumo de s\u00e1bado, 27 de abril<\/strong><br \/>\nJo\u00e3o Pedro deixa Eliana no meio da estrada depois que a mo\u00e7a o insulta. Morena nota que Lu esteja interessada em Bento. Eliana pede abrigo na casa de Sandra, e afirma \u00e0 filha de Eg\u00eddio que n\u00e3o sair\u00e1 dali enquanto n\u00e3o conseguir as terras de Ven\u00e2ncio. Buba alerta Teca sobre Mariana. Augusto abre o jogo com Bento e conta que o filho de Teca n\u00e3o \u00e9 de Ven\u00e2ncio. O advogado aconselha o irm\u00e3o a falar a verdade para o pai e avisa que essa farsa n\u00e3o dar\u00e1 certo. Bento fica sabendo por Kika que Eliana n\u00e3o voltou para casa. Sandra e Eliana convencem Rachid a deixar Eliana morar com eles na casa que era de Jacutinga. Teca diz a Jos\u00e9 Inoc\u00eancio e Jo\u00e3o Pedro que tem a impress\u00e3o de que j\u00e1 esteve na fazenda. Ao chegar na casa de Morena, Teca se nega a descer do carro e tem um mau pressentimento.<\/p>\n<h3>Coment\u00e1rios em Renascer na semana 22 a 27<\/h3>\n<div class=\"fb-comments\" data-width=\"100%\" data-order-by=\"reverse_time\" data-numposts=\"5\"><\/div>\n<p><!--END POST--><br \/>\n<a href=\"https:\/\/https:\/\/tvnovelas.com.br\/novelas\/resumos-de-renascer\/\" target=\"_blank\" rel=\"noopener\">Confira os resumos da semana de 'Renascer'<\/a><\/br>\r\n<p><strong style=\"font-size: 120%;\">\u00daltimas not\u00edcias de Renascer:<\/strong><\/p>\r\n<div class=\"pt-cv-wrapper\"><div class=\"pt-cv-view pt-cv-grid pt-cv-colsys\" id=\"pt-cv-view-76e11f7eis\"><div data-id=\"pt-cv-page-1\" class=\"pt-cv-page\" data-cvc=\"1\"><div class=\"col-md-12 col-sm-12 col-xs-12 pt-cv-content-item pt-cv-1-col\" ><div class='pt-cv-ifield'><h4 class=\"pt-cv-title\"><a href=\"https:\/\/www.tvnovelas.com.br\/tvnews\/renascer-jose-inocencio-agoniza-antes-de-morrer\/\" class=\"_blank\" target=\"_blank\" >Renascer: Jos\u00e9 Inoc\u00eancio agoniza antes de morrer<\/a><\/h4><\/div><\/div>\n<div class=\"col-md-12 col-sm-12 col-xs-12 pt-cv-content-item pt-cv-1-col\" ><div class='pt-cv-ifield'><h4 class=\"pt-cv-title\"><a href=\"https:\/\/www.tvnovelas.com.br\/tvnews\/renascer-seducao-e-vinganca-a-morte-de-egidio\/\" class=\"_blank\" target=\"_blank\" >Renascer: Sedu\u00e7\u00e3o e vingan\u00e7a. A morte de Eg\u00eddio<\/a><\/h4><\/div><\/div>\n<div class=\"col-md-12 col-sm-12 col-xs-12 pt-cv-content-item pt-cv-1-col\" ><div class='pt-cv-ifield'><h4 class=\"pt-cv-title\"><a href=\"https:\/\/www.tvnovelas.com.br\/tvnews\/renascer-mariana-se-comove-ao-ver-jose-inocencio-na-cadeira-de-rodas\/\" class=\"_blank\" target=\"_blank\" >Renascer: Mariana se comove ao ver Jos\u00e9 Inoc\u00eancio na cadeira de rodas<\/a><\/h4><\/div><\/div>\n<div class=\"col-md-12 col-sm-12 col-xs-12 pt-cv-content-item pt-cv-1-col\" ><div class='pt-cv-ifield'><h4 class=\"pt-cv-title\"><a href=\"https:\/\/www.tvnovelas.com.br\/tvnews\/renascer-inocencio-promete-que-vai-sair-da-cadeira-e-se-vingar\/\" class=\"_blank\" target=\"_blank\" >Renascer: Inoc\u00eancio promete que vai sair da cadeira e se vingar<\/a><\/h4><\/div><\/div>\n<div class=\"col-md-12 col-sm-12 col-xs-12 pt-cv-content-item pt-cv-1-col\" ><div class='pt-cv-ifield'><h4 class=\"pt-cv-title\"><a href=\"https:\/\/www.tvnovelas.com.br\/tvnews\/renascer-inocencio-dispensa-visita-de-aurora\/\" class=\"_blank\" target=\"_blank\" >Renascer: Inoc\u00eancio dispensa visita de Aurora<\/a><\/h4><\/div><\/div>\n<div class=\"col-md-12 col-sm-12 col-xs-12 pt-cv-content-item pt-cv-1-col\" ><div class='pt-cv-ifield'><h4 class=\"pt-cv-title\"><a href=\"https:\/\/www.tvnovelas.com.br\/tvnews\/renascer-eliana-comeca-a-suspeitar-de-egidio\/\" class=\"_blank\" target=\"_blank\" >Renascer: Eliana come\u00e7a a suspeitar de Eg\u00eddio<\/a><\/h4><\/div><\/div>\n<div class=\"col-md-12 col-sm-12 col-xs-12 pt-cv-content-item pt-cv-1-col\" ><div class='pt-cv-ifield'><h4 class=\"pt-cv-title\"><a href=\"https:\/\/www.tvnovelas.com.br\/tvnews\/renascer-inocencio-leva-varios-tiros-a-queima-roupa\/\" class=\"_blank\" target=\"_blank\" >Renascer: Inoc\u00eancio leva v\u00e1rios tiros \u00e0 queima roupa<\/a><\/h4><\/div><\/div>\n<div class=\"col-md-12 col-sm-12 col-xs-12 pt-cv-content-item pt-cv-1-col\" ><div class='pt-cv-ifield'><h4 class=\"pt-cv-title\"><a href=\"https:\/\/www.tvnovelas.com.br\/tvnews\/renascer-teca-em-transe-e-tem-encontro-espiritual-com-quiteria\/\" class=\"_blank\" target=\"_blank\" >Renascer: Teca em transe e tem encontro espiritual com Quit\u00e9ria<\/a><\/h4><\/div><\/div>\n<div class=\"col-md-12 col-sm-12 col-xs-12 pt-cv-content-item pt-cv-1-col\" ><div class='pt-cv-ifield'><h4 class=\"pt-cv-title\"><a href=\"https:\/\/www.tvnovelas.com.br\/tvnews\/renascer-ze-inocencio-desvenda-misterio-da-carta-da-marianinha\/\" class=\"_blank\" target=\"_blank\" >Renascer: Z\u00e9 Inoc\u00eancio desvenda mist\u00e9rio da carta da Marianinha<\/a><\/h4><\/div><\/div>\n<div class=\"col-md-12 col-sm-12 col-xs-12 pt-cv-content-item pt-cv-1-col\" ><div class='pt-cv-ifield'><h4 class=\"pt-cv-title\"><a href=\"https:\/\/www.tvnovelas.com.br\/tvnews\/renascer-eliana-e-egidio-se-casam\/\" class=\"_blank\" target=\"_blank\" >Renascer: Eliana e Eg\u00eddio se casam<\/a><\/h4><\/div><\/div><\/div><\/div><\/div>\r\n<p><strong style=\"font-size: 120%;\">\u00daltimas not\u00edcias deste site:<\/strong><\/p>\r\n<div class=\"pt-cv-wrapper\"><div class=\"pt-cv-view pt-cv-grid pt-cv-colsys\" id=\"pt-cv-view-90991035b3\"><div data-id=\"pt-cv-page-1\" class=\"pt-cv-page\" data-cvc=\"1\"><div class=\"col-md-12 col-sm-12 col-xs-12 pt-cv-content-item pt-cv-1-col\" ><div class='pt-cv-ifield'><h4 class=\"pt-cv-title\"><a href=\"https:\/\/www.tvnovelas.com.br\/tvnews\/tres-gracas-arminda-surta-ao-confirmar-que-ferette-e-pai-de-raul\/\" class=\"_self\" target=\"_self\" >Tr\u00eas Gra\u00e7as:  Arminda surta ao confirmar que Ferette \u00e9 pai de Raul<\/a><\/h4><\/div><\/div>\n<div class=\"col-md-12 col-sm-12 col-xs-12 pt-cv-content-item pt-cv-1-col\" ><div class='pt-cv-ifield'><h4 class=\"pt-cv-title\"><a href=\"https:\/\/www.tvnovelas.com.br\/tvnews\/coracao-de-mae-atilla-confronta-hasan-e-exige-o-divorcio-de-lale\/\" class=\"_self\" target=\"_self\" >Cora\u00e7\u00e3o de M\u00e3e: Atilla confronta Hasan e exige o div\u00f3rcio de Lale<\/a><\/h4><\/div><\/div>\n<div class=\"col-md-12 col-sm-12 col-xs-12 pt-cv-content-item pt-cv-1-col\" ><div class='pt-cv-ifield'><h4 class=\"pt-cv-title\"><a href=\"https:\/\/www.tvnovelas.com.br\/tvnews\/guerra-das-rosas-gulfem-coloca-gulru-contra-a-parede\/\" class=\"_self\" target=\"_self\" >Guerra das Rosas: Gulfem coloca Gulru contra a parede<\/a><\/h4><\/div><\/div>\n<div class=\"col-md-12 col-sm-12 col-xs-12 pt-cv-content-item pt-cv-1-col\" ><div class='pt-cv-ifield'><h4 class=\"pt-cv-title\"><a href=\"https:\/\/www.tvnovelas.com.br\/tvnews\/coracao-de-mae-atilla-diz-a-lale-que-quer-o-divorcio\/\" class=\"_self\" target=\"_self\" >Cora\u00e7\u00e3o de M\u00e3e: Atilla diz a Lale que quer o div\u00f3rcio<\/a><\/h4><\/div><\/div>\n<div class=\"col-md-12 col-sm-12 col-xs-12 pt-cv-content-item pt-cv-1-col\" ><div class='pt-cv-ifield'><h4 class=\"pt-cv-title\"><a href=\"https:\/\/www.tvnovelas.com.br\/tvnews\/a-nobreza-do-amor-mirinho-garante-noivado-com-virginia-para-atrair-sogro-a-negocio\/\" class=\"_self\" target=\"_self\" >A Nobreza do Amor: Mirinho garante noivado com Virg\u00ednia para atrair sogro a neg\u00f3cio<\/a><\/h4><\/div><\/div>\n<div class=\"col-md-12 col-sm-12 col-xs-12 pt-cv-content-item pt-cv-1-col\" ><div class='pt-cv-ifield'><h4 class=\"pt-cv-title\"><a href=\"https:\/\/www.tvnovelas.com.br\/tvnews\/tres-gracas-joaquim-propoe-fuga-a-arminda-com-o-dinheiro-das-tres-gracas\/\" class=\"_self\" target=\"_self\" >Tr\u00eas Gra\u00e7as:  Joaquim prop\u00f5e fuga a Arminda com o dinheiro das Tr\u00eas Gra\u00e7as<\/a><\/h4><\/div><\/div>\n<div class=\"col-md-12 col-sm-12 col-xs-12 pt-cv-content-item pt-cv-1-col\" ><div class='pt-cv-ifield'><h4 class=\"pt-cv-title\"><a href=\"https:\/\/www.tvnovelas.com.br\/tvnews\/coracao-de-mae-atilla-decide-abrir-o-jogo-com-karsu\/\" class=\"_self\" target=\"_self\" >Cora\u00e7\u00e3o de M\u00e3e: Atilla decide abrir o jogo com Karsu<\/a><\/h4><\/div><\/div>\n<div class=\"col-md-12 col-sm-12 col-xs-12 pt-cv-content-item pt-cv-1-col\" ><div class='pt-cv-ifield'><h4 class=\"pt-cv-title\"><a href=\"https:\/\/www.tvnovelas.com.br\/tvnews\/coracao-de-mae-adnan-e-preso-apos-denuncia-de-irmak\/\" class=\"_self\" target=\"_self\" >Em Cora\u00e7\u00e3o de M\u00e3e: Adnan \u00e9 preso ap\u00f3s denuncia de Irmak<\/a><\/h4><\/div><\/div>\n<div class=\"col-md-12 col-sm-12 col-xs-12 pt-cv-content-item pt-cv-1-col\" ><div class='pt-cv-ifield'><h4 class=\"pt-cv-title\"><a href=\"https:\/\/www.tvnovelas.com.br\/tvnews\/coracao-de-mae-atilla-forca-karsu-a-ouvir-suas-explicacoes\/\" class=\"_self\" target=\"_self\" >Cora\u00e7\u00e3o de M\u00e3e: Atilla for\u00e7a Karsu a ouvir suas explica\u00e7\u00f5es<\/a><\/h4><\/div><\/div>\n<div class=\"col-md-12 col-sm-12 col-xs-12 pt-cv-content-item pt-cv-1-col\" ><div class='pt-cv-ifield'><h4 class=\"pt-cv-title\"><a href=\"https:\/\/www.tvnovelas.com.br\/tvnews\/coracao-acelerado-mulher-choca-janete-ao-se-apresentar-como-amante-do-palhares\/\" class=\"_self\" target=\"_self\" >Cora\u00e7\u00e3o Acelerado: Mulher choca Janete ao se apresentar como amante do Palhares<\/a><\/h4><\/div><\/div><\/div><\/div><\/div>\r\n<a href=\"https:\/\/www.tvnovelas.com.br\/novelas\/\"><strong>Confira os resumos da semana de todas novelas<\/strong><\/a>\r\n<h3>Confira tamb\u00e9m<\/h3>\r\n<a href=\"https:\/\/www.tvnovelas.com.br\/filmes\/\" target=\"_blank\" rel=\"noopener noreferrer\"><strong>Programa\u00e7\u00e3o de filmes na TV aberta<\/strong><\/a><\/br>\r\n<a href=\"https:\/\/caetenews.com.br\/semana\/filmes-da-globo-na-sessao-da-tarde-desta-semana\/\" target=\"_blank\" rel=\"noopener\"><strong>Confira os filmes da semana na Sess\u00e3o da Tarde<\/strong><\/a><\/br>\r\n<a href=\"https:\/\/www.tvnovelas.com.br\/novelas\/\" target=\"_blank\" rel=\"noopener noreferrer\"><strong>Resumos de novelas<\/strong><\/a><br>\r\n<a href=\"https:\/\/www.tvnovelas.com.br\/news\/mundo\/\" target=\"_blank\" rel=\"noopener noreferrer\"><strong>News - Turismo, Lazer, Cultura<\/strong><\/a><br \/>\n<a href=\"https:\/\/pt.wikipedia.org\/wiki\/Renascer\" target=\"_blank\" rel=\"noopener\">Sobre Renascer, na Wikipedia<\/a><br \/>\n<a href=\"https:\/\/tvnovelas.com.br\/filmes\/filmes-na-tv-segunda\/\" target=\"_blank\" rel=\"noopener\">Confira a programa\u00e7\u00e3o de filmes na TV aberta<\/a><br \/>\n<a href=\"https:\/\/www.facebook.com\/tevenovelas\/\" target=\"_blank\" rel=\"noopener\">As \u00faltimas not\u00edcias do TV Novelas no Facebook<\/a><br \/>\n<a href=\"https:\/\/www.tvnovelas.com.br\/tvnews\/\" target=\"_blank\" rel=\"noopener\">As \u00faltimas not\u00edcias da novelas<\/a><\/p>\n","protected":false},"excerpt":{"rendered":"<p>Em Renascer na semana 22 a 27, Jos\u00e9 Ven\u00e2ncio morre v\u00edtima de tiro de Eg\u00eddio; Jos\u00e9 Inoc\u00eancio deixa claro a Jo\u00e3o Pedro que o assunto com Eg\u00eddio \u00e9 seu; Dona Patroa teme que Sandra entregue Eg\u00eddio; Jos\u00e9 Inoc\u00eancio expulsa Eliana da fazenda; Eliana pede abrigo na casa de Sandra&#8230;<\/p>\n","protected":false},"author":1,"featured_media":65236,"comment_status":"closed","ping_status":"closed","sticky":false,"template":"","format":"standard","meta":{"_uf_show_specific_survey":0,"_uf_disable_surveys":false,"_jetpack_memberships_contains_paid_content":false,"footnotes":"","_wp_rev_ctl_limit":""},"categories":[574],"tags":[5,64,285],"class_list":["post-65235","post","type-post","status-publish","format-standard","has-post-thumbnail","hentry","category-renascer","tag-globo","tag-novelas","tag-renascer","wpcat-574-id"],"aioseo_notices":[],"jetpack_featured_media_url":"https:\/\/i0.wp.com\/www.tvnovelas.com.br\/tvnews\/wp-content\/uploads\/2024\/04\/39312.jpg?fit=728%2C410&ssl=1","jetpack_shortlink":"https:\/\/wp.me\/pdP2BO-gYb","jetpack_sharing_enabled":true,"_links":{"self":[{"href":"https:\/\/www.tvnovelas.com.br\/tvnews\/wp-json\/wp\/v2\/posts\/65235","targetHints":{"allow":["GET"]}}],"collection":[{"href":"https:\/\/www.tvnovelas.com.br\/tvnews\/wp-json\/wp\/v2\/posts"}],"about":[{"href":"https:\/\/www.tvnovelas.com.br\/tvnews\/wp-json\/wp\/v2\/types\/post"}],"author":[{"embeddable":true,"href":"https:\/\/www.tvnovelas.com.br\/tvnews\/wp-json\/wp\/v2\/users\/1"}],"replies":[{"embeddable":true,"href":"https:\/\/www.tvnovelas.com.br\/tvnews\/wp-json\/wp\/v2\/comments?post=65235"}],"version-history":[{"count":1,"href":"https:\/\/www.tvnovelas.com.br\/tvnews\/wp-json\/wp\/v2\/posts\/65235\/revisions"}],"predecessor-version":[{"id":65238,"href":"https:\/\/www.tvnovelas.com.br\/tvnews\/wp-json\/wp\/v2\/posts\/65235\/revisions\/65238"}],"wp:featuredmedia":[{"embeddable":true,"href":"https:\/\/www.tvnovelas.com.br\/tvnews\/wp-json\/wp\/v2\/media\/65236"}],"wp:attachment":[{"href":"https:\/\/www.tvnovelas.com.br\/tvnews\/wp-json\/wp\/v2\/media?parent=65235"}],"wp:term":[{"taxonomy":"category","embeddable":true,"href":"https:\/\/www.tvnovelas.com.br\/tvnews\/wp-json\/wp\/v2\/categories?post=65235"},{"taxonomy":"post_tag","embeddable":true,"href":"https:\/\/www.tvnovelas.com.br\/tvnews\/wp-json\/wp\/v2\/tags?post=65235"}],"curies":[{"name":"wp","href":"https:\/\/api.w.org\/{rel}","templated":true}]}}