{"id":65261,"date":"2024-04-21T13:02:20","date_gmt":"2024-04-21T16:02:20","guid":{"rendered":"https:\/\/www.tvnovelas.com.br\/tvnews\/?p=65261"},"modified":"2024-04-21T11:19:16","modified_gmt":"2024-04-21T14:19:16","slug":"renascer-inocencio-recebe-a-noticia-da-morte-de-jose-venancio","status":"publish","type":"post","link":"https:\/\/www.tvnovelas.com.br\/tvnews\/renascer-inocencio-recebe-a-noticia-da-morte-de-jose-venancio\/","title":{"rendered":"Renascer: Inoc\u00eancio recebe a not\u00edcia da morte de Jos\u00e9 Ven\u00e2ncio"},"content":{"rendered":"<p><em>Em Renascer: Inoc\u00eancio recebe a not\u00edcia&#8230;<\/em><br \/>\n<figure id=\"attachment_65262\" aria-describedby=\"caption-attachment-65262\" style=\"width: 728px\" class=\"wp-caption alignnone\"><img data-recalc-dims=\"1\" decoding=\"async\" class=\"wp-image-65262 size-full\" title=\"(Foto: TV Globo\/Renascer)\" src=\"https:\/\/i0.wp.com\/www.tvnovelas.com.br\/tvnews\/wp-content\/uploads\/2024\/04\/39319.jpg?resize=728%2C410&#038;ssl=1\" alt=\"Foto em Renascer: Inoc\u00eancio recebe a not\u00edcia\" width=\"728\" height=\"410\" srcset=\"https:\/\/i0.wp.com\/www.tvnovelas.com.br\/tvnews\/wp-content\/uploads\/2024\/04\/39319.jpg?w=728&amp;ssl=1 728w, https:\/\/i0.wp.com\/www.tvnovelas.com.br\/tvnews\/wp-content\/uploads\/2024\/04\/39319.jpg?resize=678%2C381&amp;ssl=1 678w\" sizes=\"(max-width: 728px) 100vw, 728px\" \/><figcaption id=\"caption-attachment-65262\" class=\"wp-caption-text\">Renascer: Inoc\u00eancio recebe a not\u00edcia&#8230;<\/figcaption><\/figure><br \/>\nNo cap\u00edtulo de Renascer desta segunda, dia 22, Jos\u00e9 Inoc\u00eancio diz a Ven\u00e2ncio que deseja os filhos morando com ele na fazenda. Augusto aconselha Ven\u00e2ncio a contar ao pai a verdade sobre Teca. Eg\u00eddio fica de tocaia na estrada e atira contra o carro de Jo\u00e3o Pedro, que perde o controle. Jos\u00e9 Ven\u00e2ncio, que est\u00e1 no banco do carona, \u00e9 atingido. Eg\u00eddio enterra a arma usada na sepultura de Firmino. Jos\u00e9 Inoc\u00eancio pressente algo ruim e sai a cavalo pela estrada. Jo\u00e3o Pedro carrega o irm\u00e3o ferido at\u00e9 a casa de Morena. Jos\u00e9 Ven\u00e2ncio delira e est\u00e1 muito ferido. Z\u00e9 Augusto \u00e9 chamado e atesta a morte do irm\u00e3o. Jo\u00e3o Pedro sente-se culpado pela trag\u00e9dia e \u00e9 consolado por Morena, Deocleciano e Zinha. Deocleciano d\u00e1 a not\u00edcia da morte de Jos\u00e9 Ven\u00e2ncio para Inoc\u00eancio.<\/p>\n<h3>Coment\u00e1rios em Renascer: Inoc\u00eancio recebe a not\u00edcia&#8230;<\/h3>\n<div class=\"fb-comments\" data-width=\"100%\" data-order-by=\"reverse_time\" data-numposts=\"5\"><\/div>\n<p><!--END POST--><br \/>\n<a href=\"https:\/\/https:\/\/tvnovelas.com.br\/novelas\/resumos-de-renascer\/\" target=\"_blank\" rel=\"noopener\">Confira os resumos da semana de 'Renascer'<\/a><\/br>\r\n<p><strong style=\"font-size: 120%;\">\u00daltimas not\u00edcias de Renascer:<\/strong><\/p>\r\n<div class=\"pt-cv-wrapper\"><div class=\"pt-cv-view pt-cv-grid pt-cv-colsys\" id=\"pt-cv-view-76e11f7eis\"><div data-id=\"pt-cv-page-1\" class=\"pt-cv-page\" data-cvc=\"1\"><div class=\"col-md-12 col-sm-12 col-xs-12 pt-cv-content-item pt-cv-1-col\" ><div class='pt-cv-ifield'><h4 class=\"pt-cv-title\"><a href=\"https:\/\/www.tvnovelas.com.br\/tvnews\/renascer-jose-inocencio-agoniza-antes-de-morrer\/\" class=\"_blank\" target=\"_blank\" >Renascer: Jos\u00e9 Inoc\u00eancio agoniza antes de morrer<\/a><\/h4><\/div><\/div>\n<div class=\"col-md-12 col-sm-12 col-xs-12 pt-cv-content-item pt-cv-1-col\" ><div class='pt-cv-ifield'><h4 class=\"pt-cv-title\"><a href=\"https:\/\/www.tvnovelas.com.br\/tvnews\/renascer-seducao-e-vinganca-a-morte-de-egidio\/\" class=\"_blank\" target=\"_blank\" >Renascer: Sedu\u00e7\u00e3o e vingan\u00e7a. A morte de Eg\u00eddio<\/a><\/h4><\/div><\/div>\n<div class=\"col-md-12 col-sm-12 col-xs-12 pt-cv-content-item pt-cv-1-col\" ><div class='pt-cv-ifield'><h4 class=\"pt-cv-title\"><a href=\"https:\/\/www.tvnovelas.com.br\/tvnews\/renascer-mariana-se-comove-ao-ver-jose-inocencio-na-cadeira-de-rodas\/\" class=\"_blank\" target=\"_blank\" >Renascer: Mariana se comove ao ver Jos\u00e9 Inoc\u00eancio na cadeira de rodas<\/a><\/h4><\/div><\/div>\n<div class=\"col-md-12 col-sm-12 col-xs-12 pt-cv-content-item pt-cv-1-col\" ><div class='pt-cv-ifield'><h4 class=\"pt-cv-title\"><a href=\"https:\/\/www.tvnovelas.com.br\/tvnews\/renascer-inocencio-promete-que-vai-sair-da-cadeira-e-se-vingar\/\" class=\"_blank\" target=\"_blank\" >Renascer: Inoc\u00eancio promete que vai sair da cadeira e se vingar<\/a><\/h4><\/div><\/div>\n<div class=\"col-md-12 col-sm-12 col-xs-12 pt-cv-content-item pt-cv-1-col\" ><div class='pt-cv-ifield'><h4 class=\"pt-cv-title\"><a href=\"https:\/\/www.tvnovelas.com.br\/tvnews\/renascer-inocencio-dispensa-visita-de-aurora\/\" class=\"_blank\" target=\"_blank\" >Renascer: Inoc\u00eancio dispensa visita de Aurora<\/a><\/h4><\/div><\/div>\n<div class=\"col-md-12 col-sm-12 col-xs-12 pt-cv-content-item pt-cv-1-col\" ><div class='pt-cv-ifield'><h4 class=\"pt-cv-title\"><a href=\"https:\/\/www.tvnovelas.com.br\/tvnews\/renascer-eliana-comeca-a-suspeitar-de-egidio\/\" class=\"_blank\" target=\"_blank\" >Renascer: Eliana come\u00e7a a suspeitar de Eg\u00eddio<\/a><\/h4><\/div><\/div>\n<div class=\"col-md-12 col-sm-12 col-xs-12 pt-cv-content-item pt-cv-1-col\" ><div class='pt-cv-ifield'><h4 class=\"pt-cv-title\"><a href=\"https:\/\/www.tvnovelas.com.br\/tvnews\/renascer-inocencio-leva-varios-tiros-a-queima-roupa\/\" class=\"_blank\" target=\"_blank\" >Renascer: Inoc\u00eancio leva v\u00e1rios tiros \u00e0 queima roupa<\/a><\/h4><\/div><\/div>\n<div class=\"col-md-12 col-sm-12 col-xs-12 pt-cv-content-item pt-cv-1-col\" ><div class='pt-cv-ifield'><h4 class=\"pt-cv-title\"><a href=\"https:\/\/www.tvnovelas.com.br\/tvnews\/renascer-teca-em-transe-e-tem-encontro-espiritual-com-quiteria\/\" class=\"_blank\" target=\"_blank\" >Renascer: Teca em transe e tem encontro espiritual com Quit\u00e9ria<\/a><\/h4><\/div><\/div>\n<div class=\"col-md-12 col-sm-12 col-xs-12 pt-cv-content-item pt-cv-1-col\" ><div class='pt-cv-ifield'><h4 class=\"pt-cv-title\"><a href=\"https:\/\/www.tvnovelas.com.br\/tvnews\/renascer-ze-inocencio-desvenda-misterio-da-carta-da-marianinha\/\" class=\"_blank\" target=\"_blank\" >Renascer: Z\u00e9 Inoc\u00eancio desvenda mist\u00e9rio da carta da Marianinha<\/a><\/h4><\/div><\/div>\n<div class=\"col-md-12 col-sm-12 col-xs-12 pt-cv-content-item pt-cv-1-col\" ><div class='pt-cv-ifield'><h4 class=\"pt-cv-title\"><a href=\"https:\/\/www.tvnovelas.com.br\/tvnews\/renascer-eliana-e-egidio-se-casam\/\" class=\"_blank\" target=\"_blank\" >Renascer: Eliana e Eg\u00eddio se casam<\/a><\/h4><\/div><\/div><\/div><\/div><\/div>\r\n<p><strong style=\"font-size: 120%;\">\u00daltimas not\u00edcias deste site:<\/strong><\/p>\r\n<div class=\"pt-cv-wrapper\"><div class=\"pt-cv-view pt-cv-grid pt-cv-colsys\" id=\"pt-cv-view-90991035b3\"><div data-id=\"pt-cv-page-1\" class=\"pt-cv-page\" data-cvc=\"1\"><div class=\"col-md-12 col-sm-12 col-xs-12 pt-cv-content-item pt-cv-1-col\" ><div class='pt-cv-ifield'><h4 class=\"pt-cv-title\"><a href=\"https:\/\/www.tvnovelas.com.br\/tvnews\/tres-gracas-arminda-surta-ao-confirmar-que-ferette-e-pai-de-raul\/\" class=\"_self\" target=\"_self\" >Tr\u00eas Gra\u00e7as:  Arminda surta ao confirmar que Ferette \u00e9 pai de Raul<\/a><\/h4><\/div><\/div>\n<div class=\"col-md-12 col-sm-12 col-xs-12 pt-cv-content-item pt-cv-1-col\" ><div class='pt-cv-ifield'><h4 class=\"pt-cv-title\"><a href=\"https:\/\/www.tvnovelas.com.br\/tvnews\/coracao-de-mae-atilla-confronta-hasan-e-exige-o-divorcio-de-lale\/\" class=\"_self\" target=\"_self\" >Cora\u00e7\u00e3o de M\u00e3e: Atilla confronta Hasan e exige o div\u00f3rcio de Lale<\/a><\/h4><\/div><\/div>\n<div class=\"col-md-12 col-sm-12 col-xs-12 pt-cv-content-item pt-cv-1-col\" ><div class='pt-cv-ifield'><h4 class=\"pt-cv-title\"><a href=\"https:\/\/www.tvnovelas.com.br\/tvnews\/guerra-das-rosas-gulfem-coloca-gulru-contra-a-parede\/\" class=\"_self\" target=\"_self\" >Guerra das Rosas: Gulfem coloca Gulru contra a parede<\/a><\/h4><\/div><\/div>\n<div class=\"col-md-12 col-sm-12 col-xs-12 pt-cv-content-item pt-cv-1-col\" ><div class='pt-cv-ifield'><h4 class=\"pt-cv-title\"><a href=\"https:\/\/www.tvnovelas.com.br\/tvnews\/coracao-de-mae-atilla-diz-a-lale-que-quer-o-divorcio\/\" class=\"_self\" target=\"_self\" >Cora\u00e7\u00e3o de M\u00e3e: Atilla diz a Lale que quer o div\u00f3rcio<\/a><\/h4><\/div><\/div>\n<div class=\"col-md-12 col-sm-12 col-xs-12 pt-cv-content-item pt-cv-1-col\" ><div class='pt-cv-ifield'><h4 class=\"pt-cv-title\"><a href=\"https:\/\/www.tvnovelas.com.br\/tvnews\/a-nobreza-do-amor-mirinho-garante-noivado-com-virginia-para-atrair-sogro-a-negocio\/\" class=\"_self\" target=\"_self\" >A Nobreza do Amor: Mirinho garante noivado com Virg\u00ednia para atrair sogro a neg\u00f3cio<\/a><\/h4><\/div><\/div>\n<div class=\"col-md-12 col-sm-12 col-xs-12 pt-cv-content-item pt-cv-1-col\" ><div class='pt-cv-ifield'><h4 class=\"pt-cv-title\"><a href=\"https:\/\/www.tvnovelas.com.br\/tvnews\/tres-gracas-joaquim-propoe-fuga-a-arminda-com-o-dinheiro-das-tres-gracas\/\" class=\"_self\" target=\"_self\" >Tr\u00eas Gra\u00e7as:  Joaquim prop\u00f5e fuga a Arminda com o dinheiro das Tr\u00eas Gra\u00e7as<\/a><\/h4><\/div><\/div>\n<div class=\"col-md-12 col-sm-12 col-xs-12 pt-cv-content-item pt-cv-1-col\" ><div class='pt-cv-ifield'><h4 class=\"pt-cv-title\"><a href=\"https:\/\/www.tvnovelas.com.br\/tvnews\/coracao-de-mae-atilla-decide-abrir-o-jogo-com-karsu\/\" class=\"_self\" target=\"_self\" >Cora\u00e7\u00e3o de M\u00e3e: Atilla decide abrir o jogo com Karsu<\/a><\/h4><\/div><\/div>\n<div class=\"col-md-12 col-sm-12 col-xs-12 pt-cv-content-item pt-cv-1-col\" ><div class='pt-cv-ifield'><h4 class=\"pt-cv-title\"><a href=\"https:\/\/www.tvnovelas.com.br\/tvnews\/coracao-de-mae-adnan-e-preso-apos-denuncia-de-irmak\/\" class=\"_self\" target=\"_self\" >Em Cora\u00e7\u00e3o de M\u00e3e: Adnan \u00e9 preso ap\u00f3s denuncia de Irmak<\/a><\/h4><\/div><\/div>\n<div class=\"col-md-12 col-sm-12 col-xs-12 pt-cv-content-item pt-cv-1-col\" ><div class='pt-cv-ifield'><h4 class=\"pt-cv-title\"><a href=\"https:\/\/www.tvnovelas.com.br\/tvnews\/coracao-de-mae-atilla-forca-karsu-a-ouvir-suas-explicacoes\/\" class=\"_self\" target=\"_self\" >Cora\u00e7\u00e3o de M\u00e3e: Atilla for\u00e7a Karsu a ouvir suas explica\u00e7\u00f5es<\/a><\/h4><\/div><\/div>\n<div class=\"col-md-12 col-sm-12 col-xs-12 pt-cv-content-item pt-cv-1-col\" ><div class='pt-cv-ifield'><h4 class=\"pt-cv-title\"><a href=\"https:\/\/www.tvnovelas.com.br\/tvnews\/coracao-acelerado-mulher-choca-janete-ao-se-apresentar-como-amante-do-palhares\/\" class=\"_self\" target=\"_self\" >Cora\u00e7\u00e3o Acelerado: Mulher choca Janete ao se apresentar como amante do Palhares<\/a><\/h4><\/div><\/div><\/div><\/div><\/div>\r\n<a href=\"https:\/\/www.tvnovelas.com.br\/novelas\/\"><strong>Confira os resumos da semana de todas novelas<\/strong><\/a>\r\n<h3>Confira tamb\u00e9m<\/h3>\r\n<a href=\"https:\/\/www.tvnovelas.com.br\/filmes\/\" target=\"_blank\" rel=\"noopener noreferrer\"><strong>Programa\u00e7\u00e3o de filmes na TV aberta<\/strong><\/a><\/br>\r\n<a href=\"https:\/\/caetenews.com.br\/semana\/filmes-da-globo-na-sessao-da-tarde-desta-semana\/\" target=\"_blank\" rel=\"noopener\"><strong>Confira os filmes da semana na Sess\u00e3o da Tarde<\/strong><\/a><\/br>\r\n<a href=\"https:\/\/www.tvnovelas.com.br\/novelas\/\" target=\"_blank\" rel=\"noopener noreferrer\"><strong>Resumos de novelas<\/strong><\/a><br>\r\n<a href=\"https:\/\/www.tvnovelas.com.br\/news\/mundo\/\" target=\"_blank\" rel=\"noopener noreferrer\"><strong>News - Turismo, Lazer, Cultura<\/strong><\/a><br \/>\n<a href=\"https:\/\/pt.wikipedia.org\/wiki\/Renascer\" target=\"_blank\" rel=\"noopener\">Sobre Renascer, na Wikipedia<\/a><br \/>\n<a href=\"https:\/\/tvnovelas.com.br\/filmes\/filmes-na-tv-segunda\/\" target=\"_blank\" rel=\"noopener\">Confira a programa\u00e7\u00e3o de filmes na TV aberta<\/a><br \/>\n<a href=\"https:\/\/www.facebook.com\/tevenovelas\/\" target=\"_blank\" rel=\"noopener\">As \u00faltimas not\u00edcias do TV Novelas no Facebook<\/a><br \/>\n<a href=\"https:\/\/www.tvnovelas.com.br\/tvnews\/\" target=\"_blank\" rel=\"noopener\">As \u00faltimas not\u00edcias da novelas<\/a><\/p>\n","protected":false},"excerpt":{"rendered":"<p>Renascer: Inoc\u00eancio recebe a not\u00edcia&#8230;. No cap\u00edtulo desta segunda, dia 22, Jos\u00e9 Inoc\u00eancio diz a Ven\u00e2ncio que deseja os filhos morando com ele na fazenda. Augusto&#8230;<\/p>\n","protected":false},"author":1,"featured_media":65262,"comment_status":"closed","ping_status":"closed","sticky":false,"template":"","format":"standard","meta":{"_uf_show_specific_survey":0,"_uf_disable_surveys":false,"_jetpack_memberships_contains_paid_content":false,"footnotes":"","_wp_rev_ctl_limit":""},"categories":[574],"tags":[5,64,285],"class_list":["post-65261","post","type-post","status-publish","format-standard","has-post-thumbnail","hentry","category-renascer","tag-globo","tag-novelas","tag-renascer","wpcat-574-id"],"aioseo_notices":[],"jetpack_featured_media_url":"https:\/\/i0.wp.com\/www.tvnovelas.com.br\/tvnews\/wp-content\/uploads\/2024\/04\/39319.jpg?fit=728%2C410&ssl=1","jetpack_shortlink":"https:\/\/wp.me\/pdP2BO-gYB","jetpack_sharing_enabled":true,"_links":{"self":[{"href":"https:\/\/www.tvnovelas.com.br\/tvnews\/wp-json\/wp\/v2\/posts\/65261","targetHints":{"allow":["GET"]}}],"collection":[{"href":"https:\/\/www.tvnovelas.com.br\/tvnews\/wp-json\/wp\/v2\/posts"}],"about":[{"href":"https:\/\/www.tvnovelas.com.br\/tvnews\/wp-json\/wp\/v2\/types\/post"}],"author":[{"embeddable":true,"href":"https:\/\/www.tvnovelas.com.br\/tvnews\/wp-json\/wp\/v2\/users\/1"}],"replies":[{"embeddable":true,"href":"https:\/\/www.tvnovelas.com.br\/tvnews\/wp-json\/wp\/v2\/comments?post=65261"}],"version-history":[{"count":1,"href":"https:\/\/www.tvnovelas.com.br\/tvnews\/wp-json\/wp\/v2\/posts\/65261\/revisions"}],"predecessor-version":[{"id":65263,"href":"https:\/\/www.tvnovelas.com.br\/tvnews\/wp-json\/wp\/v2\/posts\/65261\/revisions\/65263"}],"wp:featuredmedia":[{"embeddable":true,"href":"https:\/\/www.tvnovelas.com.br\/tvnews\/wp-json\/wp\/v2\/media\/65262"}],"wp:attachment":[{"href":"https:\/\/www.tvnovelas.com.br\/tvnews\/wp-json\/wp\/v2\/media?parent=65261"}],"wp:term":[{"taxonomy":"category","embeddable":true,"href":"https:\/\/www.tvnovelas.com.br\/tvnews\/wp-json\/wp\/v2\/categories?post=65261"},{"taxonomy":"post_tag","embeddable":true,"href":"https:\/\/www.tvnovelas.com.br\/tvnews\/wp-json\/wp\/v2\/tags?post=65261"}],"curies":[{"name":"wp","href":"https:\/\/api.w.org\/{rel}","templated":true}]}}