{"id":65405,"date":"2024-04-23T13:04:13","date_gmt":"2024-04-23T16:04:13","guid":{"rendered":"https:\/\/www.tvnovelas.com.br\/tvnews\/?p=65405"},"modified":"2024-04-23T13:18:32","modified_gmt":"2024-04-23T16:18:32","slug":"a-segunda-temporada-encantados-estreia-na-tv-globo-nesta-terca-23","status":"publish","type":"post","link":"https:\/\/www.tvnovelas.com.br\/tvnews\/a-segunda-temporada-encantados-estreia-na-tv-globo-nesta-terca-23\/","title":{"rendered":"A segunda temporada de Encantado\u2019s estreia na TV Globo nesta ter\u00e7a, 23"},"content":{"rendered":"<p><em>Em Encantado\u2019s estreia&#8230;<\/em><br \/>\n<figure id=\"attachment_65407\" aria-describedby=\"caption-attachment-65407\" style=\"width: 728px\" class=\"wp-caption alignnone\"><img data-recalc-dims=\"1\" decoding=\"async\" class=\"wp-image-65407 size-full\" title=\"(Foto: Repodu\u00e7\u00e3o\/TV Globo\/Encantado\u2019s\/\" src=\"https:\/\/i0.wp.com\/www.tvnovelas.com.br\/tvnews\/wp-content\/uploads\/2024\/04\/39339.jpg?resize=728%2C410&#038;ssl=1\" alt=\"Encantado\u2019s estreia...\" width=\"728\" height=\"410\" \/><figcaption id=\"caption-attachment-65407\" class=\"wp-caption-text\">Encantado\u2019s estreia&#8230;<\/figcaption><\/figure><\/p>\n<p>A TV Globo estreia nesta ter\u00e7a, dia 23, a segunda temporada da s\u00e9rie \u2018Encantado\u2019s\u2019, repleta de aventuras, samba, humor, emo\u00e7\u00e3o e participa\u00e7\u00f5es especiais. Desta vez, a obra marca a entrada da atriz Eliane Giardini como a vil\u00e3 Dalva. Henrique lembra que a s\u00e9rie foi pensada e criada a partir da identifica\u00e7\u00e3o com o grande p\u00fablico, a vida que as pessoas levam, a luta do dia a dia, a f\u00e9, o sonho e o ideal dessa batalha para uma vida melhor.<\/p>\n<p>Depois do desfile apote\u00f3tico de Encantado\u2019s, que emocionou a avenida na primeira temporada, Ol\u00edmpia (Vilma Melo), Eraldo (Luis Miranda) e toda a turma enfrentam novos desafios. Sem deixar de lado os conflitos da dupla, que passa pela sobreviv\u00eancia dos seus empreendimentos para contornar os resultados negativos dos investimentos frustrados que fizeram, as rela\u00e7\u00f5es familiares ganham diferentes camadas, e hist\u00f3rias dos personagens que vivem no entorno dos protagonistas s\u00e3o aprofundadas. No mercado, Maria Augusta (Evelyn Castro), influencer digital e mulher de Eraldo, salva o Encantado\u2019s da fal\u00eancia e se autoproclama como gerente, sendo mais um problema para a cunhada, Ol\u00edmpia.<\/p>\n<p>A vil\u00e3 da vez \u00e9 Dalva (Eliane Giardini), que ocupa o lugar de Madur\u00e3o (Tony Ramos), com objetivos que v\u00e3o muito al\u00e9m da mera compra do terreno dos Ponza. Ap\u00f3s ter aprontado com Eraldo e quase levado a Joia do Encantado ao rebaixamento no \u00faltimo epis\u00f3dio da primeira temporada, Madur\u00e3o (Tony Ramos) \u00e9 recha\u00e7ado por Marlene Ponza (Dhu Moraes). A matriarca da fam\u00edlia n\u00e3o aceita as desculpas do bicheiro, que acaba ridicularizado pela comunidade. Mas antes de ser enviado para um ponto menor, o mandachuva consegue articular sobre quem o substituir\u00e1 na contraven\u00e7\u00e3o: entra em cena Dalva, personagem de Eliane Giardini. A princ\u00edpio, a chegada da m\u00e3e de Ceroto (Leandro Ramos) parece trazer al\u00edvio para a fam\u00edlia Encantado\u2019s, mas \u00e9 importante lembrar que \u00e0s vezes as apar\u00eancias enganam.<br \/>\n<!--FIM--><\/p>\n<h3>Coment\u00e1rios em Encantado\u2019s estreia&#8230;<\/h3>\n<div class=\"fb-comments\" data-width=\"100%\" data-order-by=\"reverse_time\" data-numposts=\"5\"><\/div>\n<p><strong style=\"font-size: 120%;\">\u00daltimas not\u00edcias deste canal:<\/strong>\r\n<div class=\"pt-cv-wrapper\"><div class=\"pt-cv-view pt-cv-grid pt-cv-colsys\" id=\"pt-cv-view-90991035b3\"><div data-id=\"pt-cv-page-1\" class=\"pt-cv-page\" data-cvc=\"1\"><div class=\"col-md-12 col-sm-12 col-xs-12 pt-cv-content-item pt-cv-1-col\" ><div class='pt-cv-ifield'><h4 class=\"pt-cv-title\"><a href=\"https:\/\/www.tvnovelas.com.br\/tvnews\/em-coracao-de-mae-nos-proximos-capitulos-04-a-08-5\/\" class=\"_self\" target=\"_self\" >Em Cora\u00e7\u00e3o de M\u00e3e nos pr\u00f3ximos cap\u00edtulos (04 a 08\/5)<\/a><\/h4><\/div><\/div>\n<div class=\"col-md-12 col-sm-12 col-xs-12 pt-cv-content-item pt-cv-1-col\" ><div class='pt-cv-ifield'><h4 class=\"pt-cv-title\"><a href=\"https:\/\/www.tvnovelas.com.br\/tvnews\/coracao-de-mae-hasan-e-filiz-em-piquenique-romantico\/\" class=\"_self\" target=\"_self\" >Cora\u00e7\u00e3o de M\u00e3e: Hasan e Filiz em piquenique rom\u00e2ntico<\/a><\/h4><\/div><\/div>\n<div class=\"col-md-12 col-sm-12 col-xs-12 pt-cv-content-item pt-cv-1-col\" ><div class='pt-cv-ifield'><h4 class=\"pt-cv-title\"><a href=\"https:\/\/www.tvnovelas.com.br\/tvnews\/guerra-das-rosas-cihan-vibra-com-desistencia-de-gulru-de-casar-com-mert\/\" class=\"_self\" target=\"_self\" >Guerra das Rosas: Cihan vibra com desist\u00eancia de Gulru de casar com Mert<\/a><\/h4><\/div><\/div>\n<div class=\"col-md-12 col-sm-12 col-xs-12 pt-cv-content-item pt-cv-1-col\" ><div class='pt-cv-ifield'><h4 class=\"pt-cv-title\"><a href=\"https:\/\/www.tvnovelas.com.br\/tvnews\/coracao-de-mae-irmak-denuncia-adnan\/\" class=\"_self\" target=\"_self\" >Cora\u00e7\u00e3o de M\u00e3e: Irmak denuncia Adnan<\/a><\/h4><\/div><\/div>\n<div class=\"col-md-12 col-sm-12 col-xs-12 pt-cv-content-item pt-cv-1-col\" ><div class='pt-cv-ifield'><h4 class=\"pt-cv-title\"><a href=\"https:\/\/www.tvnovelas.com.br\/tvnews\/a-nobreza-do-amor-mirinho-e-obrigado-a-resgatar-tonho\/\" class=\"_self\" target=\"_self\" >A Nobreza do Amor: Mirinho \u00e9 obrigado a resgatar Tonho<\/a><\/h4><\/div><\/div>\n<div class=\"col-md-12 col-sm-12 col-xs-12 pt-cv-content-item pt-cv-1-col\" ><div class='pt-cv-ifield'><h4 class=\"pt-cv-title\"><a href=\"https:\/\/www.tvnovelas.com.br\/tvnews\/tres-gracas-paulinho-e-afastado-da-policia-por-causa-de-gerluce\/\" class=\"_self\" target=\"_self\" >Tr\u00eas Gra\u00e7as: Paulinho \u00e9 afastado da pol\u00edcia por causa de Gerluce<\/a><\/h4><\/div><\/div>\n<div class=\"col-md-12 col-sm-12 col-xs-12 pt-cv-content-item pt-cv-1-col\" ><div class='pt-cv-ifield'><h4 class=\"pt-cv-title\"><a href=\"https:\/\/www.tvnovelas.com.br\/tvnews\/coracao-de-mae-irmak-inicia-jogo-arriscado-contra-adnan\/\" class=\"_self\" target=\"_self\" >Cora\u00e7\u00e3o de M\u00e3e: Irmak inicia jogo arriscado contra Adnan<\/a><\/h4><\/div><\/div>\n<div class=\"col-md-12 col-sm-12 col-xs-12 pt-cv-content-item pt-cv-1-col\" ><div class='pt-cv-ifield'><h4 class=\"pt-cv-title\"><a href=\"https:\/\/www.tvnovelas.com.br\/tvnews\/guerra-das-rosas-omer-chama-gulru-vestida-de-noiva-para-fugir\/\" class=\"_self\" target=\"_self\" >Guerra das Rosas: Omer chama Gulru vestida de noiva para fugir<\/a><\/h4><\/div><\/div>\n<div class=\"col-md-12 col-sm-12 col-xs-12 pt-cv-content-item pt-cv-1-col\" ><div class='pt-cv-ifield'><h4 class=\"pt-cv-title\"><a href=\"https:\/\/www.tvnovelas.com.br\/tvnews\/coracao-de-mae-reha-sai-para-jantar-com-selvi\/\" class=\"_self\" target=\"_self\" >Cora\u00e7\u00e3o de M\u00e3e: Reha sai para jantar com Selvi<\/a><\/h4><\/div><\/div>\n<div class=\"col-md-12 col-sm-12 col-xs-12 pt-cv-content-item pt-cv-1-col\" ><div class='pt-cv-ifield'><h4 class=\"pt-cv-title\"><a href=\"https:\/\/www.tvnovelas.com.br\/tvnews\/coracao-acelerado-zila-se-preocupa-com-sua-situacao-apos-separacao\/\" class=\"_self\" target=\"_self\" >Cora\u00e7\u00e3o Acelerado: Zil\u00e1 se preocupa com sua situa\u00e7\u00e3o ap\u00f3s separa\u00e7\u00e3o<\/a><\/h4><\/div><\/div><\/div><\/div><\/div>\r\n<a href=\"https:\/\/www.tvnovelas.com.br\/novelas\/\"><strong>Confira os resumos da semana de todas novelas<\/strong><\/a><\/br>\r\n<h3>Confira tamb\u00e9m<\/h3>\r\n<a href=\"https:\/\/www.tvnovelas.com.br\/filmes\/\" target=\"_blank\" rel=\"noopener noreferrer\"><strong>Programa\u00e7\u00e3o de filmes na TV aberta<\/strong><\/a><\/br>\r\n<a href=\"https:\/\/caetenews.com.br\/semana\/filmes-da-globo-na-sessao-da-tarde-desta-semana\/\" target=\"_blank\" rel=\"noopener\"><strong>Confira os filmes da semana na Sess\u00e3o da Tarde<\/strong><\/a><\/br>\r\n<a href=\"https:\/\/www.tvnovelas.com.br\/novelas\/\" target=\"_blank\" rel=\"noopener noreferrer\"><strong>Resumos de novelas<\/strong><\/a><\/br>\r\n<a href=\"https:\/\/tvnovelas.com.br\/news\/mundo\/\" rel=\"noopener\" target=\"_blank\"><strong>News: Turismo, Cultura, Lazer e Entretenimento<\/strong><\/a><br \/>\n<a href=\"https:\/\/www.facebook.com\/tevenovelas\/\" target=\"_blank\" rel=\"noopener\">Not\u00edcias de TV Novelas no Facebook<\/a><br \/>\n<a href=\"https:\/\/tvnovelas.com.br\/filmes\/filmes-na-tv-segunda\/\" target=\"_blank\" rel=\"noopener\">Confira a programa\u00e7\u00e3o de filmes na TV aberta<\/a><br \/>\n<a href=\"https:\/\/www.tvnovelas.com.br\/tvnews\/\" target=\"_blank\" rel=\"noopener\">\u00daltimas not\u00edcias das novelas<\/a><\/p>\n","protected":false},"excerpt":{"rendered":"<p>Encantado\u2019s estreia&#8230;. A TV Globo estreia nesta ter\u00e7a, dia 23, a segunda temporada da s\u00e9rie \u2018Encantado\u2019s\u2019, repleta de aventuras, samba, humor, emo\u00e7\u00e3o e&#8230;<\/p>\n","protected":false},"author":1,"featured_media":65407,"comment_status":"closed","ping_status":"closed","sticky":false,"template":"","format":"standard","meta":{"_uf_show_specific_survey":0,"_uf_disable_surveys":false,"_jetpack_memberships_contains_paid_content":false,"footnotes":"","_wp_rev_ctl_limit":""},"categories":[236,353],"tags":[773,5],"class_list":["post-65405","post","type-post","status-publish","format-standard","has-post-thumbnail","hentry","category-globo","category-resumos-de-novelas","tag-encantados","tag-globo","wpcat-236-id","wpcat-353-id"],"aioseo_notices":[],"jetpack_featured_media_url":"https:\/\/i0.wp.com\/www.tvnovelas.com.br\/tvnews\/wp-content\/uploads\/2024\/04\/39339.jpg?fit=728%2C410&ssl=1","jetpack_shortlink":"https:\/\/wp.me\/pdP2BO-h0V","jetpack_sharing_enabled":true,"_links":{"self":[{"href":"https:\/\/www.tvnovelas.com.br\/tvnews\/wp-json\/wp\/v2\/posts\/65405","targetHints":{"allow":["GET"]}}],"collection":[{"href":"https:\/\/www.tvnovelas.com.br\/tvnews\/wp-json\/wp\/v2\/posts"}],"about":[{"href":"https:\/\/www.tvnovelas.com.br\/tvnews\/wp-json\/wp\/v2\/types\/post"}],"author":[{"embeddable":true,"href":"https:\/\/www.tvnovelas.com.br\/tvnews\/wp-json\/wp\/v2\/users\/1"}],"replies":[{"embeddable":true,"href":"https:\/\/www.tvnovelas.com.br\/tvnews\/wp-json\/wp\/v2\/comments?post=65405"}],"version-history":[{"count":4,"href":"https:\/\/www.tvnovelas.com.br\/tvnews\/wp-json\/wp\/v2\/posts\/65405\/revisions"}],"predecessor-version":[{"id":65410,"href":"https:\/\/www.tvnovelas.com.br\/tvnews\/wp-json\/wp\/v2\/posts\/65405\/revisions\/65410"}],"wp:featuredmedia":[{"embeddable":true,"href":"https:\/\/www.tvnovelas.com.br\/tvnews\/wp-json\/wp\/v2\/media\/65407"}],"wp:attachment":[{"href":"https:\/\/www.tvnovelas.com.br\/tvnews\/wp-json\/wp\/v2\/media?parent=65405"}],"wp:term":[{"taxonomy":"category","embeddable":true,"href":"https:\/\/www.tvnovelas.com.br\/tvnews\/wp-json\/wp\/v2\/categories?post=65405"},{"taxonomy":"post_tag","embeddable":true,"href":"https:\/\/www.tvnovelas.com.br\/tvnews\/wp-json\/wp\/v2\/tags?post=65405"}],"curies":[{"name":"wp","href":"https:\/\/api.w.org\/{rel}","templated":true}]}}