{"id":66009,"date":"2024-05-13T10:28:22","date_gmt":"2024-05-13T13:28:22","guid":{"rendered":"https:\/\/www.tvnovelas.com.br\/tvnews\/?p=66009"},"modified":"2024-05-13T10:28:22","modified_gmt":"2024-05-13T13:28:22","slug":"minisserie-decadencia-chega-ao-globoplay-nesta-segunda-dia-13","status":"publish","type":"post","link":"https:\/\/www.tvnovelas.com.br\/tvnews\/minisserie-decadencia-chega-ao-globoplay-nesta-segunda-dia-13\/","title":{"rendered":"Miniss\u00e9rie Decad\u00eancia chega ao Globoplay nesta segunda, dia 13"},"content":{"rendered":"<p><em>Miniss\u00e9rie Decad\u00eancia<\/em><br \/>\n<img data-recalc-dims=\"1\" decoding=\"async\" class=\"alignnone wp-image-66013 size-full\" title=\"Foto: Bazilio Calazans\/Globo\/Decad\u00eancia\/\" src=\"https:\/\/i0.wp.com\/www.tvnovelas.com.br\/tvnews\/wp-content\/uploads\/2024\/05\/39490.jpg?resize=728%2C410&#038;ssl=1\" alt=\"Foto em Miniss\u00e9rie Decad\u00eancia\" width=\"728\" height=\"410\" \/><br \/>\nA miniss\u00e9rie da Globo, Decad\u00eancia, de 1995, chegam ao Globoplay nesta segunada-feira, 13 de maio, dentro do projeto de Resgate de cl\u00e1ssicos da dramaturgia da TV Globo.<\/p>\n<p>Na trama, um contraponto entre o s\u00fabito enriquecimento de um pastor que explora fi\u00e9is e a decad\u00eancia de uma poderosa fam\u00edlia.<\/p>\n<p>A miniss\u00e9rie, de autoria de Dias Gomes, conta a hist\u00f3ria do decl\u00ednio de uma poderosa e conservadora fam\u00edlia carioca, os Tavares Branco, entre 1984 e 1992. Passando pela morte de Tancredo Neves, a elei\u00e7\u00e3o e o impeachment de Fernando Collor, os Tavares Branco v\u00e3o falindo e deixando transparecer seus problemas familiares e financeiros. Para se vingar dos Tavares Branco, o menino de rua que foi adotado pela fam\u00edlia, Mariel (Edson Celulari), ascende socialmente tornando-se um pastor influente e audacioso.<\/p>\n<p>Sua vingan\u00e7a teve in\u00edcio quando foi impedido de viver com a ca\u00e7ula da fam\u00edlia, a contestadora e corajosa Carla (Adriana Esteves). Apesar de se amarem, tomam rumos diferentes: ele pretende crescer cada vez mais com suas v\u00e1rias igrejas evang\u00e9licas, mas ela n\u00e3o concorda com seu modo de agir.<\/p>\n<p>No elenco de Decad\u00eancia est\u00e3o Edson Celulari, Rubens Corr\u00eaa, Zez\u00e9 Polessa, Adriana Esteves, entre outros<br \/>\n<!--FIM DO POST--><\/p>\n<h2>Coment\u00e1rios em Miniss\u00e9rie Decad\u00eancia<\/h2>\n<div class=\"fb-comments\" data-width=\"100%\" data-order-by=\"reverse_time\" data-numposts=\"5\"><\/div>\n<p><a href=\"https:\/\/tvnovelas.com.br\/filmes\/filmes-na-tv-segunda\/\" target=\"_blank\" rel=\"noopener\">Confira a programa\u00e7\u00e3o de filmes na TV aberta<\/a><br \/>\n<a href=\"https:\/\/www.tvnovelas.com.br\/tvnews\/\">\u00daltimas not\u00edcias de todas as novelas<\/a><\/p>\n","protected":false},"excerpt":{"rendered":"<p>Miniss\u00e9rie Decad\u00eancia&#8230;. A miniss\u00e9rie  Decad\u00eancia, de 1995, chegam ao Globoplay nesta segunada-feira, 13 de maio, dentro do projeto de Resgate de cl\u00e1ssicos da dramaturgia da TV Globo<\/p>\n","protected":false},"author":1,"featured_media":66013,"comment_status":"closed","ping_status":"closed","sticky":false,"template":"","format":"standard","meta":{"_uf_show_specific_survey":0,"_uf_disable_surveys":false,"_jetpack_memberships_contains_paid_content":false,"footnotes":"","_wp_rev_ctl_limit":""},"categories":[286,353],"tags":[775,348,5,249],"class_list":["post-66009","post","type-post","status-publish","format-standard","has-post-thumbnail","hentry","category-globoplay","category-resumos-de-novelas","tag-decadencia","tag-filmes-e-series","tag-globo","tag-globoplay","wpcat-286-id","wpcat-353-id"],"aioseo_notices":[],"jetpack_featured_media_url":"https:\/\/i0.wp.com\/www.tvnovelas.com.br\/tvnews\/wp-content\/uploads\/2024\/05\/39490.jpg?fit=728%2C410&ssl=1","jetpack_shortlink":"https:\/\/wp.me\/pdP2BO-haF","jetpack_sharing_enabled":true,"_links":{"self":[{"href":"https:\/\/www.tvnovelas.com.br\/tvnews\/wp-json\/wp\/v2\/posts\/66009","targetHints":{"allow":["GET"]}}],"collection":[{"href":"https:\/\/www.tvnovelas.com.br\/tvnews\/wp-json\/wp\/v2\/posts"}],"about":[{"href":"https:\/\/www.tvnovelas.com.br\/tvnews\/wp-json\/wp\/v2\/types\/post"}],"author":[{"embeddable":true,"href":"https:\/\/www.tvnovelas.com.br\/tvnews\/wp-json\/wp\/v2\/users\/1"}],"replies":[{"embeddable":true,"href":"https:\/\/www.tvnovelas.com.br\/tvnews\/wp-json\/wp\/v2\/comments?post=66009"}],"version-history":[{"count":3,"href":"https:\/\/www.tvnovelas.com.br\/tvnews\/wp-json\/wp\/v2\/posts\/66009\/revisions"}],"predecessor-version":[{"id":66014,"href":"https:\/\/www.tvnovelas.com.br\/tvnews\/wp-json\/wp\/v2\/posts\/66009\/revisions\/66014"}],"wp:featuredmedia":[{"embeddable":true,"href":"https:\/\/www.tvnovelas.com.br\/tvnews\/wp-json\/wp\/v2\/media\/66013"}],"wp:attachment":[{"href":"https:\/\/www.tvnovelas.com.br\/tvnews\/wp-json\/wp\/v2\/media?parent=66009"}],"wp:term":[{"taxonomy":"category","embeddable":true,"href":"https:\/\/www.tvnovelas.com.br\/tvnews\/wp-json\/wp\/v2\/categories?post=66009"},{"taxonomy":"post_tag","embeddable":true,"href":"https:\/\/www.tvnovelas.com.br\/tvnews\/wp-json\/wp\/v2\/tags?post=66009"}],"curies":[{"name":"wp","href":"https:\/\/api.w.org\/{rel}","templated":true}]}}