{"id":66280,"date":"2024-05-28T15:31:11","date_gmt":"2024-05-28T18:31:11","guid":{"rendered":"https:\/\/www.tvnovelas.com.br\/tvnews\/?p=66280"},"modified":"2024-05-28T15:31:11","modified_gmt":"2024-05-28T18:31:11","slug":"no-rancho-fundo-blandina-expulsa-ze-beltino-do-seu-proprio-quarto","status":"publish","type":"post","link":"https:\/\/www.tvnovelas.com.br\/tvnews\/no-rancho-fundo-blandina-expulsa-ze-beltino-do-seu-proprio-quarto\/","title":{"rendered":"No Rancho Fundo: Blandina expulsa Z\u00e9 Beltino do seu pr\u00f3prio quarto"},"content":{"rendered":"<p><em>Em No Rancho Fundo: Blandina expulsa<\/em><br \/>\n<figure id=\"attachment_66281\" aria-describedby=\"caption-attachment-66281\" style=\"width: 728px\" class=\"wp-caption alignnone\"><img data-recalc-dims=\"1\" decoding=\"async\" class=\"wp-image-66281 size-full\" title=\"(Foto: TV Globo\/No Rancho Fundo)\" src=\"https:\/\/i0.wp.com\/www.tvnovelas.com.br\/tvnews\/wp-content\/uploads\/2024\/05\/39572.jpg?resize=728%2C410&#038;ssl=1\" alt=\"Foto em No Rancho Fundo: Blandina expulsa\" width=\"728\" height=\"410\" \/><figcaption id=\"caption-attachment-66281\" class=\"wp-caption-text\">No Rancho Fundo: Blandina expulsa<\/figcaption><\/figure><\/p>\n<p>Em No Rancho Fundo, Blandina (Luisa Arraes) foi expulsa do quarto de Marcelo Gouveia (Jos\u00e9 Loreto), mas logo d\u00e1 um jeito de permanecer no Hotel S\u00e3o Petersburgo. A vigarista pedir\u00e1 para ficar no quarto de Z\u00e9 Beltino (Igor Fortunato) e, ele, claro, deixar\u00e1. Mas quem disse que ela quer ficar com ele l\u00e1? No cap\u00edtulo desta ter\u00e7a-feira (28) de No Rancho Fundo, Blandina colocar\u00e1 o primog\u00eanito dos Leonel para fora do pr\u00f3prio quarto.<\/p>\n<p>Ao chegar ao quarto de Z\u00e9 Beltino, Blandina tomar\u00e1 um banho e aproveitar\u00e1 a situa\u00e7\u00e3o para provocar o matuto. Ela deixar\u00e1 a toalha cair a seus p\u00e9s, fazendo o rapaz desviar o olhar imediatamente.<\/p>\n<p>\u201cMe passa o roup\u00e3o, faz favor&#8230;\u201d, pede ela.<\/p>\n<p>Depois, Blandina come\u00e7ar\u00e1 o teatro, se fazendo de santa para Z\u00e9 Beltino.<\/p>\n<p>\u201cEu preciso lhe confessar uma coisa&#8230; Eu sou pura. Nunca conheci homem nenhum\u201d, mente ela.<\/p>\n<p>\u201cArri\u00e9gua\u201d, reage ele, encantando.<\/p>\n<p>\u201cPor isso, eu gostaria de saber suas inten\u00e7\u00f5es&#8230; Tu n\u00e3o quer se aproveitar de mim, n\u00e9ra?\u201d, pergunta ela.<\/p>\n<p>\u201c\u00d4xi! De jeito qualidade!\u201d, responde ele, prontamente.<\/p>\n<p>E, ent\u00e3o, Blandina vai chegar aonde quer&#8230;<\/p>\n<p>\u201cFicar sozinha, num quarto de hotel, com um rapaz solteiro, n\u00e3o \u00e9 recomend\u00e1vel\u201d, afirma ela.<\/p>\n<p>\u201c\u00c9, n\u00e3o\u201d, ele concorda.<\/p>\n<p>Em seguida, Blandina estender\u00e1 a m\u00e3o pedindo a chave do quarto e colocar\u00e1 Z\u00e9 Beltino para fora. Totalmente enfeiti\u00e7ado por ela, ele ainda sair\u00e1 sorrindo&#8230;<br \/>\n<!--END POST--><\/p>\n<h3>Coment\u00e1rios em No Rancho Fundo: Blandina expulsa<\/h3>\n<div class=\"fb-comments\" data-width=\"100%\" data-order-by=\"reverse_time\" data-numposts=\"5\"><\/div>\n<h2>\u00daltimas publica\u00e7\u00f5es de No Rancho Fundo<\/h2>\n<p><div class=\"pt-cv-wrapper\"><div class=\"pt-cv-view pt-cv-grid pt-cv-colsys\" id=\"pt-cv-view-1b948bbbtz\"><div data-id=\"pt-cv-page-1\" class=\"pt-cv-page\" data-cvc=\"1\"><div class=\"col-md-12 col-sm-12 col-xs-12 pt-cv-content-item pt-cv-1-col\" ><div class='pt-cv-ifield'><h4 class=\"pt-cv-title\"><a href=\"https:\/\/www.tvnovelas.com.br\/tvnews\/no-rancho-fundo-deodora-atira-em-ariosto-por-magoa-e-ciume\/\" class=\"_blank\" target=\"_blank\" >No Rancho Fundo: Deodora atira em Ariosto por m\u00e1goa e ci\u00fame<\/a><\/h4><\/div><\/div>\n<div class=\"col-md-12 col-sm-12 col-xs-12 pt-cv-content-item pt-cv-1-col\" ><div class='pt-cv-ifield'><h4 class=\"pt-cv-title\"><a href=\"https:\/\/www.tvnovelas.com.br\/tvnews\/no-rancho-fundo-romera-desbloqueada-entre-os-podres-de-saba-bodo\/\" class=\"_blank\" target=\"_blank\" >No Rancho Fundo: Romera desbloqueada entre os podres de Sab\u00e1 Bod\u00f3<\/a><\/h4><\/div><\/div>\n<div class=\"col-md-12 col-sm-12 col-xs-12 pt-cv-content-item pt-cv-1-col\" ><div class='pt-cv-ifield'><h4 class=\"pt-cv-title\"><a href=\"https:\/\/www.tvnovelas.com.br\/tvnews\/no-rancho-fundo-jordao-e-preso-por-tentar-matar-primo-cicero\/\" class=\"_blank\" target=\"_blank\" >No Rancho Fundo: Jord\u00e3o \u00e9 preso por tentar matar Primo C\u00edcero<\/a><\/h4><\/div><\/div>\n<div class=\"col-md-12 col-sm-12 col-xs-12 pt-cv-content-item pt-cv-1-col\" ><div class='pt-cv-ifield'><h4 class=\"pt-cv-title\"><a href=\"https:\/\/www.tvnovelas.com.br\/tvnews\/no-rancho-fundo-artur-confronta-elias-e-descobre-quem-ele-e\/\" class=\"_blank\" target=\"_blank\" >No Rancho Fundo:  Artur confronta Elias e descobre quem ele \u00e9<\/a><\/h4><\/div><\/div>\n<div class=\"col-md-12 col-sm-12 col-xs-12 pt-cv-content-item pt-cv-1-col\" ><div class='pt-cv-ifield'><h4 class=\"pt-cv-title\"><a href=\"https:\/\/www.tvnovelas.com.br\/tvnews\/no-rancho-fundo-elias-espalha-dinamites-na-gruta-azul-a-mando-de-ariosto\/\" class=\"_blank\" target=\"_blank\" >No Rancho Fundo: Elias espalha dinamites na Gruta Azul a mando de Ariosto<\/a><\/h4><\/div><\/div><\/div><\/div><\/div><br \/>\n<a href=\"https:\/\/wp.me\/pfspD2-OO\" target=\"_blank\" rel=\"noopener\">No Rancho Fundo: De Lasca Fogo a Lap\u00e3o da Beirada<\/a><br \/>\n<a href=\"https:\/\/tvnovelas.com.br\/page2\/arquivo\/no-rancho-fundo-trilha-sonora\/\" target=\"_blank\" rel=\"noopener\">No Rancho Fundo: trilha sonora<\/a><br \/>\n<a href=\"https:\/\/pt.wikipedia.org\/wiki\/No_Rancho_Fundo\" target=\"_blank\" rel=\"noopener\">Sobre No Rancho Fundo, na Wikipedia<\/a><br \/>\n<a href=\"https:\/\/tvnovelas.com.br\/filmes\/filmes-na-tv-segunda\/\" target=\"_blank\" rel=\"noopener\">Confira a programa\u00e7\u00e3o de filmes na TV aberta<\/a><br \/>\n<a href=\"https:\/\/www.tvnovelas.com.br\/tvnews\/\">\u00daltimas not\u00edcias de todas as novelas<\/a><\/p>\n","protected":false},"excerpt":{"rendered":"<p>No Rancho Fundo: Blandina expulsa&#8230;<\/p>\n","protected":false},"author":1,"featured_media":66281,"comment_status":"closed","ping_status":"closed","sticky":false,"template":"","format":"standard","meta":{"_uf_show_specific_survey":0,"_uf_disable_surveys":false,"_jetpack_memberships_contains_paid_content":false,"footnotes":"","_wp_rev_ctl_limit":""},"categories":[763],"tags":[5,764,64],"class_list":["post-66280","post","type-post","status-publish","format-standard","has-post-thumbnail","hentry","category-no-rancho-fundo","tag-globo","tag-no-rancho-fundo","tag-novelas","wpcat-763-id"],"aioseo_notices":[],"jetpack_featured_media_url":"https:\/\/i0.wp.com\/www.tvnovelas.com.br\/tvnews\/wp-content\/uploads\/2024\/05\/39572.jpg?fit=728%2C410&ssl=1","jetpack_shortlink":"https:\/\/wp.me\/pdP2BO-hf2","jetpack_sharing_enabled":true,"_links":{"self":[{"href":"https:\/\/www.tvnovelas.com.br\/tvnews\/wp-json\/wp\/v2\/posts\/66280","targetHints":{"allow":["GET"]}}],"collection":[{"href":"https:\/\/www.tvnovelas.com.br\/tvnews\/wp-json\/wp\/v2\/posts"}],"about":[{"href":"https:\/\/www.tvnovelas.com.br\/tvnews\/wp-json\/wp\/v2\/types\/post"}],"author":[{"embeddable":true,"href":"https:\/\/www.tvnovelas.com.br\/tvnews\/wp-json\/wp\/v2\/users\/1"}],"replies":[{"embeddable":true,"href":"https:\/\/www.tvnovelas.com.br\/tvnews\/wp-json\/wp\/v2\/comments?post=66280"}],"version-history":[{"count":1,"href":"https:\/\/www.tvnovelas.com.br\/tvnews\/wp-json\/wp\/v2\/posts\/66280\/revisions"}],"predecessor-version":[{"id":66282,"href":"https:\/\/www.tvnovelas.com.br\/tvnews\/wp-json\/wp\/v2\/posts\/66280\/revisions\/66282"}],"wp:featuredmedia":[{"embeddable":true,"href":"https:\/\/www.tvnovelas.com.br\/tvnews\/wp-json\/wp\/v2\/media\/66281"}],"wp:attachment":[{"href":"https:\/\/www.tvnovelas.com.br\/tvnews\/wp-json\/wp\/v2\/media?parent=66280"}],"wp:term":[{"taxonomy":"category","embeddable":true,"href":"https:\/\/www.tvnovelas.com.br\/tvnews\/wp-json\/wp\/v2\/categories?post=66280"},{"taxonomy":"post_tag","embeddable":true,"href":"https:\/\/www.tvnovelas.com.br\/tvnews\/wp-json\/wp\/v2\/tags?post=66280"}],"curies":[{"name":"wp","href":"https:\/\/api.w.org\/{rel}","templated":true}]}}