{"id":66455,"date":"2024-06-07T11:45:34","date_gmt":"2024-06-07T14:45:34","guid":{"rendered":"https:\/\/www.tvnovelas.com.br\/tvnews\/?p=66455"},"modified":"2024-06-07T12:49:31","modified_gmt":"2024-06-07T15:49:31","slug":"no-rancho-fundo-blandina-sai-no-tapa-com-a-amiga-dracena","status":"publish","type":"post","link":"https:\/\/www.tvnovelas.com.br\/tvnews\/no-rancho-fundo-blandina-sai-no-tapa-com-a-amiga-dracena\/","title":{"rendered":"No Rancho Fundo: Blandina sai no tapa com a amiga Dracena"},"content":{"rendered":"<p><em>Em No Rancho Fundo: Blandina sai no tapa<\/em><br \/>\n<figure id=\"attachment_66456\" aria-describedby=\"caption-attachment-66456\" style=\"width: 728px\" class=\"wp-caption alignnone\"><img data-recalc-dims=\"1\" decoding=\"async\" src=\"https:\/\/i0.wp.com\/www.tvnovelas.com.br\/tvnews\/wp-content\/uploads\/2024\/06\/39618.jpg?resize=728%2C410&#038;ssl=1\" alt=\"Foto em No Rancho Fundo: Blandina sai no tapa\" width=\"728\" height=\"410\" class=\"size-full wp-image-66456\" \/><figcaption id=\"caption-attachment-66456\" class=\"wp-caption-text\">No Rancho Fundo: Blandina sai no tapa&#8230;<\/figcaption><\/figure><br \/>\n(Foto: TV Globo\/No Rancho Fundo)<br \/>\nEm No Rancho Fundo, Blandina (Luisa Arraes) tem uma grande surpresa quando a m\u00e3e e a melhor amiga aparecem do nada em Lap\u00e3o da Beirada. Para n\u00e3o ser pega na mentira, ela as apresenta como prima e empregada da fam\u00edlia rica a qual diz pertencer&#8230; Mas, se Dona Castorina (F\u00e1tima Patr\u00edcia) releva, Dracena (Nina Tomsic ) n\u00e3o vai perdoar a amiga que a roubou e fugiu. Agora Blandina e Dracena ir\u00e3o sair no tapa!<\/p>\n<p>No quarto de Z\u00e9 Beltino (Igor Fortunato) em que tomou posse no hotel, Blandina ir\u00e1 explicar \u00e0 m\u00e3e e \u00e0 amiga que vai se casar com um homem rico e pedir\u00e1 que elas n\u00e3o contem a verdade \u00e0 fam\u00edlia Leonel.<\/p>\n<p>\u201cQue diabo de hist\u00f3ria de prima \u00e9 essa, mulher?! Eu n\u00e3o sou tua prima nem aqui nem na China! Tu apresentou a tua m\u00e3e como empregada!\u201d, reage Dracena.<\/p>\n<p>\u201cBlandina, tu ficasse rica, minha filha?\u201d, pergunta Dona Castorina, inocentemente.<\/p>\n<p>Dracena, ent\u00e3o, inconformada, jogar\u00e1 em cima de Blandina que descobriu onde ela est\u00e1 por conta do cart\u00e3o de cr\u00e9dito que ela lhe roubou.<\/p>\n<p>\u201cTu n\u00e3o se d\u00e1 ao respeito&#8230; Nunca se deu. Nunca respeitou coisa nenhuma&#8230; Tu me roubou, Blandina. O meu carro&#8230; O meu cart\u00e3o de cr\u00e9dito! Eu t\u00f4 com meu nome sujo na pra\u00e7a! Meu nome, a \u00fanica coisa que eu tinha!\u201d<\/p>\n<p>\u201cAi, que drama\u201d, debocha Blandina.<\/p>\n<p>As duas, amigas, come\u00e7ar\u00e3o a \u201clavar roupa suja\u201d e &#8220;passar o passado a limpo&#8221;, o que n\u00e3o acabar\u00e1 bem&#8230; Ap\u00f3s Blandina tocar o rosto de Dracena, esta dar\u00e1 um tapa na m\u00e3o da amiga, que revidar\u00e1. E os tapinhas sair\u00e3o do controle e v\u00e3o virar uma briga generalizada, com tapas, pux\u00f5es de cabelos, unhadas e tudo o mais.<\/p>\n<p>\u201cMeninas! O que \u00e9 isso?! Duas mulheres feitas brigando desse jeito&#8230;\u201d, se desespera Dona Castorina.<br \/>\n<!--FIM--><\/p>\n<h3>Coment\u00e1rios em No No Rancho Fundo: Blandina sai no tapa&#8230;<\/h3>\n<div class=\"fb-comments\" data-width=\"100%\" data-order-by=\"reverse_time\" data-numposts=\"5\"><\/div>\n<h2>\u00daltimas publica\u00e7\u00f5es de No Rancho Fundo<\/h2>\n<p><div class=\"pt-cv-wrapper\"><div class=\"pt-cv-view pt-cv-grid pt-cv-colsys\" id=\"pt-cv-view-1b948bbbtz\"><div data-id=\"pt-cv-page-1\" class=\"pt-cv-page\" data-cvc=\"1\"><div class=\"col-md-12 col-sm-12 col-xs-12 pt-cv-content-item pt-cv-1-col\" ><div class='pt-cv-ifield'><h4 class=\"pt-cv-title\"><a href=\"https:\/\/www.tvnovelas.com.br\/tvnews\/no-rancho-fundo-deodora-atira-em-ariosto-por-magoa-e-ciume\/\" class=\"_blank\" target=\"_blank\" >No Rancho Fundo: Deodora atira em Ariosto por m\u00e1goa e ci\u00fame<\/a><\/h4><\/div><\/div>\n<div class=\"col-md-12 col-sm-12 col-xs-12 pt-cv-content-item pt-cv-1-col\" ><div class='pt-cv-ifield'><h4 class=\"pt-cv-title\"><a href=\"https:\/\/www.tvnovelas.com.br\/tvnews\/no-rancho-fundo-romera-desbloqueada-entre-os-podres-de-saba-bodo\/\" class=\"_blank\" target=\"_blank\" >No Rancho Fundo: Romera desbloqueada entre os podres de Sab\u00e1 Bod\u00f3<\/a><\/h4><\/div><\/div>\n<div class=\"col-md-12 col-sm-12 col-xs-12 pt-cv-content-item pt-cv-1-col\" ><div class='pt-cv-ifield'><h4 class=\"pt-cv-title\"><a href=\"https:\/\/www.tvnovelas.com.br\/tvnews\/no-rancho-fundo-jordao-e-preso-por-tentar-matar-primo-cicero\/\" class=\"_blank\" target=\"_blank\" >No Rancho Fundo: Jord\u00e3o \u00e9 preso por tentar matar Primo C\u00edcero<\/a><\/h4><\/div><\/div>\n<div class=\"col-md-12 col-sm-12 col-xs-12 pt-cv-content-item pt-cv-1-col\" ><div class='pt-cv-ifield'><h4 class=\"pt-cv-title\"><a href=\"https:\/\/www.tvnovelas.com.br\/tvnews\/no-rancho-fundo-artur-confronta-elias-e-descobre-quem-ele-e\/\" class=\"_blank\" target=\"_blank\" >No Rancho Fundo:  Artur confronta Elias e descobre quem ele \u00e9<\/a><\/h4><\/div><\/div>\n<div class=\"col-md-12 col-sm-12 col-xs-12 pt-cv-content-item pt-cv-1-col\" ><div class='pt-cv-ifield'><h4 class=\"pt-cv-title\"><a href=\"https:\/\/www.tvnovelas.com.br\/tvnews\/no-rancho-fundo-elias-espalha-dinamites-na-gruta-azul-a-mando-de-ariosto\/\" class=\"_blank\" target=\"_blank\" >No Rancho Fundo: Elias espalha dinamites na Gruta Azul a mando de Ariosto<\/a><\/h4><\/div><\/div><\/div><\/div><\/div><br \/>\n<a href=\"https:\/\/wp.me\/pfspD2-OO\" target=\"_blank\" rel=\"noopener\">No Rancho Fundo: De Lasca Fogo a Lap\u00e3o da Beirada<\/a><br \/>\n<a href=\"https:\/\/tvnovelas.com.br\/page2\/arquivo\/no-rancho-fundo-trilha-sonora\/\" rel=\"noopener\" target=\"_blank\">No Rancho Fundo: trilha sonora<\/a><br \/>\n<a href=\"https:\/\/pt.wikipedia.org\/wiki\/No_Rancho_Fundo\" target=\"_blank\" rel=\"noopener\">Sobre No Rancho Fundo, na Wikipedia<\/a><br \/>\n<a href=\"https:\/\/tvnovelas.com.br\/filmes\/filmes-na-tv-segunda\/\" target=\"_blank\" rel=\"noopener\">Confira a programa\u00e7\u00e3o de filmes na TV aberta<\/a><br \/>\n<a href=\"https:\/\/www.tvnovelas.com.br\/tvnews\/\">\u00daltimas not\u00edcias de todas as novelas<\/a><\/p><\/blockquote>\n","protected":false},"excerpt":{"rendered":"<p>No Rancho Fundo: Blandina sai no tapa&#8230; Blandina (Luisa Arraes) tem uma grande surpresa quando a m\u00e3e e a melhor amiga aparecem do nada em Lap\u00e3o da Beirada&#8230;<\/p>\n","protected":false},"author":1,"featured_media":66456,"comment_status":"closed","ping_status":"closed","sticky":false,"template":"","format":"standard","meta":{"_uf_show_specific_survey":0,"_uf_disable_surveys":false,"_jetpack_memberships_contains_paid_content":false,"footnotes":"","_wp_rev_ctl_limit":""},"categories":[763],"tags":[5,764,64],"class_list":["post-66455","post","type-post","status-publish","format-standard","has-post-thumbnail","hentry","category-no-rancho-fundo","tag-globo","tag-no-rancho-fundo","tag-novelas","wpcat-763-id"],"aioseo_notices":[],"jetpack_featured_media_url":"https:\/\/i0.wp.com\/www.tvnovelas.com.br\/tvnews\/wp-content\/uploads\/2024\/06\/39618.jpg?fit=728%2C410&ssl=1","jetpack_shortlink":"https:\/\/wp.me\/pdP2BO-hhR","jetpack_sharing_enabled":true,"_links":{"self":[{"href":"https:\/\/www.tvnovelas.com.br\/tvnews\/wp-json\/wp\/v2\/posts\/66455","targetHints":{"allow":["GET"]}}],"collection":[{"href":"https:\/\/www.tvnovelas.com.br\/tvnews\/wp-json\/wp\/v2\/posts"}],"about":[{"href":"https:\/\/www.tvnovelas.com.br\/tvnews\/wp-json\/wp\/v2\/types\/post"}],"author":[{"embeddable":true,"href":"https:\/\/www.tvnovelas.com.br\/tvnews\/wp-json\/wp\/v2\/users\/1"}],"replies":[{"embeddable":true,"href":"https:\/\/www.tvnovelas.com.br\/tvnews\/wp-json\/wp\/v2\/comments?post=66455"}],"version-history":[{"count":1,"href":"https:\/\/www.tvnovelas.com.br\/tvnews\/wp-json\/wp\/v2\/posts\/66455\/revisions"}],"predecessor-version":[{"id":66457,"href":"https:\/\/www.tvnovelas.com.br\/tvnews\/wp-json\/wp\/v2\/posts\/66455\/revisions\/66457"}],"wp:featuredmedia":[{"embeddable":true,"href":"https:\/\/www.tvnovelas.com.br\/tvnews\/wp-json\/wp\/v2\/media\/66456"}],"wp:attachment":[{"href":"https:\/\/www.tvnovelas.com.br\/tvnews\/wp-json\/wp\/v2\/media?parent=66455"}],"wp:term":[{"taxonomy":"category","embeddable":true,"href":"https:\/\/www.tvnovelas.com.br\/tvnews\/wp-json\/wp\/v2\/categories?post=66455"},{"taxonomy":"post_tag","embeddable":true,"href":"https:\/\/www.tvnovelas.com.br\/tvnews\/wp-json\/wp\/v2\/tags?post=66455"}],"curies":[{"name":"wp","href":"https:\/\/api.w.org\/{rel}","templated":true}]}}