{"id":66464,"date":"2024-06-08T09:38:58","date_gmt":"2024-06-08T12:38:58","guid":{"rendered":"https:\/\/www.tvnovelas.com.br\/tvnews\/?p=66464"},"modified":"2024-06-08T09:38:58","modified_gmt":"2024-06-08T12:38:58","slug":"no-rancho-fundo-marcelo-gouveia-acusa-artur-de-traicao","status":"publish","type":"post","link":"https:\/\/www.tvnovelas.com.br\/tvnews\/no-rancho-fundo-marcelo-gouveia-acusa-artur-de-traicao\/","title":{"rendered":"No Rancho Fundo: Marcelo Gouveia acusa Artur de trai\u00e7\u00e3o"},"content":{"rendered":"<p><em>Em No Rancho Fundo: Marcelo Gouveia acusa&#8230;<\/em><br \/>\n<figure id=\"attachment_66466\" aria-describedby=\"caption-attachment-66466\" style=\"width: 728px\" class=\"wp-caption alignnone\"><img data-recalc-dims=\"1\" decoding=\"async\" src=\"https:\/\/i0.wp.com\/www.tvnovelas.com.br\/tvnews\/wp-content\/uploads\/2024\/06\/39621-1.jpg?resize=728%2C410&#038;ssl=1\" alt=\"Foto em No Rancho Fundo: Marcelo Gouveia acusa\" width=\"728\" height=\"410\" class=\"size-full wp-image-66466\" \/><figcaption id=\"caption-attachment-66466\" class=\"wp-caption-text\">No Rancho Fundo: Marcelo Gouveia acusa<\/figcaption><\/figure><\/p>\n<p>Em No Rancho Fundo, a amizade de anos entre Marcelo Gouveia (Jos\u00e9 Loreto) e Artur (T\u00falio Starling) n\u00e3o \u00e9 mais a mesma em No Rancho Fundo. No cap\u00edtulo deste s\u00e1bado (8), o bon-vivant ir\u00e1 procurar o amigo para falar de Quinota (Larissa Bocchino). E os dois, mais uma vez, ir\u00e3o \u201clavar a roupa suja\u201d e \u201cdiscutir a rela\u00e7\u00e3o\u201d.<\/p>\n<p>\u201cO que \u00e9 que tu quer, Marcelo?\u201d, pergunta Artur ao abrir a porta de seu quarto no hotel.<\/p>\n<p>\u201cEu quero a nossa amizade de volta\u201d, afirma Marcelo.<\/p>\n<p>\u201cDe minha parte tu nunca perdeu essa amizade\u201d, garante Artur.<\/p>\n<p>Mas ser\u00e1 a\u00ed que Marcelo Gouveia come\u00e7ar\u00e1 a falar de Quinota como se Artur tivesse lhe passado a perna e roubado a noiva que ele pr\u00f3prio abandonou.<\/p>\n<p>\u201cTu me apunhalou pelas costas. Tu roubaste a minha mulher!\u201d, acusa Marcelo.<\/p>\n<p>\u201cEu nem sabia que tu era o sedutor que tinha enrolado Quinota!\u201d, defende-se Artur.<\/p>\n<p>\u201cQuantas mo\u00e7a existem em Lasca Fogo?! Aquele fim de mundo! S\u00f3 podia ser Quinota!\u201d, reage Marcelo.<\/p>\n<p>Ent\u00e3o, Marcelo Gouveia dir\u00e1 que acha que Artur deveria ter evitado se apaixonar por Quinota.<\/p>\n<p>\u201cA gente n\u00e3o manda no cora\u00e7\u00e3o, cabra!\u201d, diz Artur.<\/p>\n<p>\u201cA gente raciocina, v\u00ea o que \u00e9 o justo, e pensa nos outro! Ainda mais quando se trata do melhor amigo!\u201d, afirma Marcelo.<\/p>\n<p>E Marcelo Gouveia ir\u00e1 mais longe. Ele dir\u00e1 que abandonou Quinota por medo de ser abandonado como foi pelos pais no passado e desafiar\u00e1 o at\u00e9 ent\u00e3o amigo dizendo que Quinota ser\u00e1 dele&#8230;<\/p>\n<p>\u201cSe prepara, Artur&#8230; Quinota vai voltar a ser minha\u201d, alfineta Marcelo.<\/p>\n<p>\u201cEla nunca foi sua, Marcelo. Quinota n\u00e3o pertence a ningu\u00e9m. Sai\u201d, manda Artur.<\/p>\n<p>Como Marcelo Gouveia se recusar\u00e1 a sair, os dois amigos v\u00e3o brigar pela porta, e Artur acabar\u00e1 acertando o nariz de Marcelo, que come\u00e7ar\u00e1 a sangrar.<\/p>\n<p>\u201cTu me bateu!\u201d, acusa Marcelo.<\/p>\n<p>\u201cMe desculpe\u201d, pede Artur.<\/p>\n<p>\u201cTraidor\u201d, grita Marcelo, sendo empurrado por Artur.<br \/>\n<!--FIM--><\/p>\n<h3>Coment\u00e1rios em No Rancho Fundo: Marcelo Gouveia acusa&#8230;<\/h3>\n<div class=\"fb-comments\" data-width=\"100%\" data-order-by=\"reverse_time\" data-numposts=\"5\"><\/div>\n<h2>\u00daltimas publica\u00e7\u00f5es de No Rancho Fundo<\/h2>\n<p><div class=\"pt-cv-wrapper\"><div class=\"pt-cv-view pt-cv-grid pt-cv-colsys\" id=\"pt-cv-view-1b948bbbtz\"><div data-id=\"pt-cv-page-1\" class=\"pt-cv-page\" data-cvc=\"1\"><div class=\"col-md-12 col-sm-12 col-xs-12 pt-cv-content-item pt-cv-1-col\" ><div class='pt-cv-ifield'><h4 class=\"pt-cv-title\"><a href=\"https:\/\/www.tvnovelas.com.br\/tvnews\/no-rancho-fundo-deodora-atira-em-ariosto-por-magoa-e-ciume\/\" class=\"_blank\" target=\"_blank\" >No Rancho Fundo: Deodora atira em Ariosto por m\u00e1goa e ci\u00fame<\/a><\/h4><\/div><\/div>\n<div class=\"col-md-12 col-sm-12 col-xs-12 pt-cv-content-item pt-cv-1-col\" ><div class='pt-cv-ifield'><h4 class=\"pt-cv-title\"><a href=\"https:\/\/www.tvnovelas.com.br\/tvnews\/no-rancho-fundo-romera-desbloqueada-entre-os-podres-de-saba-bodo\/\" class=\"_blank\" target=\"_blank\" >No Rancho Fundo: Romera desbloqueada entre os podres de Sab\u00e1 Bod\u00f3<\/a><\/h4><\/div><\/div>\n<div class=\"col-md-12 col-sm-12 col-xs-12 pt-cv-content-item pt-cv-1-col\" ><div class='pt-cv-ifield'><h4 class=\"pt-cv-title\"><a href=\"https:\/\/www.tvnovelas.com.br\/tvnews\/no-rancho-fundo-jordao-e-preso-por-tentar-matar-primo-cicero\/\" class=\"_blank\" target=\"_blank\" >No Rancho Fundo: Jord\u00e3o \u00e9 preso por tentar matar Primo C\u00edcero<\/a><\/h4><\/div><\/div>\n<div class=\"col-md-12 col-sm-12 col-xs-12 pt-cv-content-item pt-cv-1-col\" ><div class='pt-cv-ifield'><h4 class=\"pt-cv-title\"><a href=\"https:\/\/www.tvnovelas.com.br\/tvnews\/no-rancho-fundo-artur-confronta-elias-e-descobre-quem-ele-e\/\" class=\"_blank\" target=\"_blank\" >No Rancho Fundo:  Artur confronta Elias e descobre quem ele \u00e9<\/a><\/h4><\/div><\/div>\n<div class=\"col-md-12 col-sm-12 col-xs-12 pt-cv-content-item pt-cv-1-col\" ><div class='pt-cv-ifield'><h4 class=\"pt-cv-title\"><a href=\"https:\/\/www.tvnovelas.com.br\/tvnews\/no-rancho-fundo-elias-espalha-dinamites-na-gruta-azul-a-mando-de-ariosto\/\" class=\"_blank\" target=\"_blank\" >No Rancho Fundo: Elias espalha dinamites na Gruta Azul a mando de Ariosto<\/a><\/h4><\/div><\/div><\/div><\/div><\/div><br \/>\n<a href=\"https:\/\/wp.me\/pfspD2-OO\" target=\"_blank\" rel=\"noopener\">No Rancho Fundo: De Lasca Fogo a Lap\u00e3o da Beirada<\/a><br \/>\n<a href=\"https:\/\/tvnovelas.com.br\/page2\/arquivo\/no-rancho-fundo-trilha-sonora\/\" rel=\"noopener\" target=\"_blank\">No Rancho Fundo: trilha sonora<\/a><br \/>\n<a href=\"https:\/\/pt.wikipedia.org\/wiki\/No_Rancho_Fundo\" target=\"_blank\" rel=\"noopener\">Sobre No Rancho Fundo, na Wikipedia<\/a><br \/>\n<a href=\"https:\/\/tvnovelas.com.br\/filmes\/filmes-na-tv-segunda\/\" target=\"_blank\" rel=\"noopener\">Confira a programa\u00e7\u00e3o de filmes na TV aberta<\/a><br \/>\n<a href=\"https:\/\/www.tvnovelas.com.br\/tvnews\/\">\u00daltimas not\u00edcias de todas as novelas<\/a><\/p><\/blockquote>\n","protected":false},"excerpt":{"rendered":"<p>No Rancho Fundo: Marcelo Gouveia acusa&#8230;. A amizade de anos entre Marcelo Gouveia (Jos\u00e9 Loreto) e Artur (T\u00falio Starling) n\u00e3o \u00e9 mais a mesma em No Rancho&#8230;<\/p>\n","protected":false},"author":1,"featured_media":66466,"comment_status":"closed","ping_status":"closed","sticky":false,"template":"","format":"standard","meta":{"_uf_show_specific_survey":0,"_uf_disable_surveys":false,"_jetpack_memberships_contains_paid_content":false,"footnotes":"","_wp_rev_ctl_limit":""},"categories":[763],"tags":[5,764,64],"class_list":["post-66464","post","type-post","status-publish","format-standard","has-post-thumbnail","hentry","category-no-rancho-fundo","tag-globo","tag-no-rancho-fundo","tag-novelas","wpcat-763-id"],"aioseo_notices":[],"jetpack_featured_media_url":"https:\/\/i0.wp.com\/www.tvnovelas.com.br\/tvnews\/wp-content\/uploads\/2024\/06\/39621-1.jpg?fit=728%2C410&ssl=1","jetpack_shortlink":"https:\/\/wp.me\/pdP2BO-hi0","jetpack_sharing_enabled":true,"_links":{"self":[{"href":"https:\/\/www.tvnovelas.com.br\/tvnews\/wp-json\/wp\/v2\/posts\/66464","targetHints":{"allow":["GET"]}}],"collection":[{"href":"https:\/\/www.tvnovelas.com.br\/tvnews\/wp-json\/wp\/v2\/posts"}],"about":[{"href":"https:\/\/www.tvnovelas.com.br\/tvnews\/wp-json\/wp\/v2\/types\/post"}],"author":[{"embeddable":true,"href":"https:\/\/www.tvnovelas.com.br\/tvnews\/wp-json\/wp\/v2\/users\/1"}],"replies":[{"embeddable":true,"href":"https:\/\/www.tvnovelas.com.br\/tvnews\/wp-json\/wp\/v2\/comments?post=66464"}],"version-history":[{"count":1,"href":"https:\/\/www.tvnovelas.com.br\/tvnews\/wp-json\/wp\/v2\/posts\/66464\/revisions"}],"predecessor-version":[{"id":66467,"href":"https:\/\/www.tvnovelas.com.br\/tvnews\/wp-json\/wp\/v2\/posts\/66464\/revisions\/66467"}],"wp:featuredmedia":[{"embeddable":true,"href":"https:\/\/www.tvnovelas.com.br\/tvnews\/wp-json\/wp\/v2\/media\/66466"}],"wp:attachment":[{"href":"https:\/\/www.tvnovelas.com.br\/tvnews\/wp-json\/wp\/v2\/media?parent=66464"}],"wp:term":[{"taxonomy":"category","embeddable":true,"href":"https:\/\/www.tvnovelas.com.br\/tvnews\/wp-json\/wp\/v2\/categories?post=66464"},{"taxonomy":"post_tag","embeddable":true,"href":"https:\/\/www.tvnovelas.com.br\/tvnews\/wp-json\/wp\/v2\/tags?post=66464"}],"curies":[{"name":"wp","href":"https:\/\/api.w.org\/{rel}","templated":true}]}}