{"id":66660,"date":"2024-06-20T08:59:20","date_gmt":"2024-06-20T11:59:20","guid":{"rendered":"https:\/\/www.tvnovelas.com.br\/tvnews\/?p=66660"},"modified":"2024-06-20T09:14:32","modified_gmt":"2024-06-20T12:14:32","slug":"no-rancho-fundo-dracena-obriga-blandina-a-contar-verdade-para-quinota","status":"publish","type":"post","link":"https:\/\/www.tvnovelas.com.br\/tvnews\/no-rancho-fundo-dracena-obriga-blandina-a-contar-verdade-para-quinota\/","title":{"rendered":"No Rancho Fundo:  Dracena obriga Blandina a contar verdade para Quinota"},"content":{"rendered":"<p><em>Em No Rancho Fundo: Dracena obriga Blandina&#8230;<\/em><br \/>\n<figure id=\"attachment_66661\" aria-describedby=\"caption-attachment-66661\" style=\"width: 728px\" class=\"wp-caption alignnone\"><img data-recalc-dims=\"1\" decoding=\"async\" class=\"wp-image-66661 size-full\" title=\"(Foto: TV Globo\/No Rancho Fundo)\" src=\"https:\/\/i0.wp.com\/www.tvnovelas.com.br\/tvnews\/wp-content\/uploads\/2024\/06\/39499.jpg?resize=728%2C410&#038;ssl=1\" alt=\"Foto em No Rancho Fundo: Dracena obriga Blandina\" width=\"728\" height=\"410\" \/><figcaption id=\"caption-attachment-66661\" class=\"wp-caption-text\">No Rancho Fundo: Dracena obriga Blandina<\/figcaption><\/figure><\/p>\n<p>Em No Rancho Fundo, o mundo fantasioso de Blandina (Luisa Arraes) est\u00e1 prestes a ruir. A vigarista vai ser obrigada a contar a Quinota (Larissa Bocchino) que n\u00e3o \u00e9 de fam\u00edlia rica, pelo contr\u00e1rio, sempre foi pobre. Quem vai obrig\u00e1-la a falar a verdade ser\u00e1 Dracena (Nina Tomsic).<\/p>\n<p>Tudo acontecer\u00e1 quando Dracena cruzar com Blandina e Quinota de bra\u00e7os dados pelas ruas de Lap\u00e3o da Beirada.<\/p>\n<p>\u201cEu preciso falar com voc\u00ea, Quinota\u201d, diz a amiga de Blandina.<\/p>\n<p>Mas Dracena ser\u00e1 interrompida por Blandina, que decidir\u00e1 ela mesma fazer a \u201cconfiss\u00e3o\u201d. Para isso, claro, ela far\u00e1 muito drama e come\u00e7ar\u00e1 a chorar.<\/p>\n<p>\u201cQuinota&#8230; Eu tenho que te confessar uma coisa! Eu n\u00e3o sou quem eu falei! Eu menti pra voc\u00ea! Eu menti pro seu irm\u00e3o! Eu menti pra toda sua fam\u00edlia!!!\u201d<\/p>\n<p>\u201cComo assim?\u201d, pergunta Quinota, chocada.<\/p>\n<p>Depois, j\u00e1 no quarto de Quinota no hotel, Blandina continuar\u00e1 seu drama, e a menina se mostrar\u00e1 emp\u00e1tica, lhe dando \u00e1gua com a\u00e7\u00facar.<\/p>\n<p>\u201cQuer dizer&#8230; que tu mentiu esse tempo todo? Tu n\u00e3o foi criada na Europa? Mas por que tu fez isso? Inventou essa hist\u00f3ria toda?\u201d, pergunta Quinota.<\/p>\n<p>\u201cEu estava com vergonha\u201d, diz Blandina para, em seguida, se fazer de v\u00edtima:<\/p>\n<p>\u201cEu n\u00e3o sou nada, Quinota. Nunca fui&#8230; Nunca tive nada de meu&#8230; N\u00e3o tenho estudo, n\u00e3o tenho heran\u00e7a. Eu s\u00f3 queria ficar \u00e0 altura de voc\u00eas. \u00c0s vezes a gente mente, e come\u00e7a a acreditar na pr\u00f3pria mentira. Tu me perdoa?\u201d<\/p>\n<h3>Coment\u00e1rios em No Rancho Fundo<\/h3>\n<div class=\"fb-comments\" data-width=\"100%\" data-order-by=\"reverse_time\" data-numposts=\"5\"><\/div>\n<h2>\u00daltimas publica\u00e7\u00f5es de No Rancho Fundo: Dracena obriga Blandina&#8230;<\/h2>\n<p><div class=\"pt-cv-wrapper\"><div class=\"pt-cv-view pt-cv-grid pt-cv-colsys\" id=\"pt-cv-view-1b948bbbtz\"><div data-id=\"pt-cv-page-1\" class=\"pt-cv-page\" data-cvc=\"1\"><div class=\"col-md-12 col-sm-12 col-xs-12 pt-cv-content-item pt-cv-1-col\" ><div class='pt-cv-ifield'><h4 class=\"pt-cv-title\"><a href=\"https:\/\/www.tvnovelas.com.br\/tvnews\/no-rancho-fundo-deodora-atira-em-ariosto-por-magoa-e-ciume\/\" class=\"_blank\" target=\"_blank\" >No Rancho Fundo: Deodora atira em Ariosto por m\u00e1goa e ci\u00fame<\/a><\/h4><\/div><\/div>\n<div class=\"col-md-12 col-sm-12 col-xs-12 pt-cv-content-item pt-cv-1-col\" ><div class='pt-cv-ifield'><h4 class=\"pt-cv-title\"><a href=\"https:\/\/www.tvnovelas.com.br\/tvnews\/no-rancho-fundo-romera-desbloqueada-entre-os-podres-de-saba-bodo\/\" class=\"_blank\" target=\"_blank\" >No Rancho Fundo: Romera desbloqueada entre os podres de Sab\u00e1 Bod\u00f3<\/a><\/h4><\/div><\/div>\n<div class=\"col-md-12 col-sm-12 col-xs-12 pt-cv-content-item pt-cv-1-col\" ><div class='pt-cv-ifield'><h4 class=\"pt-cv-title\"><a href=\"https:\/\/www.tvnovelas.com.br\/tvnews\/no-rancho-fundo-jordao-e-preso-por-tentar-matar-primo-cicero\/\" class=\"_blank\" target=\"_blank\" >No Rancho Fundo: Jord\u00e3o \u00e9 preso por tentar matar Primo C\u00edcero<\/a><\/h4><\/div><\/div>\n<div class=\"col-md-12 col-sm-12 col-xs-12 pt-cv-content-item pt-cv-1-col\" ><div class='pt-cv-ifield'><h4 class=\"pt-cv-title\"><a href=\"https:\/\/www.tvnovelas.com.br\/tvnews\/no-rancho-fundo-artur-confronta-elias-e-descobre-quem-ele-e\/\" class=\"_blank\" target=\"_blank\" >No Rancho Fundo:  Artur confronta Elias e descobre quem ele \u00e9<\/a><\/h4><\/div><\/div>\n<div class=\"col-md-12 col-sm-12 col-xs-12 pt-cv-content-item pt-cv-1-col\" ><div class='pt-cv-ifield'><h4 class=\"pt-cv-title\"><a href=\"https:\/\/www.tvnovelas.com.br\/tvnews\/no-rancho-fundo-elias-espalha-dinamites-na-gruta-azul-a-mando-de-ariosto\/\" class=\"_blank\" target=\"_blank\" >No Rancho Fundo: Elias espalha dinamites na Gruta Azul a mando de Ariosto<\/a><\/h4><\/div><\/div><\/div><\/div><\/div><br \/>\n<a href=\"https:\/\/wp.me\/pfspD2-OO\" target=\"_blank\" rel=\"noopener\">No Rancho Fundo: De Lasca Fogo a Lap\u00e3o da Beirada<\/a><br \/>\n<a href=\"https:\/\/tvnovelas.com.br\/page2\/arquivo\/no-rancho-fundo-trilha-sonora\/\" target=\"_blank\" rel=\"noopener\">No Rancho Fundo: trilha sonora<\/a><br \/>\n<a href=\"https:\/\/pt.wikipedia.org\/wiki\/No_Rancho_Fundo\" target=\"_blank\" rel=\"noopener\">Sobre No Rancho Fundo, na Wikipedia<\/a><br \/>\n<a href=\"https:\/\/tvnovelas.com.br\/filmes\/filmes-na-tv-segunda\/\" target=\"_blank\" rel=\"noopener\">Confira a programa\u00e7\u00e3o de filmes na TV aberta<\/a><br \/>\n<a href=\"https:\/\/www.tvnovelas.com.br\/tvnews\/\">\u00daltimas not\u00edcias de todas as novelas<\/a><\/p>\n","protected":false},"excerpt":{"rendered":"<p>No Rancho Fundo:  Dracena obriga Blandina&#8230; O mundo fantasioso de Blandina (Luisa Arraes) est\u00e1 prestes a ruir. A vigarista vai ser obrigada a contar a Quinota&#8230;<\/p>\n","protected":false},"author":1,"featured_media":66661,"comment_status":"closed","ping_status":"closed","sticky":false,"template":"","format":"standard","meta":{"_uf_show_specific_survey":0,"_uf_disable_surveys":false,"_jetpack_memberships_contains_paid_content":false,"footnotes":"","_wp_rev_ctl_limit":""},"categories":[763],"tags":[5,764,64],"class_list":["post-66660","post","type-post","status-publish","format-standard","has-post-thumbnail","hentry","category-no-rancho-fundo","tag-globo","tag-no-rancho-fundo","tag-novelas","wpcat-763-id"],"aioseo_notices":[],"jetpack_featured_media_url":"https:\/\/i0.wp.com\/www.tvnovelas.com.br\/tvnews\/wp-content\/uploads\/2024\/06\/39499.jpg?fit=728%2C410&ssl=1","jetpack_shortlink":"https:\/\/wp.me\/pdP2BO-hla","jetpack_sharing_enabled":true,"_links":{"self":[{"href":"https:\/\/www.tvnovelas.com.br\/tvnews\/wp-json\/wp\/v2\/posts\/66660","targetHints":{"allow":["GET"]}}],"collection":[{"href":"https:\/\/www.tvnovelas.com.br\/tvnews\/wp-json\/wp\/v2\/posts"}],"about":[{"href":"https:\/\/www.tvnovelas.com.br\/tvnews\/wp-json\/wp\/v2\/types\/post"}],"author":[{"embeddable":true,"href":"https:\/\/www.tvnovelas.com.br\/tvnews\/wp-json\/wp\/v2\/users\/1"}],"replies":[{"embeddable":true,"href":"https:\/\/www.tvnovelas.com.br\/tvnews\/wp-json\/wp\/v2\/comments?post=66660"}],"version-history":[{"count":1,"href":"https:\/\/www.tvnovelas.com.br\/tvnews\/wp-json\/wp\/v2\/posts\/66660\/revisions"}],"predecessor-version":[{"id":66662,"href":"https:\/\/www.tvnovelas.com.br\/tvnews\/wp-json\/wp\/v2\/posts\/66660\/revisions\/66662"}],"wp:featuredmedia":[{"embeddable":true,"href":"https:\/\/www.tvnovelas.com.br\/tvnews\/wp-json\/wp\/v2\/media\/66661"}],"wp:attachment":[{"href":"https:\/\/www.tvnovelas.com.br\/tvnews\/wp-json\/wp\/v2\/media?parent=66660"}],"wp:term":[{"taxonomy":"category","embeddable":true,"href":"https:\/\/www.tvnovelas.com.br\/tvnews\/wp-json\/wp\/v2\/categories?post=66660"},{"taxonomy":"post_tag","embeddable":true,"href":"https:\/\/www.tvnovelas.com.br\/tvnews\/wp-json\/wp\/v2\/tags?post=66660"}],"curies":[{"name":"wp","href":"https:\/\/api.w.org\/{rel}","templated":true}]}}