{"id":66696,"date":"2024-06-22T08:43:39","date_gmt":"2024-06-22T11:43:39","guid":{"rendered":"https:\/\/www.tvnovelas.com.br\/tvnews\/?p=66696"},"modified":"2024-06-22T08:43:40","modified_gmt":"2024-06-22T11:43:40","slug":"no-rancho-fundo-blandina-enfrenta-zefa-leonel-apos-ser-desmascarada","status":"publish","type":"post","link":"https:\/\/www.tvnovelas.com.br\/tvnews\/no-rancho-fundo-blandina-enfrenta-zefa-leonel-apos-ser-desmascarada\/","title":{"rendered":"No Rancho Fundo: Blandina enfrenta Zefa Leonel ap\u00f3s ser desmascarada"},"content":{"rendered":"<p><em>Em No Rancho Fundo: Blandina enfrenta&#8230;<\/em><br \/>\n<figure id=\"attachment_66697\" aria-describedby=\"caption-attachment-66697\" style=\"width: 728px\" class=\"wp-caption alignnone\"><img data-recalc-dims=\"1\" decoding=\"async\" class=\"wp-image-66697 size-full\" title=\"(Foto: TV Globo\/No Rancho Fundo)\" src=\"https:\/\/i0.wp.com\/www.tvnovelas.com.br\/tvnews\/wp-content\/uploads\/2024\/06\/39516.jpg?resize=728%2C410&#038;ssl=1\" alt=\"Foto em No Rancho Fundo: Blandina enfrenta\" width=\"728\" height=\"410\" \/><figcaption id=\"caption-attachment-66697\" class=\"wp-caption-text\">No Rancho Fundo: Blandina enfrenta<\/figcaption><\/figure><\/p>\n<p>Em No Rancho Fundo. Blandina (Luisa Arraes) realmente se v\u00ea como uma v\u00edtima da sociedade e encontra justificativas para todas as suas a\u00e7\u00f5es. E ser\u00e1 esse o argumento que ela usar\u00e1 quando for confrontada por Zefa Leonel (Andrea Beltr\u00e3o) por ter fingido ser outra pessoa e mentido sobre ser rica. Assim, Blandina n\u00e3o se deixar\u00e1 intimidar pela matriarca dos Leonel.<\/p>\n<p>\u201cEu sei o que a senhora veio fazer aqui. Eu tive minhas raz\u00f5es, Zefa Leonel, pra fingir quem eu era&#8230;\u201d, diz Blandina ao encontrar Zefa.<\/p>\n<p>\u201cPra enganar os outro&#8230; fazer meu filho de bobo\u201d, completa Zefa.<\/p>\n<p>Como de costume, Blandina cair\u00e1 no choro para tentar amolecer o cora\u00e7\u00e3o de Zefa Leonel.<\/p>\n<p>\u201cEu j\u00e1 pedi perd\u00e3o. A Quinota, agora \u00e0 senhora&#8230; o que mais eu preciso fazer?\u201d<\/p>\n<p>\u201cSer sincera. Falar a verdade. Por que, menina? Por que tu foi fazer isso? Quem mente vive na sombra&#8230; Na escurid\u00e3o\u201d, rebate Zefa Leonel.<\/p>\n<p>E, ent\u00e3o, Blandina deixar\u00e1 a m\u00e1scara cair e confrontar\u00e1 Zefa Leonel.<\/p>\n<p>\u201cPor que? A senhora quer saber mesmo?! Porque a senhora me chama de Lambe-bei\u00e7o! Porque acha que eu sou uma desclassificada! Uma qualquer! Porque acha que eu me enamorei de Z\u00e9 Beltino s\u00f3 pra dar o golpe do ba\u00fa! A senhora me trata com altivez, com arrog\u00e2ncia, cheia de baz\u00f3fia!\u201d<\/p>\n<p>\u201cTu t\u00e1 doida?\u201d, questiona a m\u00e3e de Z\u00e9 Beltino.<\/p>\n<p>Mas Blandina ir\u00e1 continuar o discurso&#8230;<\/p>\n<p>\u201cA senhora tem preconceito para com a minha pessoa! E sabe por qu\u00ea? Porque eu sou pobre! O que eu podia fazer? Inventei uma hist\u00f3ria para parecer o que eu n\u00e3o sou! Porque eu sei que rico s\u00f3 casa com rico para n\u00e3o dividir a fortuna! S\u00f3 juntar, juntar. Foi por isso! Porque tu enricou, e acha que todo mundo quer lhe passar a perna!\u201d<\/p>\n<p>S\u00f3 que Zefa Leonel \u00e9 esperta e n\u00e3o vai se deixar levar pela l\u00e1bia de Blandina&#8230;<\/p>\n<p>\u201cTu n\u00e3o sabe o que est\u00e1 falando. Est\u00e1 na cara que tu n\u00e3o me conhece. A diferen\u00e7a, Blandina, \u00e9 que nunca, jamais eu cuspo na cara de quem me d\u00e1 a m\u00e3o.\u201d<\/p>\n<p>E Zefa Leonel ir\u00e1 al\u00e9m. A matriarca mandar\u00e1 Blandina se afastar de Z\u00e9 Beltino e de toda a fam\u00edlia Leonel.<\/p>\n<p>\u201cNossa conversa acabou. Tu te afaste de Z\u00e9 Beltino e de minha fam\u00edlia, entendeu?\u201d<\/p>\n<p>Quando Zefa sair de seu quarto, Blandina cair\u00e1 no choro&#8230;<\/p>\n<h3>Coment\u00e1rios em No Rancho Fundo: Blandina enfrenta<\/h3>\n<div class=\"fb-comments\" data-width=\"100%\" data-order-by=\"reverse_time\" data-numposts=\"5\"><\/div>\n<h2>\u00daltimas publica\u00e7\u00f5es de No Rancho Fundo<\/h2>\n<p><div class=\"pt-cv-wrapper\"><div class=\"pt-cv-view pt-cv-grid pt-cv-colsys\" id=\"pt-cv-view-1b948bbbtz\"><div data-id=\"pt-cv-page-1\" class=\"pt-cv-page\" data-cvc=\"1\"><div class=\"col-md-12 col-sm-12 col-xs-12 pt-cv-content-item pt-cv-1-col\" ><div class='pt-cv-ifield'><h4 class=\"pt-cv-title\"><a href=\"https:\/\/www.tvnovelas.com.br\/tvnews\/no-rancho-fundo-deodora-atira-em-ariosto-por-magoa-e-ciume\/\" class=\"_blank\" target=\"_blank\" >No Rancho Fundo: Deodora atira em Ariosto por m\u00e1goa e ci\u00fame<\/a><\/h4><\/div><\/div>\n<div class=\"col-md-12 col-sm-12 col-xs-12 pt-cv-content-item pt-cv-1-col\" ><div class='pt-cv-ifield'><h4 class=\"pt-cv-title\"><a href=\"https:\/\/www.tvnovelas.com.br\/tvnews\/no-rancho-fundo-romera-desbloqueada-entre-os-podres-de-saba-bodo\/\" class=\"_blank\" target=\"_blank\" >No Rancho Fundo: Romera desbloqueada entre os podres de Sab\u00e1 Bod\u00f3<\/a><\/h4><\/div><\/div>\n<div class=\"col-md-12 col-sm-12 col-xs-12 pt-cv-content-item pt-cv-1-col\" ><div class='pt-cv-ifield'><h4 class=\"pt-cv-title\"><a href=\"https:\/\/www.tvnovelas.com.br\/tvnews\/no-rancho-fundo-jordao-e-preso-por-tentar-matar-primo-cicero\/\" class=\"_blank\" target=\"_blank\" >No Rancho Fundo: Jord\u00e3o \u00e9 preso por tentar matar Primo C\u00edcero<\/a><\/h4><\/div><\/div>\n<div class=\"col-md-12 col-sm-12 col-xs-12 pt-cv-content-item pt-cv-1-col\" ><div class='pt-cv-ifield'><h4 class=\"pt-cv-title\"><a href=\"https:\/\/www.tvnovelas.com.br\/tvnews\/no-rancho-fundo-artur-confronta-elias-e-descobre-quem-ele-e\/\" class=\"_blank\" target=\"_blank\" >No Rancho Fundo:  Artur confronta Elias e descobre quem ele \u00e9<\/a><\/h4><\/div><\/div>\n<div class=\"col-md-12 col-sm-12 col-xs-12 pt-cv-content-item pt-cv-1-col\" ><div class='pt-cv-ifield'><h4 class=\"pt-cv-title\"><a href=\"https:\/\/www.tvnovelas.com.br\/tvnews\/no-rancho-fundo-elias-espalha-dinamites-na-gruta-azul-a-mando-de-ariosto\/\" class=\"_blank\" target=\"_blank\" >No Rancho Fundo: Elias espalha dinamites na Gruta Azul a mando de Ariosto<\/a><\/h4><\/div><\/div><\/div><\/div><\/div><br \/>\n<a href=\"https:\/\/wp.me\/pfspD2-OO\" target=\"_blank\" rel=\"noopener\">No Rancho Fundo: De Lasca Fogo a Lap\u00e3o da Beirada<\/a><br \/>\n<a href=\"https:\/\/tvnovelas.com.br\/page2\/arquivo\/no-rancho-fundo-trilha-sonora\/\" target=\"_blank\" rel=\"noopener\">No Rancho Fundo: trilha sonora<\/a><br \/>\n<a href=\"https:\/\/pt.wikipedia.org\/wiki\/No_Rancho_Fundo\" target=\"_blank\" rel=\"noopener\">Sobre No Rancho Fundo, na Wikipedia<\/a><br \/>\n<a href=\"https:\/\/tvnovelas.com.br\/filmes\/filmes-na-tv-segunda\/\" target=\"_blank\" rel=\"noopener\">Confira a programa\u00e7\u00e3o de filmes na TV aberta<\/a><br \/>\n<a href=\"https:\/\/www.tvnovelas.com.br\/tvnews\/\">\u00daltimas not\u00edcias de todas as novelas<\/a><\/p>\n","protected":false},"excerpt":{"rendered":"<p>No Rancho Fundo: Blandina enfrenta&#8230;  Blandina (Luisa Arraes) realmente se v\u00ea como uma v\u00edtima da sociedade e encontra justificativas para todas as suas a\u00e7\u00f5es&#8230;<\/p>\n","protected":false},"author":1,"featured_media":66697,"comment_status":"closed","ping_status":"closed","sticky":false,"template":"","format":"standard","meta":{"_uf_show_specific_survey":0,"_uf_disable_surveys":false,"_jetpack_memberships_contains_paid_content":false,"footnotes":"","_wp_rev_ctl_limit":""},"categories":[763],"tags":[5,764,64],"class_list":["post-66696","post","type-post","status-publish","format-standard","has-post-thumbnail","hentry","category-no-rancho-fundo","tag-globo","tag-no-rancho-fundo","tag-novelas","wpcat-763-id"],"aioseo_notices":[],"jetpack_featured_media_url":"https:\/\/i0.wp.com\/www.tvnovelas.com.br\/tvnews\/wp-content\/uploads\/2024\/06\/39516.jpg?fit=728%2C410&ssl=1","jetpack_shortlink":"https:\/\/wp.me\/pdP2BO-hlK","jetpack_sharing_enabled":true,"_links":{"self":[{"href":"https:\/\/www.tvnovelas.com.br\/tvnews\/wp-json\/wp\/v2\/posts\/66696","targetHints":{"allow":["GET"]}}],"collection":[{"href":"https:\/\/www.tvnovelas.com.br\/tvnews\/wp-json\/wp\/v2\/posts"}],"about":[{"href":"https:\/\/www.tvnovelas.com.br\/tvnews\/wp-json\/wp\/v2\/types\/post"}],"author":[{"embeddable":true,"href":"https:\/\/www.tvnovelas.com.br\/tvnews\/wp-json\/wp\/v2\/users\/1"}],"replies":[{"embeddable":true,"href":"https:\/\/www.tvnovelas.com.br\/tvnews\/wp-json\/wp\/v2\/comments?post=66696"}],"version-history":[{"count":1,"href":"https:\/\/www.tvnovelas.com.br\/tvnews\/wp-json\/wp\/v2\/posts\/66696\/revisions"}],"predecessor-version":[{"id":66698,"href":"https:\/\/www.tvnovelas.com.br\/tvnews\/wp-json\/wp\/v2\/posts\/66696\/revisions\/66698"}],"wp:featuredmedia":[{"embeddable":true,"href":"https:\/\/www.tvnovelas.com.br\/tvnews\/wp-json\/wp\/v2\/media\/66697"}],"wp:attachment":[{"href":"https:\/\/www.tvnovelas.com.br\/tvnews\/wp-json\/wp\/v2\/media?parent=66696"}],"wp:term":[{"taxonomy":"category","embeddable":true,"href":"https:\/\/www.tvnovelas.com.br\/tvnews\/wp-json\/wp\/v2\/categories?post=66696"},{"taxonomy":"post_tag","embeddable":true,"href":"https:\/\/www.tvnovelas.com.br\/tvnews\/wp-json\/wp\/v2\/tags?post=66696"}],"curies":[{"name":"wp","href":"https:\/\/api.w.org\/{rel}","templated":true}]}}