{"id":66788,"date":"2024-06-27T09:15:47","date_gmt":"2024-06-27T12:15:47","guid":{"rendered":"https:\/\/www.tvnovelas.com.br\/tvnews\/?p=66788"},"modified":"2024-06-27T09:26:52","modified_gmt":"2024-06-27T12:26:52","slug":"no-rancho-fundo-dracena-percebe-que-esta-gostando-de-ze-beltino","status":"publish","type":"post","link":"https:\/\/www.tvnovelas.com.br\/tvnews\/no-rancho-fundo-dracena-percebe-que-esta-gostando-de-ze-beltino\/","title":{"rendered":"No Rancho Fundo: Dracena percebe que est\u00e1 gostando de Z\u00e9 Beltino"},"content":{"rendered":"<p><em>Em No Rancho Fundo: Dracena percebe&#8230;<\/em><br \/>\n<figure id=\"attachment_66789\" aria-describedby=\"caption-attachment-66789\" style=\"width: 728px\" class=\"wp-caption alignnone\"><img data-recalc-dims=\"1\" decoding=\"async\" class=\"wp-image-66789 size-full\" title=\"(Foto: TV Globo\/No Rancho Fundo)\" src=\"https:\/\/i0.wp.com\/www.tvnovelas.com.br\/tvnews\/wp-content\/uploads\/2024\/06\/39662.jpg?resize=728%2C410&#038;ssl=1\" alt=\"Foto em No Rancho Fundo: Dracena percebe\" width=\"728\" height=\"410\" \/><figcaption id=\"caption-attachment-66789\" class=\"wp-caption-text\">No Rancho Fundo: Dracena percebe<\/figcaption><\/figure><\/p>\n<p>Em No Rancho Fundo, Dracena (Nina Tomsic) ficou balan\u00e7ada ao conhecer Z\u00e9 Beltino (Igor Fortunato) quando chegou em Lap\u00e3o da Beirada. E, ap\u00f3s um longo e descontra\u00eddo bate-papo com o rapaz, a menina vai ter certeza: est\u00e1 mesmo interessada pelo noivo de quem a melhor amiga, Blandina (Luisa Arraes), s\u00f3 quer o dinheiro.<\/p>\n<p>Z\u00e9 Beltino ir\u00e1 atr\u00e1s de Dracena para lhe pedir uma ajuda importante. Ele vai perguntar se ela pode ajud\u00e1-lo a comprar um anel de noivado para Blandina&#8230;<\/p>\n<p>\u201cPreciso lhe fazer um pedido. Um pedido que s\u00f3 posso fazer a sua pessoa&#8230; Tu me ajuda a comprar uma alian\u00e7a de casamento pra sua amiga Blandina?\u201d, pergunta ele.<\/p>\n<p>Mas, ao chegarem \u00e0 \u00fanica joalheria da cidade, ela estar\u00e1 fechada, o que deixar\u00e1 Dracena aliviada.<\/p>\n<p>\u201cAh, que pena&#8230; N\u00e3o vai ser agora que tu vai comprar a alian\u00e7a de casamento&#8230; A gente se fala, t\u00e1?\u201d, diz Dracena, j\u00e1 tentando sair dali.<\/p>\n<p>\u201cTu aceita uma garapa, Dracena? Esse sol est\u00e1 de rachar coco\u201d, convida Z\u00e9 Beltino.<\/p>\n<p>Os dois, ent\u00e3o, ir\u00e3o tomar um suco de caj\u00e1, e o papo vai rolar solto&#8230;<\/p>\n<p>\u201cEu me acho muito desajeitado para vida&#8230; Nem sei como Blandina botou reparo em mim. Eu fico todo sem jeito na frente de uma dama&#8230;\u201d, admite Z\u00e9 Beltino.<\/p>\n<p>\u201cN\u00e3o lhe acho t\u00e3o sem jeito n\u00e3o&#8230; Tu n\u00e3o est\u00e1 conversando mais eu esse bocado de tempo?\u201d, observa Dracena.<\/p>\n<p>\u201c\u00c9 verdade!&#8230; Conversar mais voc\u00ea \u00e9 f\u00e1cil por demais! Parece at\u00e9 que estou conversando com um cabra que nem eu! Um homem macho! Deve ser esse o sentimento de ter um amigo, n\u00e9ra? Gostei!\u201d, afirma Z\u00e9 Beltino, inocentemente quebrando o clima.<\/p>\n<p>\u201cAh, amizade&#8230;\u201d, reage Dracena, desconfort\u00e1vel em perceber que est\u00e1 interessada no noivo da melhor amiga.<\/p>\n<h3>Coment\u00e1rios em No Rancho Fundo: Dracena percebe&#8230;<\/h3>\n<div class=\"fb-comments\" data-width=\"100%\" data-order-by=\"reverse_time\" data-numposts=\"5\"><\/div>\n<h2>\u00daltimas publica\u00e7\u00f5es de No Rancho Fundo<\/h2>\n<p><div class=\"pt-cv-wrapper\"><div class=\"pt-cv-view pt-cv-grid pt-cv-colsys\" id=\"pt-cv-view-1b948bbbtz\"><div data-id=\"pt-cv-page-1\" class=\"pt-cv-page\" data-cvc=\"1\"><div class=\"col-md-12 col-sm-12 col-xs-12 pt-cv-content-item pt-cv-1-col\" ><div class='pt-cv-ifield'><h4 class=\"pt-cv-title\"><a href=\"https:\/\/www.tvnovelas.com.br\/tvnews\/no-rancho-fundo-deodora-atira-em-ariosto-por-magoa-e-ciume\/\" class=\"_blank\" target=\"_blank\" >No Rancho Fundo: Deodora atira em Ariosto por m\u00e1goa e ci\u00fame<\/a><\/h4><\/div><\/div>\n<div class=\"col-md-12 col-sm-12 col-xs-12 pt-cv-content-item pt-cv-1-col\" ><div class='pt-cv-ifield'><h4 class=\"pt-cv-title\"><a href=\"https:\/\/www.tvnovelas.com.br\/tvnews\/no-rancho-fundo-romera-desbloqueada-entre-os-podres-de-saba-bodo\/\" class=\"_blank\" target=\"_blank\" >No Rancho Fundo: Romera desbloqueada entre os podres de Sab\u00e1 Bod\u00f3<\/a><\/h4><\/div><\/div>\n<div class=\"col-md-12 col-sm-12 col-xs-12 pt-cv-content-item pt-cv-1-col\" ><div class='pt-cv-ifield'><h4 class=\"pt-cv-title\"><a href=\"https:\/\/www.tvnovelas.com.br\/tvnews\/no-rancho-fundo-jordao-e-preso-por-tentar-matar-primo-cicero\/\" class=\"_blank\" target=\"_blank\" >No Rancho Fundo: Jord\u00e3o \u00e9 preso por tentar matar Primo C\u00edcero<\/a><\/h4><\/div><\/div>\n<div class=\"col-md-12 col-sm-12 col-xs-12 pt-cv-content-item pt-cv-1-col\" ><div class='pt-cv-ifield'><h4 class=\"pt-cv-title\"><a href=\"https:\/\/www.tvnovelas.com.br\/tvnews\/no-rancho-fundo-artur-confronta-elias-e-descobre-quem-ele-e\/\" class=\"_blank\" target=\"_blank\" >No Rancho Fundo:  Artur confronta Elias e descobre quem ele \u00e9<\/a><\/h4><\/div><\/div>\n<div class=\"col-md-12 col-sm-12 col-xs-12 pt-cv-content-item pt-cv-1-col\" ><div class='pt-cv-ifield'><h4 class=\"pt-cv-title\"><a href=\"https:\/\/www.tvnovelas.com.br\/tvnews\/no-rancho-fundo-elias-espalha-dinamites-na-gruta-azul-a-mando-de-ariosto\/\" class=\"_blank\" target=\"_blank\" >No Rancho Fundo: Elias espalha dinamites na Gruta Azul a mando de Ariosto<\/a><\/h4><\/div><\/div><\/div><\/div><\/div><br \/>\n<a href=\"https:\/\/wp.me\/pfspD2-OO\" target=\"_blank\" rel=\"noopener\">No Rancho Fundo: De Lasca Fogo a Lap\u00e3o da Beirada<\/a><br \/>\n<a href=\"https:\/\/tvnovelas.com.br\/page2\/arquivo\/no-rancho-fundo-trilha-sonora\/\" target=\"_blank\" rel=\"noopener\">No Rancho Fundo: trilha sonora<\/a><br \/>\n<a href=\"https:\/\/pt.wikipedia.org\/wiki\/No_Rancho_Fundo\" target=\"_blank\" rel=\"noopener\">Sobre No Rancho Fundo, na Wikipedia<\/a><br \/>\n<a href=\"https:\/\/tvnovelas.com.br\/filmes\/filmes-na-tv-segunda\/\" target=\"_blank\" rel=\"noopener\">Confira a programa\u00e7\u00e3o de filmes na TV aberta<\/a><br \/>\n<a href=\"https:\/\/www.tvnovelas.com.br\/tvnews\/\">\u00daltimas not\u00edcias de todas as novelas<\/a><\/p>\n","protected":false},"excerpt":{"rendered":"<p>No Rancho Fundo: Dracena (Nina Tomsic) ficou balan\u00e7ada ao conhecer Z\u00e9 Beltino (Igor Fortunato) quando chegou em Lap\u00e3o da Beirada. E, ap\u00f3s um longo&#8230;<\/p>\n","protected":false},"author":1,"featured_media":66789,"comment_status":"closed","ping_status":"closed","sticky":false,"template":"","format":"standard","meta":{"_uf_show_specific_survey":0,"_uf_disable_surveys":false,"_jetpack_memberships_contains_paid_content":false,"footnotes":"","_wp_rev_ctl_limit":""},"categories":[763],"tags":[5,764,64],"class_list":["post-66788","post","type-post","status-publish","format-standard","has-post-thumbnail","hentry","category-no-rancho-fundo","tag-globo","tag-no-rancho-fundo","tag-novelas","wpcat-763-id"],"aioseo_notices":[],"jetpack_featured_media_url":"https:\/\/i0.wp.com\/www.tvnovelas.com.br\/tvnews\/wp-content\/uploads\/2024\/06\/39662.jpg?fit=728%2C410&ssl=1","jetpack_shortlink":"https:\/\/wp.me\/pdP2BO-hne","jetpack_sharing_enabled":true,"_links":{"self":[{"href":"https:\/\/www.tvnovelas.com.br\/tvnews\/wp-json\/wp\/v2\/posts\/66788","targetHints":{"allow":["GET"]}}],"collection":[{"href":"https:\/\/www.tvnovelas.com.br\/tvnews\/wp-json\/wp\/v2\/posts"}],"about":[{"href":"https:\/\/www.tvnovelas.com.br\/tvnews\/wp-json\/wp\/v2\/types\/post"}],"author":[{"embeddable":true,"href":"https:\/\/www.tvnovelas.com.br\/tvnews\/wp-json\/wp\/v2\/users\/1"}],"replies":[{"embeddable":true,"href":"https:\/\/www.tvnovelas.com.br\/tvnews\/wp-json\/wp\/v2\/comments?post=66788"}],"version-history":[{"count":5,"href":"https:\/\/www.tvnovelas.com.br\/tvnews\/wp-json\/wp\/v2\/posts\/66788\/revisions"}],"predecessor-version":[{"id":66794,"href":"https:\/\/www.tvnovelas.com.br\/tvnews\/wp-json\/wp\/v2\/posts\/66788\/revisions\/66794"}],"wp:featuredmedia":[{"embeddable":true,"href":"https:\/\/www.tvnovelas.com.br\/tvnews\/wp-json\/wp\/v2\/media\/66789"}],"wp:attachment":[{"href":"https:\/\/www.tvnovelas.com.br\/tvnews\/wp-json\/wp\/v2\/media?parent=66788"}],"wp:term":[{"taxonomy":"category","embeddable":true,"href":"https:\/\/www.tvnovelas.com.br\/tvnews\/wp-json\/wp\/v2\/categories?post=66788"},{"taxonomy":"post_tag","embeddable":true,"href":"https:\/\/www.tvnovelas.com.br\/tvnews\/wp-json\/wp\/v2\/tags?post=66788"}],"curies":[{"name":"wp","href":"https:\/\/api.w.org\/{rel}","templated":true}]}}