{"id":66801,"date":"2024-06-27T10:42:21","date_gmt":"2024-06-27T13:42:21","guid":{"rendered":"https:\/\/www.tvnovelas.com.br\/tvnews\/?p=66801"},"modified":"2024-06-27T10:43:27","modified_gmt":"2024-06-27T13:43:27","slug":"alma-gemea-debora-compra-uma-pocao-para-ajudar-cristina","status":"publish","type":"post","link":"https:\/\/www.tvnovelas.com.br\/tvnews\/alma-gemea-debora-compra-uma-pocao-para-ajudar-cristina\/","title":{"rendered":"Alma G\u00eamea: D\u00e9bora compra uma po\u00e7\u00e3o para ajudar Cristina"},"content":{"rendered":"<p><em>Em Alma G\u00eamea: D\u00e9bora compra&#8230;<\/em><br \/>\n(Foto: Reprodu\u00e7\u00e3o\/TV Globo\/Alma G\u00eamea)<br \/>\n<figure id=\"attachment_66802\" aria-describedby=\"caption-attachment-66802\" style=\"width: 728px\" class=\"wp-caption alignnone\"><img data-recalc-dims=\"1\" decoding=\"async\" src=\"https:\/\/i0.wp.com\/www.tvnovelas.com.br\/tvnews\/wp-content\/uploads\/2024\/06\/39665.jpg?resize=728%2C410&#038;ssl=1\" alt=\"Alma G\u00eamea: D\u00e9bora compra\" width=\"728\" height=\"410\" class=\"size-full wp-image-66802\" \/><figcaption id=\"caption-attachment-66802\" class=\"wp-caption-text\">Foto em Alma G\u00eamea: D\u00e9bora compra&#8230;<\/figcaption><\/figure><br \/>\nNo cap\u00edtulo de Alma G\u00eamea desta quinta, dia 27, D\u00e9bora chega \u00e0 casa de uma &#8220;bruxa&#8221; e compra uma po\u00e7\u00e3o para ajudar Cristina a seduzir Rafael. Confira o resumo do dia: <\/p>\n<p><strong>Resumo de quinta-feira, 27 de junho<\/strong><br \/>\nRafael percebe que a loja de rosas rendeu menos do que o normal. Raul explica para Rafael que est\u00e1 fazendo as contas de um jeito mais eficaz do que o de Ab\u00edlio, deixando-o satisfeito. Cristina sente-se incomodada com a maneira que Ciro lhe olha.\u00b7 Ciro diz a Agnes que vai encontrar um amigo. Vit\u00f3rio, Ol\u00edvia e Jorge v\u00e3o at\u00e9 o s\u00edtio de Bernardo para comprar mantimentos para o restaurante. Mirna e Jorge se encantam um pelo outro. Eliete pergunta a Osvaldo se ele vai abandonar Divina para ficar com ela. Serena promete a Felipe que vai ajud\u00e1-lo a descobrir por que Raul n\u00e3o gosta dele. Generosa conta para Rafael que Guto veio trazer um presente para Serena e indaga se Serena j\u00e1 conhecia Guto de algum lugar. Rafael fica ressabiado. Serena v\u00ea a imagem de Luna expulsando algu\u00e9m e se sente mal. Osvaldo explica para Eliete que ama Divina e n\u00e3o vai abandon\u00e1-la. Eliete fica furiosa e garante a Osvaldo que vai se vingar dele. Generosa conta para Serena que Rafael n\u00e3o gostou de saber que ela recebeu a visita de Guto.\u00b7 Eliete fala para Divina que quer ser sua amiga. Rafael manda Ciro descobrir que liga\u00e7\u00e3o Serena tem como Guto. Jorge avisa a Mirna que ir\u00e1 buscar os produtos da fazenda todos os dias. Crispim n\u00e3o percebe que Mirna est\u00e1 interessada em Jorge e fica satisfeito por ela estar tratando um comprador t\u00e3o bem. Ol\u00edvia encontra Cristina no restaurante. Serena fica triste quando Rafael n\u00e3o aparece para visit\u00e1-la. Osvaldo teme a presen\u00e7a de Eliete na pens\u00e3o. Raul encontra Felipe e Mirella juntos e fica furioso. Cristina fala para Ol\u00edvia que quer reservar mesas em seu restaurante para dar um jantar em homenagem a Alexandra. Ol\u00edvia acha que Cristina vai tentar tramar algo e se recusa a fazer as reservas para ela. Vit\u00f3rio explica para Ol\u00edvia que eles n\u00e3o t\u00eam condi\u00e7\u00f5es de recusar fregueses e aceita as reservas de Cristina. Ol\u00edvia vai brigar com Vit\u00f3rio, que a cala com um beijo. Raul v\u00ea. Agnes repreende Ciro pela aus\u00eancia. Eduardo agradece a Vera por ela estar cuidando de Alexandra e a beija. D\u00e9bora chega \u00e0 casa de uma &#8220;bruxa&#8221; e compra uma po\u00e7\u00e3o para ajudar Cristina a seduzir Rafael. Raul fala para Ol\u00edvia que vai exigir a guarda de seus filhos se souber que ela est\u00e1 namorando Vit\u00f3rio. Serena diz a Ter\u00ea que est\u00e1 com um mau pressentimento. Felipe fala para Rafael que ele deveria confiar em Serena ou vai mago\u00e1-la e perd\u00ea-la. Rafael fica irritado com o filho por repreend\u00ea-lo. Cristina afirma para Felipe que n\u00e3o gosta quando Rafael briga com Serena. Felipe enfrenta a governanta e diz que sabe que ela est\u00e1 mentindo, pois quer Rafael para si. Cristina fica furiosa.\u00b7 Eurico conta para Zulmira que ouviu Cristina tramando com Raul para fazer com que Ab\u00edlio fosse demitido. Ivan ouve Eurico falando de Cristina e pergunta o que ele estava dizendo. Eurico disfar\u00e7a.<br \/>\n<!--FIM--><\/p>\n<h3>Coment\u00e1rios em Alma G\u00eamea: D\u00e9bora compra&#8230;<\/h3>\n<div class=\"fb-comments\" data-width=\"100%\" data-order-by=\"reverse_time\" data-numposts=\"5\"><\/div>\n<p><strong style=\"font-size: 120%;\">\u00daltimas not\u00edcias deste canal:<\/strong>\r\n<div class=\"pt-cv-wrapper\"><div class=\"pt-cv-view pt-cv-grid pt-cv-colsys\" id=\"pt-cv-view-90991035b3\"><div data-id=\"pt-cv-page-1\" class=\"pt-cv-page\" data-cvc=\"1\"><div class=\"col-md-12 col-sm-12 col-xs-12 pt-cv-content-item pt-cv-1-col\" ><div class='pt-cv-ifield'><h4 class=\"pt-cv-title\"><a href=\"https:\/\/www.tvnovelas.com.br\/tvnews\/coracao-de-mae-irmak-inicia-jogo-arriscado-contra-adnan\/\" class=\"_self\" target=\"_self\" >Cora\u00e7\u00e3o de M\u00e3e: Irmak inicia jogo arriscado contra Adnan<\/a><\/h4><\/div><\/div>\n<div class=\"col-md-12 col-sm-12 col-xs-12 pt-cv-content-item pt-cv-1-col\" ><div class='pt-cv-ifield'><h4 class=\"pt-cv-title\"><a href=\"https:\/\/www.tvnovelas.com.br\/tvnews\/guerra-das-rosas-omer-chama-gulru-vestida-de-noiva-para-fugir\/\" class=\"_self\" target=\"_self\" >Guerra das Rosas: Omer chama Gulru vestida de noiva para fugir<\/a><\/h4><\/div><\/div>\n<div class=\"col-md-12 col-sm-12 col-xs-12 pt-cv-content-item pt-cv-1-col\" ><div class='pt-cv-ifield'><h4 class=\"pt-cv-title\"><a href=\"https:\/\/www.tvnovelas.com.br\/tvnews\/coracao-de-mae-reha-sai-para-jantar-com-selvi\/\" class=\"_self\" target=\"_self\" >Cora\u00e7\u00e3o de M\u00e3e: Reha sai para jantar com Selvi<\/a><\/h4><\/div><\/div>\n<div class=\"col-md-12 col-sm-12 col-xs-12 pt-cv-content-item pt-cv-1-col\" ><div class='pt-cv-ifield'><h4 class=\"pt-cv-title\"><a href=\"https:\/\/www.tvnovelas.com.br\/tvnews\/coracao-acelerado-zila-se-preocupa-com-sua-situacao-apos-separacao\/\" class=\"_self\" target=\"_self\" >Cora\u00e7\u00e3o Acelerado: Zil\u00e1 se preocupa com sua situa\u00e7\u00e3o ap\u00f3s separa\u00e7\u00e3o<\/a><\/h4><\/div><\/div>\n<div class=\"col-md-12 col-sm-12 col-xs-12 pt-cv-content-item pt-cv-1-col\" ><div class='pt-cv-ifield'><h4 class=\"pt-cv-title\"><a href=\"https:\/\/www.tvnovelas.com.br\/tvnews\/a-nobreza-do-amor-tonho-nao-se-curva-diante-de-mirinho\/\" class=\"_self\" target=\"_self\" >A Nobreza do Amor: Tonho n\u00e3o se curva diante de Mirinho<\/a><\/h4><\/div><\/div>\n<div class=\"col-md-12 col-sm-12 col-xs-12 pt-cv-content-item pt-cv-1-col\" ><div class='pt-cv-ifield'><h4 class=\"pt-cv-title\"><a href=\"https:\/\/www.tvnovelas.com.br\/tvnews\/tres-gracas-arminda-surta-ao-confirmar-que-ferette-e-pai-de-raul\/\" class=\"_self\" target=\"_self\" >Tr\u00eas Gra\u00e7as:  Arminda surta ao confirmar que Ferette \u00e9 pai de Raul<\/a><\/h4><\/div><\/div>\n<div class=\"col-md-12 col-sm-12 col-xs-12 pt-cv-content-item pt-cv-1-col\" ><div class='pt-cv-ifield'><h4 class=\"pt-cv-title\"><a href=\"https:\/\/www.tvnovelas.com.br\/tvnews\/coracao-de-mae-atilla-confronta-hasan-e-exige-o-divorcio-de-lale\/\" class=\"_self\" target=\"_self\" >Cora\u00e7\u00e3o de M\u00e3e: Atilla confronta Hasan e exige o div\u00f3rcio de Lale<\/a><\/h4><\/div><\/div>\n<div class=\"col-md-12 col-sm-12 col-xs-12 pt-cv-content-item pt-cv-1-col\" ><div class='pt-cv-ifield'><h4 class=\"pt-cv-title\"><a href=\"https:\/\/www.tvnovelas.com.br\/tvnews\/guerra-das-rosas-gulfem-coloca-gulru-contra-a-parede\/\" class=\"_self\" target=\"_self\" >Guerra das Rosas: Gulfem coloca Gulru contra a parede<\/a><\/h4><\/div><\/div>\n<div class=\"col-md-12 col-sm-12 col-xs-12 pt-cv-content-item pt-cv-1-col\" ><div class='pt-cv-ifield'><h4 class=\"pt-cv-title\"><a href=\"https:\/\/www.tvnovelas.com.br\/tvnews\/coracao-de-mae-atilla-diz-a-lale-que-quer-o-divorcio\/\" class=\"_self\" target=\"_self\" >Cora\u00e7\u00e3o de M\u00e3e: Atilla diz a Lale que quer o div\u00f3rcio<\/a><\/h4><\/div><\/div>\n<div class=\"col-md-12 col-sm-12 col-xs-12 pt-cv-content-item pt-cv-1-col\" ><div class='pt-cv-ifield'><h4 class=\"pt-cv-title\"><a href=\"https:\/\/www.tvnovelas.com.br\/tvnews\/a-nobreza-do-amor-mirinho-garante-noivado-com-virginia-para-atrair-sogro-a-negocio\/\" class=\"_self\" target=\"_self\" >A Nobreza do Amor: Mirinho garante noivado com Virg\u00ednia para atrair sogro a neg\u00f3cio<\/a><\/h4><\/div><\/div><\/div><\/div><\/div>\r\n<a href=\"https:\/\/www.tvnovelas.com.br\/novelas\/\"><strong>Confira os resumos da semana de todas novelas<\/strong><\/a><\/br>\r\n<h3>Confira tamb\u00e9m<\/h3>\r\n<a href=\"https:\/\/www.tvnovelas.com.br\/filmes\/\" target=\"_blank\" rel=\"noopener noreferrer\"><strong>Programa\u00e7\u00e3o de filmes na TV aberta<\/strong><\/a><\/br>\r\n<a href=\"https:\/\/caetenews.com.br\/semana\/filmes-da-globo-na-sessao-da-tarde-desta-semana\/\" target=\"_blank\" rel=\"noopener\"><strong>Confira os filmes da semana na Sess\u00e3o da Tarde<\/strong><\/a><\/br>\r\n<a href=\"https:\/\/www.tvnovelas.com.br\/novelas\/\" target=\"_blank\" rel=\"noopener noreferrer\"><strong>Resumos de novelas<\/strong><\/a><\/br>\r\n<a href=\"https:\/\/tvnovelas.com.br\/news\/mundo\/\" rel=\"noopener\" target=\"_blank\"><strong>News: Turismo, Cultura, Lazer e Entretenimento<\/strong><\/a><br \/>\n<a href=\"https:\/\/wp.me\/pfspD2-5Y\">Alma G\u00eamea: Um amor eterno<\/a><br \/>\n<a href=\"https:\/\/tvnovelas.com.br\/page2\/arquivo\/alma-gemea-quem-e-quem\/\">Alma G\u00eamea: Principais personagens<\/a><br \/>\n<a href=\"https:\/\/pt.wikipedia.org\/wiki\/Alma_G\u00eamea\" target=\"_blank\" rel=\"noopener\">Sobre Alma G\u00eamea na Wikipedia<\/a><br \/>\n<a href=\"https:\/\/www.facebook.com\/tevenovelas\/\">\u00daltimas not\u00edcias do TV Novelas no Facebook<\/a><br \/>\n<a href=\"https:\/\/tvnovelas.com.br\/novelas\/\">Resumos de todas as novelas<\/a><\/p>\n","protected":false},"excerpt":{"rendered":"<p>Alma G\u00eamea: D\u00e9bora compra&#8230; No cap\u00edtulo de Alma G\u00eamea desta quinta, dia 27, D\u00e9bora chega \u00e0 casa de uma &#8220;bruxa&#8221; e compra uma po\u00e7\u00e3o para ajudar Cristina a seduzir Rafael. Confira o resumo de hoje em https:\/\/wp.me\/pdP2BO-hnr<\/p>\n","protected":false},"author":1,"featured_media":66802,"comment_status":"closed","ping_status":"closed","sticky":false,"template":"","format":"standard","meta":{"_uf_show_specific_survey":0,"_uf_disable_surveys":false,"_jetpack_memberships_contains_paid_content":false,"footnotes":"","_wp_rev_ctl_limit":""},"categories":[236],"tags":[768,5,64],"class_list":["post-66801","post","type-post","status-publish","format-standard","has-post-thumbnail","hentry","category-globo","tag-alma-gemea","tag-globo","tag-novelas","wpcat-236-id"],"aioseo_notices":[],"jetpack_featured_media_url":"https:\/\/i0.wp.com\/www.tvnovelas.com.br\/tvnews\/wp-content\/uploads\/2024\/06\/39665.jpg?fit=728%2C410&ssl=1","jetpack_shortlink":"https:\/\/wp.me\/pdP2BO-hnr","jetpack_sharing_enabled":true,"_links":{"self":[{"href":"https:\/\/www.tvnovelas.com.br\/tvnews\/wp-json\/wp\/v2\/posts\/66801","targetHints":{"allow":["GET"]}}],"collection":[{"href":"https:\/\/www.tvnovelas.com.br\/tvnews\/wp-json\/wp\/v2\/posts"}],"about":[{"href":"https:\/\/www.tvnovelas.com.br\/tvnews\/wp-json\/wp\/v2\/types\/post"}],"author":[{"embeddable":true,"href":"https:\/\/www.tvnovelas.com.br\/tvnews\/wp-json\/wp\/v2\/users\/1"}],"replies":[{"embeddable":true,"href":"https:\/\/www.tvnovelas.com.br\/tvnews\/wp-json\/wp\/v2\/comments?post=66801"}],"version-history":[{"count":2,"href":"https:\/\/www.tvnovelas.com.br\/tvnews\/wp-json\/wp\/v2\/posts\/66801\/revisions"}],"predecessor-version":[{"id":66804,"href":"https:\/\/www.tvnovelas.com.br\/tvnews\/wp-json\/wp\/v2\/posts\/66801\/revisions\/66804"}],"wp:featuredmedia":[{"embeddable":true,"href":"https:\/\/www.tvnovelas.com.br\/tvnews\/wp-json\/wp\/v2\/media\/66802"}],"wp:attachment":[{"href":"https:\/\/www.tvnovelas.com.br\/tvnews\/wp-json\/wp\/v2\/media?parent=66801"}],"wp:term":[{"taxonomy":"category","embeddable":true,"href":"https:\/\/www.tvnovelas.com.br\/tvnews\/wp-json\/wp\/v2\/categories?post=66801"},{"taxonomy":"post_tag","embeddable":true,"href":"https:\/\/www.tvnovelas.com.br\/tvnews\/wp-json\/wp\/v2\/tags?post=66801"}],"curies":[{"name":"wp","href":"https:\/\/api.w.org\/{rel}","templated":true}]}}