{"id":66830,"date":"2024-06-29T09:09:00","date_gmt":"2024-06-29T12:09:00","guid":{"rendered":"https:\/\/www.tvnovelas.com.br\/tvnews\/?p=66830"},"modified":"2024-06-29T09:21:06","modified_gmt":"2024-06-29T12:21:06","slug":"rancho-fundo-ze-beltino-pede-blandina-em-casamento-e-ela-comemora-o-valioso-anel","status":"publish","type":"post","link":"https:\/\/www.tvnovelas.com.br\/tvnews\/rancho-fundo-ze-beltino-pede-blandina-em-casamento-e-ela-comemora-o-valioso-anel\/","title":{"rendered":"Rancho Fundo: Z\u00e9 Beltino pede Blandina em casamento, e ela comemora o valioso anel"},"content":{"rendered":"<p><em>Em No Rancho Fundo: Z\u00e9 Beltino pede Blandina&#8230;<\/em><br \/>\n<figure id=\"attachment_66839\" aria-describedby=\"caption-attachment-66839\" style=\"width: 728px\" class=\"wp-caption alignnone\"><img data-recalc-dims=\"1\" decoding=\"async\" src=\"https:\/\/i0.wp.com\/www.tvnovelas.com.br\/tvnews\/wp-content\/uploads\/2024\/06\/39678.jpg?resize=728%2C410&#038;ssl=1\" alt=\"Foto em Rancho Fundo: Z\u00e9 Beltino pede Blandina\" width=\"728\" height=\"410\" class=\"size-full wp-image-66839\" \/><figcaption id=\"caption-attachment-66839\" class=\"wp-caption-text\">Rancho Fundo: Z\u00e9 Beltino pede Blandina<\/figcaption><\/figure><\/p>\n<p>Em No Rancho Fundo, apaixonado, Z\u00e9 Beltino (Igor Fortunato) ir\u00e1 surpreender Blandina (Luisa Arraes). O primog\u00eanito dos Leonel entrar\u00e1 no quarto da noiva acompanhando de um sanfoneiro para lhe pedir em casamento. Mas o que a vigarista vai gostar mesmo \u00e9 do anel car\u00edssimo que o agora rico Z\u00e9 Beltino dar\u00e1 a ela.<\/p>\n<p>\u201cQue tu veio fazer aqui?\u201d, pergunta Blandina.<\/p>\n<p>\u201cVim lhe pedir uma coisa&#8230; tua m\u00e3o, pra voc\u00ea casar comigo&#8230;\u201d, diz ele, todo feliz.<\/p>\n<p>Z\u00e9 Beltino, ent\u00e3o, entregar\u00e1 uma caixinha para Blandina, que olhar\u00e1 para ele contrariada.<\/p>\n<p>\u201cTu n\u00e3o aceita?\u201d, reage ele, preocupado.<\/p>\n<p>\u201cZ\u00e9 Beltino&#8230; \u00e9 que tu tem que fazer o pedido direito, meu filho&#8230; De joelho, mostrando a alian\u00e7a, botando em meu dedo\u201d, ensina ela.<\/p>\n<p>\u201cAh, \u00e9&#8230; desculpe. \u00c9 que nunca noivei antes. Tu \u00e9 minha primeira mulher!\u201d<\/p>\n<p>Z\u00e9 Beltino, agora, se ajoelhar\u00e1 e mostrar\u00e1 a caixinha aberta com um lindo e caro anel.<\/p>\n<p>\u201cBlandina, tu aceita se casar mais eu?\u201d<\/p>\n<p>\u201cAve-Maria, que isso deve de ter custado uma fortuna\u201d, reage Blandina, radiante.<\/p>\n<p>A loira, ent\u00e3o, pular\u00e1 no pesco\u00e7o de Z\u00e9 Beltino, feliz da vida com o anel que acabara de ganhar e lhe tascar\u00e1 um beij\u00e3o. Ele, como de costume, afastar\u00e1 a noiva.<\/p>\n<p>\u201c\u00c9 melhor que seja depois do casamento, n\u00e9ra?\u201d<\/p>\n<h3>Coment\u00e1rios em Rancho Fundo: Z\u00e9 Beltino pede Blandina&#8230;<\/h3>\n<div class=\"fb-comments\" data-width=\"100%\" data-order-by=\"reverse_time\" data-numposts=\"5\"><\/div>\n<h2>\u00daltimas publica\u00e7\u00f5es de No Rancho Fundo<\/h2>\n<p><div class=\"pt-cv-wrapper\"><div class=\"pt-cv-view pt-cv-grid pt-cv-colsys\" id=\"pt-cv-view-1b948bbbtz\"><div data-id=\"pt-cv-page-1\" class=\"pt-cv-page\" data-cvc=\"1\"><div class=\"col-md-12 col-sm-12 col-xs-12 pt-cv-content-item pt-cv-1-col\" ><div class='pt-cv-ifield'><h4 class=\"pt-cv-title\"><a href=\"https:\/\/www.tvnovelas.com.br\/tvnews\/no-rancho-fundo-deodora-atira-em-ariosto-por-magoa-e-ciume\/\" class=\"_blank\" target=\"_blank\" >No Rancho Fundo: Deodora atira em Ariosto por m\u00e1goa e ci\u00fame<\/a><\/h4><\/div><\/div>\n<div class=\"col-md-12 col-sm-12 col-xs-12 pt-cv-content-item pt-cv-1-col\" ><div class='pt-cv-ifield'><h4 class=\"pt-cv-title\"><a href=\"https:\/\/www.tvnovelas.com.br\/tvnews\/no-rancho-fundo-romera-desbloqueada-entre-os-podres-de-saba-bodo\/\" class=\"_blank\" target=\"_blank\" >No Rancho Fundo: Romera desbloqueada entre os podres de Sab\u00e1 Bod\u00f3<\/a><\/h4><\/div><\/div>\n<div class=\"col-md-12 col-sm-12 col-xs-12 pt-cv-content-item pt-cv-1-col\" ><div class='pt-cv-ifield'><h4 class=\"pt-cv-title\"><a href=\"https:\/\/www.tvnovelas.com.br\/tvnews\/no-rancho-fundo-jordao-e-preso-por-tentar-matar-primo-cicero\/\" class=\"_blank\" target=\"_blank\" >No Rancho Fundo: Jord\u00e3o \u00e9 preso por tentar matar Primo C\u00edcero<\/a><\/h4><\/div><\/div>\n<div class=\"col-md-12 col-sm-12 col-xs-12 pt-cv-content-item pt-cv-1-col\" ><div class='pt-cv-ifield'><h4 class=\"pt-cv-title\"><a href=\"https:\/\/www.tvnovelas.com.br\/tvnews\/no-rancho-fundo-artur-confronta-elias-e-descobre-quem-ele-e\/\" class=\"_blank\" target=\"_blank\" >No Rancho Fundo:  Artur confronta Elias e descobre quem ele \u00e9<\/a><\/h4><\/div><\/div>\n<div class=\"col-md-12 col-sm-12 col-xs-12 pt-cv-content-item pt-cv-1-col\" ><div class='pt-cv-ifield'><h4 class=\"pt-cv-title\"><a href=\"https:\/\/www.tvnovelas.com.br\/tvnews\/no-rancho-fundo-elias-espalha-dinamites-na-gruta-azul-a-mando-de-ariosto\/\" class=\"_blank\" target=\"_blank\" >No Rancho Fundo: Elias espalha dinamites na Gruta Azul a mando de Ariosto<\/a><\/h4><\/div><\/div><\/div><\/div><\/div><br \/>\n<a href=\"https:\/\/wp.me\/pfspD2-OO\" target=\"_blank\" rel=\"noopener\">No Rancho Fundo: De Lasca Fogo a Lap\u00e3o da Beirada<\/a><br \/>\n<a href=\"https:\/\/tvnovelas.com.br\/page2\/arquivo\/no-rancho-fundo-trilha-sonora\/\" target=\"_blank\" rel=\"noopener\">No Rancho Fundo: trilha sonora<\/a><br \/>\n<a href=\"https:\/\/pt.wikipedia.org\/wiki\/No_Rancho_Fundo\" target=\"_blank\" rel=\"noopener\">Sobre No Rancho Fundo, na Wikipedia<\/a><br \/>\n<a href=\"https:\/\/tvnovelas.com.br\/filmes\/filmes-na-tv-segunda\/\" target=\"_blank\" rel=\"noopener\">Confira a programa\u00e7\u00e3o de filmes na TV aberta<\/a><br \/>\n<a href=\"https:\/\/www.tvnovelas.com.br\/tvnews\/\">\u00daltimas not\u00edcias de todas as novelas<\/a><\/p>\n","protected":false},"excerpt":{"rendered":"<p>Rancho Fundo: Z\u00e9 Beltino pede Blandina&#8230;. Z\u00e9 Beltino (Igor Fortunato) ir\u00e1 surpreender Blandina (Luisa Arraes). O primog\u00eanito dos Leonel entrar\u00e1 no quarto da noiva&#8230;.<\/p>\n","protected":false},"author":1,"featured_media":66839,"comment_status":"closed","ping_status":"closed","sticky":false,"template":"","format":"standard","meta":{"_uf_show_specific_survey":0,"_uf_disable_surveys":false,"_jetpack_memberships_contains_paid_content":false,"footnotes":"","_wp_rev_ctl_limit":""},"categories":[353],"tags":[5,764],"class_list":["post-66830","post","type-post","status-publish","format-standard","has-post-thumbnail","hentry","category-resumos-de-novelas","tag-globo","tag-no-rancho-fundo","wpcat-353-id"],"aioseo_notices":[],"jetpack_featured_media_url":"https:\/\/i0.wp.com\/www.tvnovelas.com.br\/tvnews\/wp-content\/uploads\/2024\/06\/39678.jpg?fit=728%2C410&ssl=1","jetpack_shortlink":"https:\/\/wp.me\/pdP2BO-hnU","jetpack_sharing_enabled":true,"_links":{"self":[{"href":"https:\/\/www.tvnovelas.com.br\/tvnews\/wp-json\/wp\/v2\/posts\/66830","targetHints":{"allow":["GET"]}}],"collection":[{"href":"https:\/\/www.tvnovelas.com.br\/tvnews\/wp-json\/wp\/v2\/posts"}],"about":[{"href":"https:\/\/www.tvnovelas.com.br\/tvnews\/wp-json\/wp\/v2\/types\/post"}],"author":[{"embeddable":true,"href":"https:\/\/www.tvnovelas.com.br\/tvnews\/wp-json\/wp\/v2\/users\/1"}],"replies":[{"embeddable":true,"href":"https:\/\/www.tvnovelas.com.br\/tvnews\/wp-json\/wp\/v2\/comments?post=66830"}],"version-history":[{"count":3,"href":"https:\/\/www.tvnovelas.com.br\/tvnews\/wp-json\/wp\/v2\/posts\/66830\/revisions"}],"predecessor-version":[{"id":66840,"href":"https:\/\/www.tvnovelas.com.br\/tvnews\/wp-json\/wp\/v2\/posts\/66830\/revisions\/66840"}],"wp:featuredmedia":[{"embeddable":true,"href":"https:\/\/www.tvnovelas.com.br\/tvnews\/wp-json\/wp\/v2\/media\/66839"}],"wp:attachment":[{"href":"https:\/\/www.tvnovelas.com.br\/tvnews\/wp-json\/wp\/v2\/media?parent=66830"}],"wp:term":[{"taxonomy":"category","embeddable":true,"href":"https:\/\/www.tvnovelas.com.br\/tvnews\/wp-json\/wp\/v2\/categories?post=66830"},{"taxonomy":"post_tag","embeddable":true,"href":"https:\/\/www.tvnovelas.com.br\/tvnews\/wp-json\/wp\/v2\/tags?post=66830"}],"curies":[{"name":"wp","href":"https:\/\/api.w.org\/{rel}","templated":true}]}}