{"id":66903,"date":"2024-07-02T10:01:50","date_gmt":"2024-07-02T13:01:50","guid":{"rendered":"https:\/\/www.tvnovelas.com.br\/tvnews\/?p=66903"},"modified":"2024-07-02T10:08:33","modified_gmt":"2024-07-02T13:08:33","slug":"renascer-policia-invade-galpao-de-egidio-onde-esta-o-cacau-roubado","status":"publish","type":"post","link":"https:\/\/www.tvnovelas.com.br\/tvnews\/renascer-policia-invade-galpao-de-egidio-onde-esta-o-cacau-roubado\/","title":{"rendered":"Renascer: Pol\u00edcia invade galp\u00e3o de Eg\u00eddio onde est\u00e1 o cacau roubado"},"content":{"rendered":"<p><em>Em Renascer: Pol\u00edcia invade galp\u00e3o<\/em><br \/>\n<figure id=\"attachment_66904\" aria-describedby=\"caption-attachment-66904\" style=\"width: 728px\" class=\"wp-caption alignnone\"><img data-recalc-dims=\"1\" decoding=\"async\" class=\"wp-image-66904 size-full\" title=\"(Foto: TV Globo\/Renascer)\" src=\"https:\/\/i0.wp.com\/www.tvnovelas.com.br\/tvnews\/wp-content\/uploads\/2024\/07\/39693.jpg?resize=728%2C410&#038;ssl=1\" alt=\"Foto em Renascer: Pol\u00edcia invade galp\u00e3o\" width=\"728\" height=\"410\" \/><figcaption id=\"caption-attachment-66904\" class=\"wp-caption-text\">Renascer: Pol\u00edcia invade galp\u00e3o<\/figcaption><\/figure><\/p>\n<p><!--START--><\/p>\n<p>Em Renascer, Eg\u00eddio (Vladimir Brichta) mandou Mar\u00e7al (Osvaldo Mil) e seus capangas roubarem todo o cacau das terras que eram de Jos\u00e9 Ven\u00e2ncio (Rodrigo Simas). Nos pr\u00f3ximos Esse crime estar\u00e1 a um passo de ser descoberto.<\/p>\n<p>Certo de que Eg\u00eddio est\u00e1 por detr\u00e1s do cacau roubado, Jos\u00e9 Inoc\u00eancio (Marcos Palmeira) aciona a pol\u00edcia e denuncia o seu maior inimigo.<\/p>\n<p>O delegado da regi\u00e3o vai at\u00e9 a fazenda de Eg\u00eddio para averiguar a den\u00fancia. Por\u00e9m, ele n\u00e3o contava com a esperteza do coronel, que se antecipa e pede a Mar\u00e7al para se livrar de todo o cacau.<\/p>\n<p>Quando o delegado chega nas terras de Eg\u00eddio, Mar\u00e7al avisa que existe uma parte da fazenda que \u00e9 perda de tempo ir para l\u00e1, afinal, ela est\u00e1 abandonada h\u00e1 muitos anos. A autoridade da pol\u00edcia se aproxima de um galp\u00e3o e estranha os cadeados novos.<\/p>\n<p>&#8220;H\u00e1 quanto tempo voc\u00ea disse que essa \u00e1rea da fazenda est\u00e1 parada?&#8221;<\/p>\n<p>Mar\u00e7al diz que desde os tempos de vassoura de bruxa, mas o delegado orienta os agentes a entrarem de qualquer jeito. Quando os homens abrem a porta do galp\u00e3o, n\u00e3o encontram nada e o capanga de Eg\u00eddio respira aliviado.<\/p>\n<p>&#8220;Acho que j\u00e1 vimos tudo o que tinha que ver&#8230; pelo menos por hoje&#8221;, diz o delegado.<\/p>\n<p>Por\u00e9m, o que ele n\u00e3o v\u00ea \u00e9 que o cacau e alguns capangas do Eg\u00eddio est\u00e3o escondidinhos por ali.<br \/>\n<!--FIM DO POST--><\/p>\n<h2>Coment\u00e1rios em Renascer: Pol\u00edcia invade galp\u00e3o&#8230;<\/h2>\n<div class=\"fb-comments\" data-width=\"100%\" data-order-by=\"reverse_time\" data-numposts=\"5\"><\/div>\n<p><a href=\"https:\/\/https:\/\/tvnovelas.com.br\/novelas\/resumos-de-renascer\/\" target=\"_blank\" rel=\"noopener\">Confira os resumos da semana de 'Renascer'<\/a><\/br>\r\n<p><strong style=\"font-size: 120%;\">\u00daltimas not\u00edcias de Renascer:<\/strong><\/p>\r\n<div class=\"pt-cv-wrapper\"><div class=\"pt-cv-view pt-cv-grid pt-cv-colsys\" id=\"pt-cv-view-76e11f7eis\"><div data-id=\"pt-cv-page-1\" class=\"pt-cv-page\" data-cvc=\"1\"><div class=\"col-md-12 col-sm-12 col-xs-12 pt-cv-content-item pt-cv-1-col\" ><div class='pt-cv-ifield'><h4 class=\"pt-cv-title\"><a href=\"https:\/\/www.tvnovelas.com.br\/tvnews\/renascer-jose-inocencio-agoniza-antes-de-morrer\/\" class=\"_blank\" target=\"_blank\" >Renascer: Jos\u00e9 Inoc\u00eancio agoniza antes de morrer<\/a><\/h4><\/div><\/div>\n<div class=\"col-md-12 col-sm-12 col-xs-12 pt-cv-content-item pt-cv-1-col\" ><div class='pt-cv-ifield'><h4 class=\"pt-cv-title\"><a href=\"https:\/\/www.tvnovelas.com.br\/tvnews\/renascer-seducao-e-vinganca-a-morte-de-egidio\/\" class=\"_blank\" target=\"_blank\" >Renascer: Sedu\u00e7\u00e3o e vingan\u00e7a. A morte de Eg\u00eddio<\/a><\/h4><\/div><\/div>\n<div class=\"col-md-12 col-sm-12 col-xs-12 pt-cv-content-item pt-cv-1-col\" ><div class='pt-cv-ifield'><h4 class=\"pt-cv-title\"><a href=\"https:\/\/www.tvnovelas.com.br\/tvnews\/renascer-mariana-se-comove-ao-ver-jose-inocencio-na-cadeira-de-rodas\/\" class=\"_blank\" target=\"_blank\" >Renascer: Mariana se comove ao ver Jos\u00e9 Inoc\u00eancio na cadeira de rodas<\/a><\/h4><\/div><\/div>\n<div class=\"col-md-12 col-sm-12 col-xs-12 pt-cv-content-item pt-cv-1-col\" ><div class='pt-cv-ifield'><h4 class=\"pt-cv-title\"><a href=\"https:\/\/www.tvnovelas.com.br\/tvnews\/renascer-inocencio-promete-que-vai-sair-da-cadeira-e-se-vingar\/\" class=\"_blank\" target=\"_blank\" >Renascer: Inoc\u00eancio promete que vai sair da cadeira e se vingar<\/a><\/h4><\/div><\/div>\n<div class=\"col-md-12 col-sm-12 col-xs-12 pt-cv-content-item pt-cv-1-col\" ><div class='pt-cv-ifield'><h4 class=\"pt-cv-title\"><a href=\"https:\/\/www.tvnovelas.com.br\/tvnews\/renascer-inocencio-dispensa-visita-de-aurora\/\" class=\"_blank\" target=\"_blank\" >Renascer: Inoc\u00eancio dispensa visita de Aurora<\/a><\/h4><\/div><\/div>\n<div class=\"col-md-12 col-sm-12 col-xs-12 pt-cv-content-item pt-cv-1-col\" ><div class='pt-cv-ifield'><h4 class=\"pt-cv-title\"><a href=\"https:\/\/www.tvnovelas.com.br\/tvnews\/renascer-eliana-comeca-a-suspeitar-de-egidio\/\" class=\"_blank\" target=\"_blank\" >Renascer: Eliana come\u00e7a a suspeitar de Eg\u00eddio<\/a><\/h4><\/div><\/div>\n<div class=\"col-md-12 col-sm-12 col-xs-12 pt-cv-content-item pt-cv-1-col\" ><div class='pt-cv-ifield'><h4 class=\"pt-cv-title\"><a href=\"https:\/\/www.tvnovelas.com.br\/tvnews\/renascer-inocencio-leva-varios-tiros-a-queima-roupa\/\" class=\"_blank\" target=\"_blank\" >Renascer: Inoc\u00eancio leva v\u00e1rios tiros \u00e0 queima roupa<\/a><\/h4><\/div><\/div>\n<div class=\"col-md-12 col-sm-12 col-xs-12 pt-cv-content-item pt-cv-1-col\" ><div class='pt-cv-ifield'><h4 class=\"pt-cv-title\"><a href=\"https:\/\/www.tvnovelas.com.br\/tvnews\/renascer-teca-em-transe-e-tem-encontro-espiritual-com-quiteria\/\" class=\"_blank\" target=\"_blank\" >Renascer: Teca em transe e tem encontro espiritual com Quit\u00e9ria<\/a><\/h4><\/div><\/div>\n<div class=\"col-md-12 col-sm-12 col-xs-12 pt-cv-content-item pt-cv-1-col\" ><div class='pt-cv-ifield'><h4 class=\"pt-cv-title\"><a href=\"https:\/\/www.tvnovelas.com.br\/tvnews\/renascer-ze-inocencio-desvenda-misterio-da-carta-da-marianinha\/\" class=\"_blank\" target=\"_blank\" >Renascer: Z\u00e9 Inoc\u00eancio desvenda mist\u00e9rio da carta da Marianinha<\/a><\/h4><\/div><\/div>\n<div class=\"col-md-12 col-sm-12 col-xs-12 pt-cv-content-item pt-cv-1-col\" ><div class='pt-cv-ifield'><h4 class=\"pt-cv-title\"><a href=\"https:\/\/www.tvnovelas.com.br\/tvnews\/renascer-eliana-e-egidio-se-casam\/\" class=\"_blank\" target=\"_blank\" >Renascer: Eliana e Eg\u00eddio se casam<\/a><\/h4><\/div><\/div><\/div><\/div><\/div>\r\n<p><strong style=\"font-size: 120%;\">\u00daltimas not\u00edcias deste site:<\/strong><\/p>\r\n<div class=\"pt-cv-wrapper\"><div class=\"pt-cv-view pt-cv-grid pt-cv-colsys\" id=\"pt-cv-view-90991035b3\"><div data-id=\"pt-cv-page-1\" class=\"pt-cv-page\" data-cvc=\"1\"><div class=\"col-md-12 col-sm-12 col-xs-12 pt-cv-content-item pt-cv-1-col\" ><div class='pt-cv-ifield'><h4 class=\"pt-cv-title\"><a href=\"https:\/\/www.tvnovelas.com.br\/tvnews\/guerra-das-rosas-mert-sequestra-gulru\/\" class=\"_self\" target=\"_self\" >Guerra das Rosas: Mert sequestra Gulru<\/a><\/h4><\/div><\/div>\n<div class=\"col-md-12 col-sm-12 col-xs-12 pt-cv-content-item pt-cv-1-col\" ><div class='pt-cv-ifield'><h4 class=\"pt-cv-title\"><a href=\"https:\/\/www.tvnovelas.com.br\/tvnews\/a-nobreza-do-amor-resistencia-sequestra-noivo-de-kenia-e-o-despacha-de-batanga\/\" class=\"_self\" target=\"_self\" >A Nobreza do Amor: Resist\u00eancia sequestra noivo de K\u00eania e o despacha de Batanga<\/a><\/h4><\/div><\/div>\n<div class=\"col-md-12 col-sm-12 col-xs-12 pt-cv-content-item pt-cv-1-col\" ><div class='pt-cv-ifield'><h4 class=\"pt-cv-title\"><a href=\"https:\/\/www.tvnovelas.com.br\/tvnews\/tres-gracas-joelly-e-gerluce-descobrem-que-filha-de-lena-e-a-bebe-roubada\/\" class=\"_self\" target=\"_self\" >Tr\u00eas Gra\u00e7as: Jo\u00e9lly e Gerluce descobrem que filha de Lena \u00e9 a beb\u00ea roubada<\/a><\/h4><\/div><\/div>\n<div class=\"col-md-12 col-sm-12 col-xs-12 pt-cv-content-item pt-cv-1-col\" ><div class='pt-cv-ifield'><h4 class=\"pt-cv-title\"><a href=\"https:\/\/www.tvnovelas.com.br\/tvnews\/em-coracao-de-mae-nos-proximos-capitulos-04-a-08-5\/\" class=\"_self\" target=\"_self\" >Em Cora\u00e7\u00e3o de M\u00e3e nos pr\u00f3ximos cap\u00edtulos (04 a 08\/5)<\/a><\/h4><\/div><\/div>\n<div class=\"col-md-12 col-sm-12 col-xs-12 pt-cv-content-item pt-cv-1-col\" ><div class='pt-cv-ifield'><h4 class=\"pt-cv-title\"><a href=\"https:\/\/www.tvnovelas.com.br\/tvnews\/coracao-de-mae-hasan-e-filiz-em-piquenique-romantico\/\" class=\"_self\" target=\"_self\" >Cora\u00e7\u00e3o de M\u00e3e: Hasan e Filiz em piquenique rom\u00e2ntico<\/a><\/h4><\/div><\/div>\n<div class=\"col-md-12 col-sm-12 col-xs-12 pt-cv-content-item pt-cv-1-col\" ><div class='pt-cv-ifield'><h4 class=\"pt-cv-title\"><a href=\"https:\/\/www.tvnovelas.com.br\/tvnews\/guerra-das-rosas-cihan-vibra-com-desistencia-de-gulru-de-casar-com-mert\/\" class=\"_self\" target=\"_self\" >Guerra das Rosas: Cihan vibra com desist\u00eancia de Gulru de casar com Mert<\/a><\/h4><\/div><\/div>\n<div class=\"col-md-12 col-sm-12 col-xs-12 pt-cv-content-item pt-cv-1-col\" ><div class='pt-cv-ifield'><h4 class=\"pt-cv-title\"><a href=\"https:\/\/www.tvnovelas.com.br\/tvnews\/coracao-de-mae-irmak-denuncia-adnan\/\" class=\"_self\" target=\"_self\" >Cora\u00e7\u00e3o de M\u00e3e: Irmak denuncia Adnan<\/a><\/h4><\/div><\/div>\n<div class=\"col-md-12 col-sm-12 col-xs-12 pt-cv-content-item pt-cv-1-col\" ><div class='pt-cv-ifield'><h4 class=\"pt-cv-title\"><a href=\"https:\/\/www.tvnovelas.com.br\/tvnews\/a-nobreza-do-amor-mirinho-e-obrigado-a-resgatar-tonho\/\" class=\"_self\" target=\"_self\" >A Nobreza do Amor: Mirinho \u00e9 obrigado a resgatar Tonho<\/a><\/h4><\/div><\/div>\n<div class=\"col-md-12 col-sm-12 col-xs-12 pt-cv-content-item pt-cv-1-col\" ><div class='pt-cv-ifield'><h4 class=\"pt-cv-title\"><a href=\"https:\/\/www.tvnovelas.com.br\/tvnews\/tres-gracas-paulinho-e-afastado-da-policia-por-causa-de-gerluce\/\" class=\"_self\" target=\"_self\" >Tr\u00eas Gra\u00e7as: Paulinho \u00e9 afastado da pol\u00edcia por causa de Gerluce<\/a><\/h4><\/div><\/div>\n<div class=\"col-md-12 col-sm-12 col-xs-12 pt-cv-content-item pt-cv-1-col\" ><div class='pt-cv-ifield'><h4 class=\"pt-cv-title\"><a href=\"https:\/\/www.tvnovelas.com.br\/tvnews\/coracao-de-mae-irmak-inicia-jogo-arriscado-contra-adnan\/\" class=\"_self\" target=\"_self\" >Cora\u00e7\u00e3o de M\u00e3e: Irmak inicia jogo arriscado contra Adnan<\/a><\/h4><\/div><\/div><\/div><\/div><\/div>\r\n<a href=\"https:\/\/www.tvnovelas.com.br\/novelas\/\"><strong>Confira os resumos da semana de todas novelas<\/strong><\/a>\r\n<h3>Confira tamb\u00e9m<\/h3>\r\n<a href=\"https:\/\/www.tvnovelas.com.br\/filmes\/\" target=\"_blank\" rel=\"noopener noreferrer\"><strong>Programa\u00e7\u00e3o de filmes na TV aberta<\/strong><\/a><\/br>\r\n<a href=\"https:\/\/caetenews.com.br\/semana\/filmes-da-globo-na-sessao-da-tarde-desta-semana\/\" target=\"_blank\" rel=\"noopener\"><strong>Confira os filmes da semana na Sess\u00e3o da Tarde<\/strong><\/a><\/br>\r\n<a href=\"https:\/\/www.tvnovelas.com.br\/novelas\/\" target=\"_blank\" rel=\"noopener noreferrer\"><strong>Resumos de novelas<\/strong><\/a><br>\r\n<a href=\"https:\/\/www.tvnovelas.com.br\/news\/mundo\/\" target=\"_blank\" rel=\"noopener noreferrer\"><strong>News - Turismo, Lazer, Cultura<\/strong><\/a><br \/>\n<a href=\"https:\/\/tvnovelas.com.br\/page2\/arquivo\/renascer-2024-a-facanha-de-jose-inocencio-um-fazendeiro-bem-sucedido\/\" target=\"_blank\" rel=\"noopener\">Renascer (2024): Jos\u00e9 Inoc\u00eancio, um fazendeiro bem-sucedido<\/a><br \/>\n<a href=\"https:\/\/pt.wikipedia.org\/wiki\/Renascer\" target=\"_blank\" rel=\"noopener\">Sobre Renascer, na Wikipedia<\/a><br \/>\n<a href=\"https:\/\/tvnovelas.com.br\/filmes\/filmes-na-tv-segunda\/\" target=\"_blank\" rel=\"noopener\">Confira a programa\u00e7\u00e3o de filmes na TV aberta<\/a><br \/>\n<a href=\"https:\/\/www.tvnovelas.com.br\/tvnews\/\">\u00daltimas not\u00edcias de todas as novelas<\/a><\/p>\n","protected":false},"excerpt":{"rendered":"<p>Renascer: Pol\u00edcia invade galp\u00e3o&#8230; Eg\u00eddio (Vladimir Brichta) mandou Mar\u00e7al (Osvaldo Mil) e seus capangas roubarem todo o cacau das terras que eram de Jos\u00e9 Ven\u00e2ncio&#8230;<\/p>\n","protected":false},"author":1,"featured_media":66904,"comment_status":"closed","ping_status":"closed","sticky":false,"template":"","format":"standard","meta":{"_uf_show_specific_survey":0,"_uf_disable_surveys":false,"_jetpack_memberships_contains_paid_content":false,"footnotes":"","_wp_rev_ctl_limit":""},"categories":[574],"tags":[5,64,285],"class_list":["post-66903","post","type-post","status-publish","format-standard","has-post-thumbnail","hentry","category-renascer","tag-globo","tag-novelas","tag-renascer","wpcat-574-id"],"aioseo_notices":[],"jetpack_featured_media_url":"https:\/\/i0.wp.com\/www.tvnovelas.com.br\/tvnews\/wp-content\/uploads\/2024\/07\/39693.jpg?fit=728%2C410&ssl=1","jetpack_shortlink":"https:\/\/wp.me\/pdP2BO-hp5","jetpack_sharing_enabled":true,"_links":{"self":[{"href":"https:\/\/www.tvnovelas.com.br\/tvnews\/wp-json\/wp\/v2\/posts\/66903","targetHints":{"allow":["GET"]}}],"collection":[{"href":"https:\/\/www.tvnovelas.com.br\/tvnews\/wp-json\/wp\/v2\/posts"}],"about":[{"href":"https:\/\/www.tvnovelas.com.br\/tvnews\/wp-json\/wp\/v2\/types\/post"}],"author":[{"embeddable":true,"href":"https:\/\/www.tvnovelas.com.br\/tvnews\/wp-json\/wp\/v2\/users\/1"}],"replies":[{"embeddable":true,"href":"https:\/\/www.tvnovelas.com.br\/tvnews\/wp-json\/wp\/v2\/comments?post=66903"}],"version-history":[{"count":2,"href":"https:\/\/www.tvnovelas.com.br\/tvnews\/wp-json\/wp\/v2\/posts\/66903\/revisions"}],"predecessor-version":[{"id":66909,"href":"https:\/\/www.tvnovelas.com.br\/tvnews\/wp-json\/wp\/v2\/posts\/66903\/revisions\/66909"}],"wp:featuredmedia":[{"embeddable":true,"href":"https:\/\/www.tvnovelas.com.br\/tvnews\/wp-json\/wp\/v2\/media\/66904"}],"wp:attachment":[{"href":"https:\/\/www.tvnovelas.com.br\/tvnews\/wp-json\/wp\/v2\/media?parent=66903"}],"wp:term":[{"taxonomy":"category","embeddable":true,"href":"https:\/\/www.tvnovelas.com.br\/tvnews\/wp-json\/wp\/v2\/categories?post=66903"},{"taxonomy":"post_tag","embeddable":true,"href":"https:\/\/www.tvnovelas.com.br\/tvnews\/wp-json\/wp\/v2\/tags?post=66903"}],"curies":[{"name":"wp","href":"https:\/\/api.w.org\/{rel}","templated":true}]}}