{"id":66949,"date":"2024-07-04T09:08:54","date_gmt":"2024-07-04T12:08:54","guid":{"rendered":"https:\/\/www.tvnovelas.com.br\/tvnews\/?p=66949"},"modified":"2024-07-04T09:08:54","modified_gmt":"2024-07-04T12:08:54","slug":"rancho-fundo-briga-generalizada-marca-o-velorio-de-dona-manuela","status":"publish","type":"post","link":"https:\/\/www.tvnovelas.com.br\/tvnews\/rancho-fundo-briga-generalizada-marca-o-velorio-de-dona-manuela\/","title":{"rendered":"Rancho Fundo: Briga generalizada marca o vel\u00f3rio de Dona Manuela"},"content":{"rendered":"<p><em>Em Rancho Fundo: Briga generalizada&#8230;<\/em><br \/>\n<figure id=\"attachment_66951\" aria-describedby=\"caption-attachment-66951\" style=\"width: 728px\" class=\"wp-caption alignnone\"><img data-recalc-dims=\"1\" decoding=\"async\" class=\"wp-image-66951 size-full\" title=\"(Foto: TV Globo\/No Rancho Fundo)\" src=\"https:\/\/i0.wp.com\/www.tvnovelas.com.br\/tvnews\/wp-content\/uploads\/2024\/07\/39704-1.jpg?resize=728%2C410&#038;ssl=1\" alt=\"Foto em Rancho Fundo: Briga generalizada...\" width=\"728\" height=\"410\" \/><figcaption id=\"caption-attachment-66951\" class=\"wp-caption-text\">Rancho Fundo: Briga generalizada&#8230;<\/figcaption><\/figure><\/p>\n<p>Em No Rancho Fundo \u00e9 hora de se despedir de Dona Manuela (Valdineia Soriano) em No Rancho Fundo. Mas o vel\u00f3rio da amada m\u00e3e de Artur (T\u00falio Starling) vai dar o que falar. Isso porque uma briga generalizada vai tomar conta da pra\u00e7a de Lap\u00e3o da Beirada antes da chegada do corpo da falecida. De um lado, estar\u00e3o as meninas do cabar\u00e9 de Deodora (Debora Bloch). E, do outro, as irm\u00e3s Rosalinas. Claro que quem tentar separar as meninas tamb\u00e9m vai entrar na \u201cdan\u00e7a\u201d&#8230;<\/p>\n<p>Deodora se arrumar\u00e1 toda em luto e convocar\u00e1 todos os seus funcion\u00e1rios do cabar\u00e9 a acompanh\u00e1-la ao vel\u00f3rio.<\/p>\n<p>\u201cEu sei que o mundo l\u00e1 fora \u00e9 cheio de julgadores, mas n\u00f3s somos sobreviventes desse mesmo mundo. Se o povo falar, ele tamb\u00e9m vai ouvir. Vamos\u201d, diz ela.<\/p>\n<p>E assim ser\u00e1. Quando Deodora chegar com Lola (Natascha Falc\u00e3o) e Blanchette (Vit\u00f3ria Rodrigues), os coment\u00e1rios vir\u00e3o de todos os lados, principalmente, da beata F\u00e9 (Rhaisa Batista).<\/p>\n<p>\u201cMas \u00e9 muito descaramento mesmo. Este \u00e9 um lugar de fam\u00edlia\u201d, diz F\u00e9.<\/p>\n<p>Padre Zezo (Nanego Lira) ser\u00e1 obrigado a se meter.<\/p>\n<p>\u201cSeja tolerante, como Jesus foi. Todos t\u00eam o direito de estar aqui\u201d, diz ele a F\u00e9.<\/p>\n<p>\u201cAfaste-se da impureza. Enquanto outros pecados s\u00e3o cometidos fora do corpo, quem se envolve em imoralidade prejudica a si mesmo!\u201d, reage F\u00e9.<\/p>\n<p>\u201cOu seja: cale a boca e cuide de tua vida\u201d, devolve Deodora.<\/p>\n<p>E, ent\u00e3o, Esperan\u00e7a (Andr\u00e9a Bak) enfrentar\u00e1 Deodora para defender a irm\u00e3.<\/p>\n<p>\u201cQuem a senhora pensa que \u00e9 pra mandar minha irm\u00e3 se calar?\u201d<\/p>\n<p>\u201cDona Deodora\u201d, responde Blanchette.<\/p>\n<p>\u201cNossa patroa\u201d, completa Lola.<\/p>\n<p>Depois, F\u00e9 ir\u00e1 chamar Blanchette de \u201crapariga\u201d, e Esperan\u00e7a chamar\u00e1 Lola de \u201cquenga\u201d. Ser\u00e1 o estopim para uma briga generalizada come\u00e7ar. Blanchette e Lola v\u00e3o se atracar com Esperan\u00e7a e F\u00e9. Muita gente tentar\u00e1 apartar a confus\u00e3o, e Deodora, superior, s\u00f3 observar\u00e1.<\/p>\n<p>Floro Borromeu (Leandro Daniel) chegar\u00e1 para tentar colocar ordem no local. Em v\u00e3o, vai sobrar at\u00e9 tapa para o delegado&#8230;<\/p>\n<p>\u201cEm nome da Lei, exijo que se pare essa desintelig\u00eancia!\u201d<\/p>\n<p>E quem conseguir\u00e1, finalmente, colocar um ponto final ao tumulto ser\u00e1 Torquato Tasso (Jorge Ritche), o fiel escudeiro de Dona Manuela.<\/p>\n<p>\u201cOrdem! Quando chegar o cortejo com o corpo de Dona Manuela, se algu\u00e9m desrespeitar a mem\u00f3ria de minha amada patroa desse jeito, eu passo a peixeira! Seja homem ou mulher! E tenho dito!\u201d<\/p>\n<p>A briga generalizada, ent\u00e3o, chegar\u00e1 a fim&#8230;.<\/p>\n<h3>Coment\u00e1rios em Rancho Fundo: Briga generalizada&#8230;<\/h3>\n<div class=\"fb-comments\" data-width=\"100%\" data-order-by=\"reverse_time\" data-numposts=\"5\"><\/div>\n<h2>\u00daltimas publica\u00e7\u00f5es de No Rancho Fundo<\/h2>\n<p><div class=\"pt-cv-wrapper\"><div class=\"pt-cv-view pt-cv-grid pt-cv-colsys\" id=\"pt-cv-view-1b948bbbtz\"><div data-id=\"pt-cv-page-1\" class=\"pt-cv-page\" data-cvc=\"1\"><div class=\"col-md-12 col-sm-12 col-xs-12 pt-cv-content-item pt-cv-1-col\" ><div class='pt-cv-ifield'><h4 class=\"pt-cv-title\"><a href=\"https:\/\/www.tvnovelas.com.br\/tvnews\/no-rancho-fundo-deodora-atira-em-ariosto-por-magoa-e-ciume\/\" class=\"_blank\" target=\"_blank\" >No Rancho Fundo: Deodora atira em Ariosto por m\u00e1goa e ci\u00fame<\/a><\/h4><\/div><\/div>\n<div class=\"col-md-12 col-sm-12 col-xs-12 pt-cv-content-item pt-cv-1-col\" ><div class='pt-cv-ifield'><h4 class=\"pt-cv-title\"><a href=\"https:\/\/www.tvnovelas.com.br\/tvnews\/no-rancho-fundo-romera-desbloqueada-entre-os-podres-de-saba-bodo\/\" class=\"_blank\" target=\"_blank\" >No Rancho Fundo: Romera desbloqueada entre os podres de Sab\u00e1 Bod\u00f3<\/a><\/h4><\/div><\/div>\n<div class=\"col-md-12 col-sm-12 col-xs-12 pt-cv-content-item pt-cv-1-col\" ><div class='pt-cv-ifield'><h4 class=\"pt-cv-title\"><a href=\"https:\/\/www.tvnovelas.com.br\/tvnews\/no-rancho-fundo-jordao-e-preso-por-tentar-matar-primo-cicero\/\" class=\"_blank\" target=\"_blank\" >No Rancho Fundo: Jord\u00e3o \u00e9 preso por tentar matar Primo C\u00edcero<\/a><\/h4><\/div><\/div>\n<div class=\"col-md-12 col-sm-12 col-xs-12 pt-cv-content-item pt-cv-1-col\" ><div class='pt-cv-ifield'><h4 class=\"pt-cv-title\"><a href=\"https:\/\/www.tvnovelas.com.br\/tvnews\/no-rancho-fundo-artur-confronta-elias-e-descobre-quem-ele-e\/\" class=\"_blank\" target=\"_blank\" >No Rancho Fundo:  Artur confronta Elias e descobre quem ele \u00e9<\/a><\/h4><\/div><\/div>\n<div class=\"col-md-12 col-sm-12 col-xs-12 pt-cv-content-item pt-cv-1-col\" ><div class='pt-cv-ifield'><h4 class=\"pt-cv-title\"><a href=\"https:\/\/www.tvnovelas.com.br\/tvnews\/no-rancho-fundo-elias-espalha-dinamites-na-gruta-azul-a-mando-de-ariosto\/\" class=\"_blank\" target=\"_blank\" >No Rancho Fundo: Elias espalha dinamites na Gruta Azul a mando de Ariosto<\/a><\/h4><\/div><\/div><\/div><\/div><\/div><br \/>\n<a href=\"https:\/\/wp.me\/pfspD2-OO\" target=\"_blank\" rel=\"noopener\">No Rancho Fundo: De Lasca Fogo a Lap\u00e3o da Beirada<\/a><br \/>\n<a href=\"https:\/\/tvnovelas.com.br\/page2\/arquivo\/no-rancho-fundo-trilha-sonora\/\" target=\"_blank\" rel=\"noopener\">No Rancho Fundo: trilha sonora<\/a><br \/>\n<a href=\"https:\/\/pt.wikipedia.org\/wiki\/No_Rancho_Fundo\" target=\"_blank\" rel=\"noopener\">Sobre No Rancho Fundo, na Wikipedia<\/a><br \/>\n<a href=\"https:\/\/tvnovelas.com.br\/filmes\/filmes-na-tv-segunda\/\" target=\"_blank\" rel=\"noopener\">Confira a programa\u00e7\u00e3o de filmes na TV aberta<\/a><br \/>\n<a href=\"https:\/\/www.tvnovelas.com.br\/tvnews\/\">\u00daltimas not\u00edcias de todas as novelas<\/a><\/p>\n","protected":false},"excerpt":{"rendered":"<p>Rancho Fundo: Briga generalizada&#8230; \u00c9 hora de se despedir de Dona Manuela (Valdineia Soriano) em No Rancho Fundo. Mas o vel\u00f3rio da amada m\u00e3e de Artur&#8230;<\/p>\n","protected":false},"author":1,"featured_media":66951,"comment_status":"closed","ping_status":"closed","sticky":false,"template":"","format":"standard","meta":{"_uf_show_specific_survey":0,"_uf_disable_surveys":false,"_jetpack_memberships_contains_paid_content":false,"footnotes":"","_wp_rev_ctl_limit":""},"categories":[763],"tags":[5,764,64],"class_list":["post-66949","post","type-post","status-publish","format-standard","has-post-thumbnail","hentry","category-no-rancho-fundo","tag-globo","tag-no-rancho-fundo","tag-novelas","wpcat-763-id"],"aioseo_notices":[],"jetpack_featured_media_url":"https:\/\/i0.wp.com\/www.tvnovelas.com.br\/tvnews\/wp-content\/uploads\/2024\/07\/39704-1.jpg?fit=728%2C410&ssl=1","jetpack_shortlink":"https:\/\/wp.me\/pdP2BO-hpP","jetpack_sharing_enabled":true,"_links":{"self":[{"href":"https:\/\/www.tvnovelas.com.br\/tvnews\/wp-json\/wp\/v2\/posts\/66949","targetHints":{"allow":["GET"]}}],"collection":[{"href":"https:\/\/www.tvnovelas.com.br\/tvnews\/wp-json\/wp\/v2\/posts"}],"about":[{"href":"https:\/\/www.tvnovelas.com.br\/tvnews\/wp-json\/wp\/v2\/types\/post"}],"author":[{"embeddable":true,"href":"https:\/\/www.tvnovelas.com.br\/tvnews\/wp-json\/wp\/v2\/users\/1"}],"replies":[{"embeddable":true,"href":"https:\/\/www.tvnovelas.com.br\/tvnews\/wp-json\/wp\/v2\/comments?post=66949"}],"version-history":[{"count":3,"href":"https:\/\/www.tvnovelas.com.br\/tvnews\/wp-json\/wp\/v2\/posts\/66949\/revisions"}],"predecessor-version":[{"id":66954,"href":"https:\/\/www.tvnovelas.com.br\/tvnews\/wp-json\/wp\/v2\/posts\/66949\/revisions\/66954"}],"wp:featuredmedia":[{"embeddable":true,"href":"https:\/\/www.tvnovelas.com.br\/tvnews\/wp-json\/wp\/v2\/media\/66951"}],"wp:attachment":[{"href":"https:\/\/www.tvnovelas.com.br\/tvnews\/wp-json\/wp\/v2\/media?parent=66949"}],"wp:term":[{"taxonomy":"category","embeddable":true,"href":"https:\/\/www.tvnovelas.com.br\/tvnews\/wp-json\/wp\/v2\/categories?post=66949"},{"taxonomy":"post_tag","embeddable":true,"href":"https:\/\/www.tvnovelas.com.br\/tvnews\/wp-json\/wp\/v2\/tags?post=66949"}],"curies":[{"name":"wp","href":"https:\/\/api.w.org\/{rel}","templated":true}]}}