{"id":66978,"date":"2024-07-05T09:00:28","date_gmt":"2024-07-05T12:00:28","guid":{"rendered":"https:\/\/www.tvnovelas.com.br\/tvnews\/?p=66978"},"modified":"2024-07-05T09:00:28","modified_gmt":"2024-07-05T12:00:28","slug":"familia-e-tudo-lupita-e-jupiter-dancam-e-guto-fica-arrasado","status":"publish","type":"post","link":"https:\/\/www.tvnovelas.com.br\/tvnews\/familia-e-tudo-lupita-e-jupiter-dancam-e-guto-fica-arrasado\/","title":{"rendered":"Fam\u00edlia \u00e9 Tudo: Lupita e J\u00fapiter dan\u00e7am e Guto fica arrasado"},"content":{"rendered":"<p><em>Em Fam\u00edlia \u00e9 Tudo: Lupita e J\u00fapiter&#8230;<\/em><\/p>\n<figure id=\"attachment_66979\" aria-describedby=\"caption-attachment-66979\" style=\"width: 728px\" class=\"wp-caption alignnone\"><img data-recalc-dims=\"1\" decoding=\"async\" class=\"wp-image-66979 size-full\" title=\"(Foto: TV Globo\/Fam\u00edlia \u00e9 Tudo)\" src=\"https:\/\/i0.wp.com\/www.tvnovelas.com.br\/tvnews\/wp-content\/uploads\/2024\/07\/39710.jpg?resize=728%2C410&#038;ssl=1\" alt=\"Foto em Fam\u00edlia \u00e9 Tudo: Lupita e J\u00fapiter\" width=\"728\" height=\"410\" \/><figcaption id=\"caption-attachment-66979\" class=\"wp-caption-text\">Fam\u00edlia \u00e9 Tudo: Lupita e J\u00fapiter<\/figcaption><\/figure>\n<p>Em Fam\u00edlia \u00e9 Tudo, J\u00fapiter (Thiago Martins) parece ter se arrependido de ter arquitetado todo um esquema para fazer com que Lupita (Daphne Bozaski) se apaixone por Guto (Daniel Rangel)! Vendo que sua arma\u00e7\u00e3o est\u00e1 quase se tornando real, o ex-playboy, finalmente, assume que est\u00e1 apaixonado pela guatemalteca. S\u00f3 que ela ainda n\u00e3o sabe disso&#8230;<\/p>\n<p>Em breve J\u00fapiter promete passar por um clima daqueles com Lupita! Durante a inaugura\u00e7\u00e3o da Galeria Mancini, ao tocar uma m\u00fasica de Thalia, a guatemalteca se anima e Guto logo percebe. Ele a convida para dan\u00e7ar, mas o momento n\u00e3o sai como o esperado, j\u00e1 que o estagi\u00e1rio n\u00e3o leva jeito para a coisa. Vendo a chance perfeita de se aproximar da mocinha, J\u00fapiter interrompe os dois.<\/p>\n<p>&#8220;Pelo visto voc\u00ea precisa de um p\u00e9 de valsa melhor, Lupita&#8230;&#8221;, diz ele, estendendo a m\u00e3o.<\/p>\n<p>&#8220;Voc\u00ea quer bailar comigo?&#8221;, pergunta Lupita.<\/p>\n<p>&#8221; Vamos mostrar pra esse povo o que \u00e9 dan\u00e7ar de verdade!&#8221;, diz J\u00fapiter.<\/p>\n<p>\u00c9 a\u00ed que os dois surpreendem a todos com uma performance digna de cinema, recebendo at\u00e9 aplausos! O clima \u00e9 evidente e Guto fica arrasado&#8230;<br \/>\n<!--FIM--><\/p>\n<h3>Coment\u00e1rios em Fam\u00edlia \u00e9 Tudo: Lupita e J\u00fapiter&#8230;<\/h3>\n<div class=\"fb-comments\" data-width=\"100%\" data-order-by=\"reverse_time\" data-numposts=\"5\"><\/div>\n<p><a href=\"https:\/\/tvnovelas.com.br\/novelas\/resumos-de-familia-e-tudo\/\" target=\"_blank\" rel=\"noopener\">Confira os resumos da semana de Fam\u00edlia \u00e9 Tudo<\/a><\/br>\r\n<strong style=\"font-size: 120%;\">\u00daltimas not\u00edcias de Fam\u00edlia \u00e9 Tudo<\/strong>\r\n<div class=\"pt-cv-wrapper\"><div class=\"pt-cv-view pt-cv-grid pt-cv-colsys\" id=\"pt-cv-view-f4ab296jpv\"><div data-id=\"pt-cv-page-1\" class=\"pt-cv-page\" data-cvc=\"1\"><div class=\"col-md-12 col-sm-12 col-xs-12 pt-cv-content-item pt-cv-1-col\" ><div class='pt-cv-ifield'><h4 class=\"pt-cv-title\"><a href=\"https:\/\/www.tvnovelas.com.br\/tvnews\/familia-e-tudo-electra-vai-ate-a-prisao-e-humilha-jessica\/\" class=\"_blank\" target=\"_blank\" >Fam\u00edlia \u00e9 Tudo: Electra vai at\u00e9 a pris\u00e3o e humilha J\u00e9ssica<\/a><\/h4><\/div><\/div>\n<div class=\"col-md-12 col-sm-12 col-xs-12 pt-cv-content-item pt-cv-1-col\" ><div class='pt-cv-ifield'><h4 class=\"pt-cv-title\"><a href=\"https:\/\/www.tvnovelas.com.br\/tvnews\/familia-e-tudo-guto-e-jupiter-tentam-conquitar-lupita\/\" class=\"_blank\" target=\"_blank\" >Fam\u00edlia \u00e9 Tudo: Guto e J\u00fapiter tentam conquitar Lupita<\/a><\/h4><\/div><\/div>\n<div class=\"col-md-12 col-sm-12 col-xs-12 pt-cv-content-item pt-cv-1-col\" ><div class='pt-cv-ifield'><h4 class=\"pt-cv-title\"><a href=\"https:\/\/www.tvnovelas.com.br\/tvnews\/familia-e-tudo-tom-adota-eva-e-pede-venus-em-casamento\/\" class=\"_blank\" target=\"_blank\" >Fam\u00edlia \u00e9 Tudo: Tom adota Eva e pede V\u00eanus em casamento<\/a><\/h4><\/div><\/div>\n<div class=\"col-md-12 col-sm-12 col-xs-12 pt-cv-content-item pt-cv-1-col\" ><div class='pt-cv-ifield'><h4 class=\"pt-cv-title\"><a href=\"https:\/\/www.tvnovelas.com.br\/tvnews\/familia-e-tudo-lupita-e-guto-se-beijam-apos-banho-de-beleza\/\" class=\"_blank\" target=\"_blank\" >Fam\u00edlia \u00e9 Tudo: Lupita e Guto se beijam ap\u00f3s Banho de Beleza<\/a><\/h4><\/div><\/div>\n<div class=\"col-md-12 col-sm-12 col-xs-12 pt-cv-content-item pt-cv-1-col\" ><div class='pt-cv-ifield'><h4 class=\"pt-cv-title\"><a href=\"https:\/\/www.tvnovelas.com.br\/tvnews\/familia-e-tudo-luca-decide-ir-para-dubai-com-maya\/\" class=\"_blank\" target=\"_blank\" >Fam\u00edlia \u00e9 Tudo: Luca decide ir para Dubai com Maya<\/a><\/h4><\/div><\/div>\n<div class=\"col-md-12 col-sm-12 col-xs-12 pt-cv-content-item pt-cv-1-col\" ><div class='pt-cv-ifield'><h4 class=\"pt-cv-title\"><a href=\"https:\/\/www.tvnovelas.com.br\/tvnews\/familia-e-tudo-catarina-pede-perdao-a-frida\/\" class=\"_blank\" target=\"_blank\" >Fam\u00edlia \u00e9 Tudo: Catarina pede perd\u00e3o a Frida<\/a><\/h4><\/div><\/div>\n<div class=\"col-md-12 col-sm-12 col-xs-12 pt-cv-content-item pt-cv-1-col\" ><div class='pt-cv-ifield'><h4 class=\"pt-cv-title\"><a href=\"https:\/\/www.tvnovelas.com.br\/tvnews\/familia-e-tudo-frida-se-revela-a-venus\/\" class=\"_blank\" target=\"_blank\" >Fam\u00edlia \u00e9 Tudo: Frida se revela \u00e0 V\u00eanus<\/a><\/h4><\/div><\/div>\n<div class=\"col-md-12 col-sm-12 col-xs-12 pt-cv-content-item pt-cv-1-col\" ><div class='pt-cv-ifield'><h4 class=\"pt-cv-title\"><a href=\"https:\/\/www.tvnovelas.com.br\/tvnews\/familia-e-tudo-maya-pede-que-tom-nao-perca-venus\/\" class=\"_blank\" target=\"_blank\" >Fam\u00edlia \u00e9 Tudo: Maya pede que Tom n\u00e3o perca V\u00eanus<\/a><\/h4><\/div><\/div>\n<div class=\"col-md-12 col-sm-12 col-xs-12 pt-cv-content-item pt-cv-1-col\" ><div class='pt-cv-ifield'><h4 class=\"pt-cv-title\"><a href=\"https:\/\/www.tvnovelas.com.br\/tvnews\/familia-e-tudo-chantal-se-interessa-por-leo-netuno\/\" class=\"_blank\" target=\"_blank\" >Fam\u00edlia \u00e9 Tudo: Chantal se interessa por L\u00e9o\/Netuno<\/a><\/h4><\/div><\/div>\n<div class=\"col-md-12 col-sm-12 col-xs-12 pt-cv-content-item pt-cv-1-col\" ><div class='pt-cv-ifield'><h4 class=\"pt-cv-title\"><a href=\"https:\/\/www.tvnovelas.com.br\/tvnews\/familia-e-tudo-hans-se-confunde-e-joga-a-propria-mae-no-mar\/\" class=\"_blank\" target=\"_blank\" >Fam\u00edlia \u00e9 Tudo: Hans se confunde e joga a pr\u00f3pria m\u00e3e no mar<\/a><\/h4><\/div><\/div><\/div><\/div><\/div>\r\n<strong style=\"font-size: 120%;\">\u00daltimas not\u00edcias deste site:<\/strong>\r\n<div class=\"pt-cv-wrapper\"><div class=\"pt-cv-view pt-cv-grid pt-cv-colsys\" id=\"pt-cv-view-90991035b3\"><div data-id=\"pt-cv-page-1\" class=\"pt-cv-page\" data-cvc=\"1\"><div class=\"col-md-12 col-sm-12 col-xs-12 pt-cv-content-item pt-cv-1-col\" ><div class='pt-cv-ifield'><h4 class=\"pt-cv-title\"><a href=\"https:\/\/www.tvnovelas.com.br\/tvnews\/coracao-de-mae-atilla-confronta-hasan-e-exige-o-divorcio-de-lale\/\" class=\"_self\" target=\"_self\" >Cora\u00e7\u00e3o de M\u00e3e: Atilla confronta Hasan e exige o div\u00f3rcio de Lale<\/a><\/h4><\/div><\/div>\n<div class=\"col-md-12 col-sm-12 col-xs-12 pt-cv-content-item pt-cv-1-col\" ><div class='pt-cv-ifield'><h4 class=\"pt-cv-title\"><a href=\"https:\/\/www.tvnovelas.com.br\/tvnews\/guerra-das-rosas-gulfem-coloca-gulru-contra-a-parede\/\" class=\"_self\" target=\"_self\" >Guerra das Rosas: Gulfem coloca Gulru contra a parede<\/a><\/h4><\/div><\/div>\n<div class=\"col-md-12 col-sm-12 col-xs-12 pt-cv-content-item pt-cv-1-col\" ><div class='pt-cv-ifield'><h4 class=\"pt-cv-title\"><a href=\"https:\/\/www.tvnovelas.com.br\/tvnews\/coracao-de-mae-atilla-diz-a-lale-que-quer-o-divorcio\/\" class=\"_self\" target=\"_self\" >Cora\u00e7\u00e3o de M\u00e3e: Atilla diz a Lale que quer o div\u00f3rcio<\/a><\/h4><\/div><\/div>\n<div class=\"col-md-12 col-sm-12 col-xs-12 pt-cv-content-item pt-cv-1-col\" ><div class='pt-cv-ifield'><h4 class=\"pt-cv-title\"><a href=\"https:\/\/www.tvnovelas.com.br\/tvnews\/a-nobreza-do-amor-mirinho-garante-noivado-com-virginia-para-atrair-sogro-a-negocio\/\" class=\"_self\" target=\"_self\" >A Nobreza do Amor: Mirinho garante noivado com Virg\u00ednia para atrair sogro a neg\u00f3cio<\/a><\/h4><\/div><\/div>\n<div class=\"col-md-12 col-sm-12 col-xs-12 pt-cv-content-item pt-cv-1-col\" ><div class='pt-cv-ifield'><h4 class=\"pt-cv-title\"><a href=\"https:\/\/www.tvnovelas.com.br\/tvnews\/tres-gracas-joaquim-propoe-fuga-a-arminda-com-o-dinheiro-das-tres-gracas\/\" class=\"_self\" target=\"_self\" >Tr\u00eas Gra\u00e7as:  Joaquim prop\u00f5e fuga a Arminda com o dinheiro das Tr\u00eas Gra\u00e7as<\/a><\/h4><\/div><\/div>\n<div class=\"col-md-12 col-sm-12 col-xs-12 pt-cv-content-item pt-cv-1-col\" ><div class='pt-cv-ifield'><h4 class=\"pt-cv-title\"><a href=\"https:\/\/www.tvnovelas.com.br\/tvnews\/coracao-de-mae-atilla-decide-abrir-o-jogo-com-karsu\/\" class=\"_self\" target=\"_self\" >Cora\u00e7\u00e3o de M\u00e3e: Atilla decide abrir o jogo com Karsu<\/a><\/h4><\/div><\/div>\n<div class=\"col-md-12 col-sm-12 col-xs-12 pt-cv-content-item pt-cv-1-col\" ><div class='pt-cv-ifield'><h4 class=\"pt-cv-title\"><a href=\"https:\/\/www.tvnovelas.com.br\/tvnews\/coracao-de-mae-adnan-e-preso-apos-denuncia-de-irmak\/\" class=\"_self\" target=\"_self\" >Em Cora\u00e7\u00e3o de M\u00e3e: Adnan \u00e9 preso ap\u00f3s denuncia de Irmak<\/a><\/h4><\/div><\/div>\n<div class=\"col-md-12 col-sm-12 col-xs-12 pt-cv-content-item pt-cv-1-col\" ><div class='pt-cv-ifield'><h4 class=\"pt-cv-title\"><a href=\"https:\/\/www.tvnovelas.com.br\/tvnews\/coracao-de-mae-atilla-forca-karsu-a-ouvir-suas-explicacoes\/\" class=\"_self\" target=\"_self\" >Cora\u00e7\u00e3o de M\u00e3e: Atilla for\u00e7a Karsu a ouvir suas explica\u00e7\u00f5es<\/a><\/h4><\/div><\/div>\n<div class=\"col-md-12 col-sm-12 col-xs-12 pt-cv-content-item pt-cv-1-col\" ><div class='pt-cv-ifield'><h4 class=\"pt-cv-title\"><a href=\"https:\/\/www.tvnovelas.com.br\/tvnews\/coracao-acelerado-mulher-choca-janete-ao-se-apresentar-como-amante-do-palhares\/\" class=\"_self\" target=\"_self\" >Cora\u00e7\u00e3o Acelerado: Mulher choca Janete ao se apresentar como amante do Palhares<\/a><\/h4><\/div><\/div>\n<div class=\"col-md-12 col-sm-12 col-xs-12 pt-cv-content-item pt-cv-1-col\" ><div class='pt-cv-ifield'><h4 class=\"pt-cv-title\"><a href=\"https:\/\/www.tvnovelas.com.br\/tvnews\/a-nobreza-do-amor-jendal-dobra-a-recompensa-por-alika\/\" class=\"_self\" target=\"_self\" >A Nobreza do Amor: Jendal dobra a recompensa por Alika<\/a><\/h4><\/div><\/div><\/div><\/div><\/div>\r\n<a href=\"https:\/\/www.tvnovelas.com.br\/novelas\/\"><strong>Confira os resumos da semana de todas novelas<\/strong><\/a>\r\n<h3>Confira tamb\u00e9m<\/h3>\r\n<a href=\"https:\/\/www.tvnovelas.com.br\/filmes\/\" target=\"_blank\" rel=\"noopener noreferrer\"><strong>Programa\u00e7\u00e3o de filmes na TV aberta<\/strong><\/a><\/br>\r\n<a href=\"https:\/\/caetenews.com.br\/semana\/filmes-da-globo-na-sessao-da-tarde-desta-semana\/\" target=\"_blank\" rel=\"noopener\"><strong>Confira os filmes da semana na Sess\u00e3o da Tarde<\/strong><\/a><\/br>\r\n<a href=\"https:\/\/www.tvnovelas.com.br\/novelas\/\" target=\"_blank\" rel=\"noopener noreferrer\"><strong>Resumos de novelas<\/strong><\/a><br \/>\n<a href=\"https:\/\/tvnovelas.com.br\/filmes\/filmes-na-tv-segunda\/\" target=\"_blank\" rel=\"noopener\">Confira a Progrma\u00e7\u00e3o de Filmes na TV aberta<\/a><br \/>\n<a href=\"https:\/\/pt.wikipedia.org\/wiki\/Fam\u00edlia_\u00c9_Tudo\" target=\"_blank\" rel=\"noopener\">Sobre Fam\u00edlia \u00e9 Tudo na Wikipedia<\/a><br \/>\n<a href=\"https:\/\/www.tvnovelas.com.br\/tvnews\/\" target=\"_blank\" rel=\"noopener\">\u00daltimas not\u00edcias das novelas<\/a><\/p>\n","protected":false},"excerpt":{"rendered":"<p>Fam\u00edlia \u00e9 Tudo: Lupita e J\u00fapiter&#8230;<\/p>\n","protected":false},"author":1,"featured_media":66979,"comment_status":"closed","ping_status":"closed","sticky":false,"template":"","format":"standard","meta":{"_uf_show_specific_survey":0,"_uf_disable_surveys":false,"_jetpack_memberships_contains_paid_content":false,"footnotes":"","_wp_rev_ctl_limit":""},"categories":[689],"tags":[690,5,64],"class_list":["post-66978","post","type-post","status-publish","format-standard","has-post-thumbnail","hentry","category-familia-e-tudo","tag-familia-e-tudo","tag-globo","tag-novelas","wpcat-689-id"],"aioseo_notices":[],"jetpack_featured_media_url":"https:\/\/i0.wp.com\/www.tvnovelas.com.br\/tvnews\/wp-content\/uploads\/2024\/07\/39710.jpg?fit=728%2C410&ssl=1","jetpack_shortlink":"https:\/\/wp.me\/pdP2BO-hqi","jetpack_sharing_enabled":true,"_links":{"self":[{"href":"https:\/\/www.tvnovelas.com.br\/tvnews\/wp-json\/wp\/v2\/posts\/66978","targetHints":{"allow":["GET"]}}],"collection":[{"href":"https:\/\/www.tvnovelas.com.br\/tvnews\/wp-json\/wp\/v2\/posts"}],"about":[{"href":"https:\/\/www.tvnovelas.com.br\/tvnews\/wp-json\/wp\/v2\/types\/post"}],"author":[{"embeddable":true,"href":"https:\/\/www.tvnovelas.com.br\/tvnews\/wp-json\/wp\/v2\/users\/1"}],"replies":[{"embeddable":true,"href":"https:\/\/www.tvnovelas.com.br\/tvnews\/wp-json\/wp\/v2\/comments?post=66978"}],"version-history":[{"count":1,"href":"https:\/\/www.tvnovelas.com.br\/tvnews\/wp-json\/wp\/v2\/posts\/66978\/revisions"}],"predecessor-version":[{"id":66980,"href":"https:\/\/www.tvnovelas.com.br\/tvnews\/wp-json\/wp\/v2\/posts\/66978\/revisions\/66980"}],"wp:featuredmedia":[{"embeddable":true,"href":"https:\/\/www.tvnovelas.com.br\/tvnews\/wp-json\/wp\/v2\/media\/66979"}],"wp:attachment":[{"href":"https:\/\/www.tvnovelas.com.br\/tvnews\/wp-json\/wp\/v2\/media?parent=66978"}],"wp:term":[{"taxonomy":"category","embeddable":true,"href":"https:\/\/www.tvnovelas.com.br\/tvnews\/wp-json\/wp\/v2\/categories?post=66978"},{"taxonomy":"post_tag","embeddable":true,"href":"https:\/\/www.tvnovelas.com.br\/tvnews\/wp-json\/wp\/v2\/tags?post=66978"}],"curies":[{"name":"wp","href":"https:\/\/api.w.org\/{rel}","templated":true}]}}