{"id":67023,"date":"2024-07-09T10:09:42","date_gmt":"2024-07-09T13:09:42","guid":{"rendered":"https:\/\/www.tvnovelas.com.br\/tvnews\/?p=67023"},"modified":"2024-07-09T10:09:42","modified_gmt":"2024-07-09T13:09:42","slug":"no-rancho-fundo-zefa-comemora-volta-da-familia-ao-lar","status":"publish","type":"post","link":"https:\/\/www.tvnovelas.com.br\/tvnews\/no-rancho-fundo-zefa-comemora-volta-da-familia-ao-lar\/","title":{"rendered":"No Rancho Fundo: Zefa comemora volta da fam\u00edlia ao lar"},"content":{"rendered":"<p><em>Em No Rancho Fundo: Zefa comemora..<\/em><br \/>\n<figure id=\"attachment_67025\" aria-describedby=\"caption-attachment-67025\" style=\"width: 728px\" class=\"wp-caption alignnone\"><img data-recalc-dims=\"1\" decoding=\"async\" class=\"wp-image-67025 size-full\" title=\"(Foto: TV Globo\/No Rancho Fundo)\" src=\"https:\/\/i0.wp.com\/www.tvnovelas.com.br\/tvnews\/wp-content\/uploads\/2024\/07\/39728.jpg?resize=728%2C410&#038;ssl=1\" alt=\"Foto em No Rancho Fundo: Zefa comemora...\" width=\"728\" height=\"410\" \/><figcaption id=\"caption-attachment-67025\" class=\"wp-caption-text\">No Rancho Fundo: Zefa comemora&#8230;<\/figcaption><\/figure><\/p>\n<p>Em No Rancho Fundo, apesar de n\u00e3o ter sido acompanhada por todos os membros da fam\u00edlia, Zefa Leonel (Andrea Beltr\u00e3o) ir\u00e1 celebrar bastante o retorno ao lar. Os Leonel encontrar\u00e3o a casa cheia de melhorias, entre elas, luz el\u00e9trica. E a matriarca dir\u00e1 que voltar ao rancho fundo \u00e9 como \u201cnascer de novo\u201d.<\/p>\n<p>Zefa Leonel ser\u00e1 acompanhada de Tia Salete (Mariana Lima), Juquinha (Tom\u00e1s de Fran\u00e7a), Nast\u00e1cio (Guthierry Sotero), Benvinda (Dandara Queiroz) e Margaridinha (Heloisa Honein). Ao entrar em casa, todos ficar\u00e3o admirados com os novos eletrodom\u00e9sticos e come\u00e7ar\u00e3o a abrir tudo e acender e apagar a luz.<\/p>\n<p>\u201cMelhor parar, sen\u00e3o queima&#8230;\u201d, diz Margaridinha, a \u00fanica que n\u00e3o est\u00e1 feliz por ter deixado a cidade grande.<\/p>\n<p>J\u00e1 Zefa Leonel e Tia Salete ser\u00e3o s\u00f3 alegria.<\/p>\n<p>\u201cVoltamos pra casa, minha irm\u00e3&#8230;\u201d, comemora Tia Salete.<\/p>\n<p>\u201cPra nossa casa&#8230;\u201d, acrescenta Zefa.<\/p>\n<p>Depois, Zefa Leonel ir\u00e1 descobrir que as melhorias do lado de fora da casa, na ro\u00e7a da fam\u00edlia, foram feitas por Quinota (Larissa Bocchino) e Seu Tico Leonel (Alexandre Nero), que ficaram na cidade. A menina, por querer estudar e trabalhar, e o marido, por ter sido pego no flagra com Deodora (Debora Bloch).<\/p>\n<p>\u201cAs coisas mudaram por aqui, m\u00e3e. A senhora est\u00e1 rica, eu vou estudar, me formar e cuidar dessa terra toda\u201d, afirma Quinota.<\/p>\n<p>Zefa Leonel ainda ir\u00e1 trabalhar na ro\u00e7a e, em uma \u201cconversa\u201d com as galinhas do rancho, mostrar\u00e1 toda a sua saudade&#8230;<\/p>\n<p>\u201cVoltar ao Rancho Fundo \u00e9 como nascer de novo&#8230; Aqui eu me encontro outra vez. No meio da natureza, no calor do sol, ouvindo os passarinhos, junto de voc\u00eas, eu me sinto completa, eu me sinto viva. Sem ontem, nem amanh\u00e3&#8230; s\u00f3 o hoje\u201d, celebra ela.<\/p>\n<h3>Coment\u00e1rios em No Rancho Fundo: Zefa comemora&#8230;<\/h3>\n<div class=\"fb-comments\" data-width=\"100%\" data-order-by=\"reverse_time\" data-numposts=\"5\"><\/div>\n<h2>\u00daltimas publica\u00e7\u00f5es de No Rancho Fundo<\/h2>\n<p><div class=\"pt-cv-wrapper\"><div class=\"pt-cv-view pt-cv-grid pt-cv-colsys\" id=\"pt-cv-view-1b948bbbtz\"><div data-id=\"pt-cv-page-1\" class=\"pt-cv-page\" data-cvc=\"1\"><div class=\"col-md-12 col-sm-12 col-xs-12 pt-cv-content-item pt-cv-1-col\" ><div class='pt-cv-ifield'><h4 class=\"pt-cv-title\"><a href=\"https:\/\/www.tvnovelas.com.br\/tvnews\/no-rancho-fundo-deodora-atira-em-ariosto-por-magoa-e-ciume\/\" class=\"_blank\" target=\"_blank\" >No Rancho Fundo: Deodora atira em Ariosto por m\u00e1goa e ci\u00fame<\/a><\/h4><\/div><\/div>\n<div class=\"col-md-12 col-sm-12 col-xs-12 pt-cv-content-item pt-cv-1-col\" ><div class='pt-cv-ifield'><h4 class=\"pt-cv-title\"><a href=\"https:\/\/www.tvnovelas.com.br\/tvnews\/no-rancho-fundo-romera-desbloqueada-entre-os-podres-de-saba-bodo\/\" class=\"_blank\" target=\"_blank\" >No Rancho Fundo: Romera desbloqueada entre os podres de Sab\u00e1 Bod\u00f3<\/a><\/h4><\/div><\/div>\n<div class=\"col-md-12 col-sm-12 col-xs-12 pt-cv-content-item pt-cv-1-col\" ><div class='pt-cv-ifield'><h4 class=\"pt-cv-title\"><a href=\"https:\/\/www.tvnovelas.com.br\/tvnews\/no-rancho-fundo-jordao-e-preso-por-tentar-matar-primo-cicero\/\" class=\"_blank\" target=\"_blank\" >No Rancho Fundo: Jord\u00e3o \u00e9 preso por tentar matar Primo C\u00edcero<\/a><\/h4><\/div><\/div>\n<div class=\"col-md-12 col-sm-12 col-xs-12 pt-cv-content-item pt-cv-1-col\" ><div class='pt-cv-ifield'><h4 class=\"pt-cv-title\"><a href=\"https:\/\/www.tvnovelas.com.br\/tvnews\/no-rancho-fundo-artur-confronta-elias-e-descobre-quem-ele-e\/\" class=\"_blank\" target=\"_blank\" >No Rancho Fundo:  Artur confronta Elias e descobre quem ele \u00e9<\/a><\/h4><\/div><\/div>\n<div class=\"col-md-12 col-sm-12 col-xs-12 pt-cv-content-item pt-cv-1-col\" ><div class='pt-cv-ifield'><h4 class=\"pt-cv-title\"><a href=\"https:\/\/www.tvnovelas.com.br\/tvnews\/no-rancho-fundo-elias-espalha-dinamites-na-gruta-azul-a-mando-de-ariosto\/\" class=\"_blank\" target=\"_blank\" >No Rancho Fundo: Elias espalha dinamites na Gruta Azul a mando de Ariosto<\/a><\/h4><\/div><\/div><\/div><\/div><\/div><br \/>\n<a href=\"https:\/\/wp.me\/pfspD2-OO\" target=\"_blank\" rel=\"noopener\">No Rancho Fundo: De Lasca Fogo a Lap\u00e3o da Beirada<\/a><br \/>\n<a href=\"https:\/\/tvnovelas.com.br\/page2\/arquivo\/no-rancho-fundo-trilha-sonora\/\" target=\"_blank\" rel=\"noopener\">No Rancho Fundo: trilha sonora<\/a><br \/>\n<a href=\"https:\/\/pt.wikipedia.org\/wiki\/No_Rancho_Fundo\" target=\"_blank\" rel=\"noopener\">Sobre No Rancho Fundo, na Wikipedia<\/a><br \/>\n<a href=\"https:\/\/tvnovelas.com.br\/filmes\/filmes-na-tv-segunda\/\" target=\"_blank\" rel=\"noopener\">Confira a programa\u00e7\u00e3o de filmes na TV aberta<\/a><br \/>\n<a href=\"https:\/\/www.tvnovelas.com.br\/tvnews\/\">\u00daltimas not\u00edcias de todas as novelas<\/a><\/p>\n","protected":false},"excerpt":{"rendered":"<p>No Rancho Fundo: Zefa comemora&#8230; Em No Rancho Fundo, apesar de n\u00e3o ter sido acompanhada por todos os membros da fam\u00edlia, Zefa Leonel (Andrea Beltr\u00e3o) ir\u00e1&#8230;<\/p>\n","protected":false},"author":1,"featured_media":67025,"comment_status":"closed","ping_status":"closed","sticky":false,"template":"","format":"standard","meta":{"_uf_show_specific_survey":0,"_uf_disable_surveys":false,"_jetpack_memberships_contains_paid_content":false,"footnotes":"","_wp_rev_ctl_limit":""},"categories":[763],"tags":[5,764,64],"class_list":["post-67023","post","type-post","status-publish","format-standard","has-post-thumbnail","hentry","category-no-rancho-fundo","tag-globo","tag-no-rancho-fundo","tag-novelas","wpcat-763-id"],"aioseo_notices":[],"jetpack_featured_media_url":"https:\/\/i0.wp.com\/www.tvnovelas.com.br\/tvnews\/wp-content\/uploads\/2024\/07\/39728.jpg?fit=728%2C410&ssl=1","jetpack_shortlink":"https:\/\/wp.me\/pdP2BO-hr1","jetpack_sharing_enabled":true,"_links":{"self":[{"href":"https:\/\/www.tvnovelas.com.br\/tvnews\/wp-json\/wp\/v2\/posts\/67023","targetHints":{"allow":["GET"]}}],"collection":[{"href":"https:\/\/www.tvnovelas.com.br\/tvnews\/wp-json\/wp\/v2\/posts"}],"about":[{"href":"https:\/\/www.tvnovelas.com.br\/tvnews\/wp-json\/wp\/v2\/types\/post"}],"author":[{"embeddable":true,"href":"https:\/\/www.tvnovelas.com.br\/tvnews\/wp-json\/wp\/v2\/users\/1"}],"replies":[{"embeddable":true,"href":"https:\/\/www.tvnovelas.com.br\/tvnews\/wp-json\/wp\/v2\/comments?post=67023"}],"version-history":[{"count":2,"href":"https:\/\/www.tvnovelas.com.br\/tvnews\/wp-json\/wp\/v2\/posts\/67023\/revisions"}],"predecessor-version":[{"id":67026,"href":"https:\/\/www.tvnovelas.com.br\/tvnews\/wp-json\/wp\/v2\/posts\/67023\/revisions\/67026"}],"wp:featuredmedia":[{"embeddable":true,"href":"https:\/\/www.tvnovelas.com.br\/tvnews\/wp-json\/wp\/v2\/media\/67025"}],"wp:attachment":[{"href":"https:\/\/www.tvnovelas.com.br\/tvnews\/wp-json\/wp\/v2\/media?parent=67023"}],"wp:term":[{"taxonomy":"category","embeddable":true,"href":"https:\/\/www.tvnovelas.com.br\/tvnews\/wp-json\/wp\/v2\/categories?post=67023"},{"taxonomy":"post_tag","embeddable":true,"href":"https:\/\/www.tvnovelas.com.br\/tvnews\/wp-json\/wp\/v2\/tags?post=67023"}],"curies":[{"name":"wp","href":"https:\/\/api.w.org\/{rel}","templated":true}]}}