{"id":67065,"date":"2024-07-10T12:38:30","date_gmt":"2024-07-10T15:38:30","guid":{"rendered":"https:\/\/www.tvnovelas.com.br\/tvnews\/?p=67065"},"modified":"2024-07-10T13:00:24","modified_gmt":"2024-07-10T16:00:24","slug":"novela-turca-marasli-o-protetor-ja-esta-no-globoplay","status":"publish","type":"post","link":"https:\/\/www.tvnovelas.com.br\/tvnews\/novela-turca-marasli-o-protetor-ja-esta-no-globoplay\/","title":{"rendered":"Novela turca \u2018Marasli \u2013 O Protetor\u2019 j\u00e1 est\u00e1 no Globoplay"},"content":{"rendered":"<p><em>Novela turca \u2018Marasli \u2013 O Protetor\u2019<\/em><br \/>\n<figure id=\"attachment_67063\" aria-describedby=\"caption-attachment-67063\" style=\"width: 728px\" class=\"wp-caption alignnone\"><img data-recalc-dims=\"1\" decoding=\"async\" src=\"https:\/\/i0.wp.com\/www.tvnovelas.com.br\/tvnews\/wp-content\/uploads\/2024\/07\/39738.jpg?resize=728%2C410&#038;ssl=1\" alt=\"Foto de Marasli \u2013 O Protetor\" width=\"728\" height=\"410\" class=\"size-full wp-image-67063\" \/><figcaption id=\"caption-attachment-67063\" class=\"wp-caption-text\">&#8216;Marasli \u2013 O Protetor&#8217;<\/figcaption><\/figure><br \/>\nMais uma novela turca entrou no cat\u00e1logo do Globoplay nesta segunda-feira, dia 08. \u2018Marasli \u2013 O Protetor\u2019 chega \u00e0 plataforma com um enredo composto por a\u00e7\u00e3o, drama e romance. <\/p>\n<p>Cel\u00e2l, mais conhecido como Marasli, \u00e9 um ex-comandante das for\u00e7as especiais turcas que deixou os servi\u00e7os militares ap\u00f3s sua filha, Zelis, ficar ferida em um ataque terrorista. Depois desse acidente, ele decide abrir uma livraria e ter uma vida mais tranquila ao lado de seu cachorro e sua filha. <\/p>\n<p>Tudo muda quando a jovem Mahur T\u00fcrel cruza seu caminho pedindo informa\u00e7\u00f5es sobre uma velha f\u00e1brica pr\u00f3xima ao estabelecimento. Fot\u00f3grafa profissional, ela acaba registrando um crime e entra na mira dos bandidos. <\/p>\n<p>Com cenas de a\u00e7\u00e3o e adrenalina, Marasli a salva e descobre que Mahur \u00e9 filha de um poderoso empres\u00e1rio, Aziz T\u00fcrel. Ao perceber que a filha corre risco de vida, Aziz contrata Marasli para proteg\u00ea-la dos criminosos. <\/p>\n<p>Ao longo da novela, muitas reviravoltas v\u00e3o aproximar Mahur de Marasli, j\u00e1 que ele \u00e9 o \u00fanico em quem a jovem pode confiar.<\/p>\n<p>\u2018Marasli \u2013 O Protetor\u2019 tem dois cap\u00edtulos di\u00e1rios disponibilizados no Globoplauy desde a segunda, dia 08.<br \/>\n<!--FIM--><br \/>\n<a href=\"https:\/\/www.facebook.com\/tevenovelas\/\" rel=\"noopener\" target=\"_blank\">Not\u00edcias de TV Novelas no Facebook<\/a><br \/>\n<a href=\"https:\/\/tvnovelas.com.br\/filmes\/filmes-na-tv-segunda\/\" target=\"_blank\" rel=\"noopener\">Confira a programa\u00e7\u00e3o de filmes na TV aberta<\/a><br \/>\n<a href=\"https:\/\/tvnovelas.com.br\/novelas\/\" rel=\"noopener\" target=\"_blank\">Resumos das Novelas<\/a><br \/>\n<a href=\"https:\/\/www.tvnovelas.com.br\/tvnews\/\" rel=\"noopener\" target=\"_blank\">\u00daltimas not\u00edcias das novelas<\/a><\/p>\n","protected":false},"excerpt":{"rendered":"<p>Novela turca \u2018Marasli \u2013 O Protetor\u2019&#8230;. Mais uma novela turca entrou no cat\u00e1logo do Globoplay nesta segunda-feira, dia 08. \u2018Marasli \u2013 O Protetor\u2019 chega \u00e0 plataforma&#8230;<\/p>\n","protected":false},"author":1,"featured_media":67063,"comment_status":"closed","ping_status":"closed","sticky":false,"template":"","format":"standard","meta":{"_uf_show_specific_survey":0,"_uf_disable_surveys":false,"_jetpack_memberships_contains_paid_content":false,"footnotes":"","_wp_rev_ctl_limit":""},"categories":[286],"tags":[249,792,793,791,460],"class_list":["post-67065","post","type-post","status-publish","format-standard","has-post-thumbnail","hentry","category-globoplay","tag-globoplay","tag-mahur","tag-marasli","tag-marasli-o-protetor","tag-novela-turca","wpcat-286-id"],"aioseo_notices":[],"jetpack_featured_media_url":"https:\/\/i0.wp.com\/www.tvnovelas.com.br\/tvnews\/wp-content\/uploads\/2024\/07\/39738.jpg?fit=728%2C410&ssl=1","jetpack_shortlink":"https:\/\/wp.me\/pdP2BO-hrH","jetpack_sharing_enabled":true,"_links":{"self":[{"href":"https:\/\/www.tvnovelas.com.br\/tvnews\/wp-json\/wp\/v2\/posts\/67065","targetHints":{"allow":["GET"]}}],"collection":[{"href":"https:\/\/www.tvnovelas.com.br\/tvnews\/wp-json\/wp\/v2\/posts"}],"about":[{"href":"https:\/\/www.tvnovelas.com.br\/tvnews\/wp-json\/wp\/v2\/types\/post"}],"author":[{"embeddable":true,"href":"https:\/\/www.tvnovelas.com.br\/tvnews\/wp-json\/wp\/v2\/users\/1"}],"replies":[{"embeddable":true,"href":"https:\/\/www.tvnovelas.com.br\/tvnews\/wp-json\/wp\/v2\/comments?post=67065"}],"version-history":[{"count":3,"href":"https:\/\/www.tvnovelas.com.br\/tvnews\/wp-json\/wp\/v2\/posts\/67065\/revisions"}],"predecessor-version":[{"id":67068,"href":"https:\/\/www.tvnovelas.com.br\/tvnews\/wp-json\/wp\/v2\/posts\/67065\/revisions\/67068"}],"wp:featuredmedia":[{"embeddable":true,"href":"https:\/\/www.tvnovelas.com.br\/tvnews\/wp-json\/wp\/v2\/media\/67063"}],"wp:attachment":[{"href":"https:\/\/www.tvnovelas.com.br\/tvnews\/wp-json\/wp\/v2\/media?parent=67065"}],"wp:term":[{"taxonomy":"category","embeddable":true,"href":"https:\/\/www.tvnovelas.com.br\/tvnews\/wp-json\/wp\/v2\/categories?post=67065"},{"taxonomy":"post_tag","embeddable":true,"href":"https:\/\/www.tvnovelas.com.br\/tvnews\/wp-json\/wp\/v2\/tags?post=67065"}],"curies":[{"name":"wp","href":"https:\/\/api.w.org\/{rel}","templated":true}]}}