{"id":67071,"date":"2024-07-10T14:30:39","date_gmt":"2024-07-10T17:30:39","guid":{"rendered":"https:\/\/www.tvnovelas.com.br\/tvnews\/?p=67071"},"modified":"2024-07-10T14:30:39","modified_gmt":"2024-07-10T17:30:39","slug":"no-rancho-fundo-zefa-convida-ariosto-para-um-cafe-da-manha","status":"publish","type":"post","link":"https:\/\/www.tvnovelas.com.br\/tvnews\/no-rancho-fundo-zefa-convida-ariosto-para-um-cafe-da-manha\/","title":{"rendered":"No Rancho Fundo: Zefa convida Ariosto para um caf\u00e9 da manh\u00e3"},"content":{"rendered":"<p><em>Em No Rancho Fundo: Zefa convida Ariosto<\/em><br \/>\n<figure id=\"attachment_67072\" aria-describedby=\"caption-attachment-67072\" style=\"width: 728px\" class=\"wp-caption alignnone\"><img data-recalc-dims=\"1\" decoding=\"async\" class=\"wp-image-67072 size-full\" title=\"(Foto: TV Globo\/No Rancho Fundo)\" src=\"https:\/\/i0.wp.com\/www.tvnovelas.com.br\/tvnews\/wp-content\/uploads\/2024\/07\/39739.jpg?resize=728%2C410&#038;ssl=1\" alt=\"Foto em No Rancho Fundo: Zefa convida Ariosto\" width=\"728\" height=\"410\" \/><figcaption id=\"caption-attachment-67072\" class=\"wp-caption-text\">No Rancho Fundo: Zefa convida Ariosto<\/figcaption><\/figure><\/p>\n<p>Zefa Leonel (Andrea Beltr\u00e3o) voltou a morar no rancho fundo, mas, nem assim, Ariosto (Eduardo Moscovis) deixar\u00e1 de ir atr\u00e1s dela. O dono da mineradora de Lap\u00e3o da Beirada ir\u00e1 visitar a ex-garimpeira e ser\u00e1 surpreendido por um convite. Zefa Leonel ir\u00e1 chamar Ariosto para tomar caf\u00e9 da manh\u00e3 com ela em sua casa.<\/p>\n<p>\u201cVim saber se a senhora mais a fam\u00edlia havia chegado bem&#8230;\u201d, diz Ariosto, surpreendendo Zefa no galinheiro.<\/p>\n<p>\u201cViemos bem, sim, obrigada&#8230; A vida muda, mas os caminhos sempre s\u00e3o os mesmos, n\u00e9ra?\u201d, responde ela.<\/p>\n<p>Zefa, ent\u00e3o, ir\u00e1 perguntar se Ariosto quer levar ovos da ro\u00e7a para casa, gentilmente. E ele ir\u00e1 responder com segundas inten\u00e7\u00f5es.<\/p>\n<p>\u201cQuer levar uma d\u00fazia? \u00c9 ovo de galinha criada solta, ovo caipira&#8230; pode comer no desjejum, tem sust\u00e2ncia\u201d, diz Zefa.<\/p>\n<p>\u201cAdoraria levar&#8230; Mas um caf\u00e9 da manh\u00e3 sozinho \u00e9 sempre muito triste\u201d, lamenta ele.<\/p>\n<p>Zefa Leonel reagir\u00e1 timidamente, mas entender\u00e1 a indireta de Ariosto.<\/p>\n<p>\u201cTem caf\u00e9 fresco&#8230; e broa. Se quiser&#8230;\u201d, sugere ela.<\/p>\n<p>\u201cEu quero\u201d, responde ele, prontamente.<\/p>\n<p>J\u00e1 na mesa do caf\u00e9, Ariosto ir\u00e1 elogiar os ares do rancho fundo.<\/p>\n<p>\u201cAt\u00e9 o ar daqui \u00e9 diferente, d\u00e1 uma sensa\u00e7\u00e3o de paz. Consigo entender por que a senhora n\u00e3o quis ficar na cidade.\u201d<\/p>\n<p>Depois, Ariosto ir\u00e1 tranquilizar Zefa Leonel sobre os neg\u00f3cios com a explora\u00e7\u00e3o da Gruta Azul e dizer a ela que jamais deixaria que algo de mau acontecesse a ela ou a um de seus filhos.<\/p>\n<p>\u201cEu n\u00e3o deixarei nada de mau acontecer a um filho teu&#8230; Muito menos a ti\u201d, garante ele.<\/p>\n<p>Zefa Leonel gostar\u00e1 da fala de Ariosto e deixar\u00e1 que ele toque em sua m\u00e3o&#8230;<\/p>\n<h3>Coment\u00e1rios em No Rancho Fundo: Zefa convida Ariosto&#8230;<\/h3>\n<div class=\"fb-comments\" data-width=\"100%\" data-order-by=\"reverse_time\" data-numposts=\"5\"><\/div>\n<h2>\u00daltimas publica\u00e7\u00f5es de No Rancho Fundo<\/h2>\n<p><div class=\"pt-cv-wrapper\"><div class=\"pt-cv-view pt-cv-grid pt-cv-colsys\" id=\"pt-cv-view-1b948bbbtz\"><div data-id=\"pt-cv-page-1\" class=\"pt-cv-page\" data-cvc=\"1\"><div class=\"col-md-12 col-sm-12 col-xs-12 pt-cv-content-item pt-cv-1-col\" ><div class='pt-cv-ifield'><h4 class=\"pt-cv-title\"><a href=\"https:\/\/www.tvnovelas.com.br\/tvnews\/no-rancho-fundo-deodora-atira-em-ariosto-por-magoa-e-ciume\/\" class=\"_blank\" target=\"_blank\" >No Rancho Fundo: Deodora atira em Ariosto por m\u00e1goa e ci\u00fame<\/a><\/h4><\/div><\/div>\n<div class=\"col-md-12 col-sm-12 col-xs-12 pt-cv-content-item pt-cv-1-col\" ><div class='pt-cv-ifield'><h4 class=\"pt-cv-title\"><a href=\"https:\/\/www.tvnovelas.com.br\/tvnews\/no-rancho-fundo-romera-desbloqueada-entre-os-podres-de-saba-bodo\/\" class=\"_blank\" target=\"_blank\" >No Rancho Fundo: Romera desbloqueada entre os podres de Sab\u00e1 Bod\u00f3<\/a><\/h4><\/div><\/div>\n<div class=\"col-md-12 col-sm-12 col-xs-12 pt-cv-content-item pt-cv-1-col\" ><div class='pt-cv-ifield'><h4 class=\"pt-cv-title\"><a href=\"https:\/\/www.tvnovelas.com.br\/tvnews\/no-rancho-fundo-jordao-e-preso-por-tentar-matar-primo-cicero\/\" class=\"_blank\" target=\"_blank\" >No Rancho Fundo: Jord\u00e3o \u00e9 preso por tentar matar Primo C\u00edcero<\/a><\/h4><\/div><\/div>\n<div class=\"col-md-12 col-sm-12 col-xs-12 pt-cv-content-item pt-cv-1-col\" ><div class='pt-cv-ifield'><h4 class=\"pt-cv-title\"><a href=\"https:\/\/www.tvnovelas.com.br\/tvnews\/no-rancho-fundo-artur-confronta-elias-e-descobre-quem-ele-e\/\" class=\"_blank\" target=\"_blank\" >No Rancho Fundo:  Artur confronta Elias e descobre quem ele \u00e9<\/a><\/h4><\/div><\/div>\n<div class=\"col-md-12 col-sm-12 col-xs-12 pt-cv-content-item pt-cv-1-col\" ><div class='pt-cv-ifield'><h4 class=\"pt-cv-title\"><a href=\"https:\/\/www.tvnovelas.com.br\/tvnews\/no-rancho-fundo-elias-espalha-dinamites-na-gruta-azul-a-mando-de-ariosto\/\" class=\"_blank\" target=\"_blank\" >No Rancho Fundo: Elias espalha dinamites na Gruta Azul a mando de Ariosto<\/a><\/h4><\/div><\/div><\/div><\/div><\/div><br \/>\n<a href=\"https:\/\/wp.me\/pfspD2-OO\" target=\"_blank\" rel=\"noopener\">No Rancho Fundo: De Lasca Fogo a Lap\u00e3o da Beirada<\/a><br \/>\n<a href=\"https:\/\/tvnovelas.com.br\/page2\/arquivo\/no-rancho-fundo-trilha-sonora\/\" target=\"_blank\" rel=\"noopener\">No Rancho Fundo: trilha sonora<\/a><br \/>\n<a href=\"https:\/\/pt.wikipedia.org\/wiki\/No_Rancho_Fundo\" target=\"_blank\" rel=\"noopener\">Sobre No Rancho Fundo, na Wikipedia<\/a><br \/>\n<a href=\"https:\/\/tvnovelas.com.br\/filmes\/filmes-na-tv-segunda\/\" target=\"_blank\" rel=\"noopener\">Confira a programa\u00e7\u00e3o de filmes na TV aberta<\/a><br \/>\n<a href=\"https:\/\/www.tvnovelas.com.br\/tvnews\/\">\u00daltimas not\u00edcias de todas as novelas<\/a><\/p>\n","protected":false},"excerpt":{"rendered":"<p>No Rancho Fundo: Zefa convida Ariosto&#8230;. Zefa Leonel (Andrea Beltr\u00e3o) voltou a morar no rancho fundo, mas, nem assim, Ariosto (Eduardo Moscovis) deixar\u00e1.<\/p>\n","protected":false},"author":1,"featured_media":67072,"comment_status":"closed","ping_status":"closed","sticky":false,"template":"","format":"standard","meta":{"_uf_show_specific_survey":0,"_uf_disable_surveys":false,"_jetpack_memberships_contains_paid_content":false,"footnotes":"","_wp_rev_ctl_limit":""},"categories":[763],"tags":[5,764,64],"class_list":["post-67071","post","type-post","status-publish","format-standard","has-post-thumbnail","hentry","category-no-rancho-fundo","tag-globo","tag-no-rancho-fundo","tag-novelas","wpcat-763-id"],"aioseo_notices":[],"jetpack_featured_media_url":"https:\/\/i0.wp.com\/www.tvnovelas.com.br\/tvnews\/wp-content\/uploads\/2024\/07\/39739.jpg?fit=728%2C410&ssl=1","jetpack_shortlink":"https:\/\/wp.me\/pdP2BO-hrN","jetpack_sharing_enabled":true,"_links":{"self":[{"href":"https:\/\/www.tvnovelas.com.br\/tvnews\/wp-json\/wp\/v2\/posts\/67071","targetHints":{"allow":["GET"]}}],"collection":[{"href":"https:\/\/www.tvnovelas.com.br\/tvnews\/wp-json\/wp\/v2\/posts"}],"about":[{"href":"https:\/\/www.tvnovelas.com.br\/tvnews\/wp-json\/wp\/v2\/types\/post"}],"author":[{"embeddable":true,"href":"https:\/\/www.tvnovelas.com.br\/tvnews\/wp-json\/wp\/v2\/users\/1"}],"replies":[{"embeddable":true,"href":"https:\/\/www.tvnovelas.com.br\/tvnews\/wp-json\/wp\/v2\/comments?post=67071"}],"version-history":[{"count":1,"href":"https:\/\/www.tvnovelas.com.br\/tvnews\/wp-json\/wp\/v2\/posts\/67071\/revisions"}],"predecessor-version":[{"id":67073,"href":"https:\/\/www.tvnovelas.com.br\/tvnews\/wp-json\/wp\/v2\/posts\/67071\/revisions\/67073"}],"wp:featuredmedia":[{"embeddable":true,"href":"https:\/\/www.tvnovelas.com.br\/tvnews\/wp-json\/wp\/v2\/media\/67072"}],"wp:attachment":[{"href":"https:\/\/www.tvnovelas.com.br\/tvnews\/wp-json\/wp\/v2\/media?parent=67071"}],"wp:term":[{"taxonomy":"category","embeddable":true,"href":"https:\/\/www.tvnovelas.com.br\/tvnews\/wp-json\/wp\/v2\/categories?post=67071"},{"taxonomy":"post_tag","embeddable":true,"href":"https:\/\/www.tvnovelas.com.br\/tvnews\/wp-json\/wp\/v2\/tags?post=67071"}],"curies":[{"name":"wp","href":"https:\/\/api.w.org\/{rel}","templated":true}]}}