{"id":67161,"date":"2024-07-14T12:38:17","date_gmt":"2024-07-14T15:38:17","guid":{"rendered":"https:\/\/www.tvnovelas.com.br\/tvnews\/?p=67161"},"modified":"2024-07-14T12:38:17","modified_gmt":"2024-07-14T15:38:17","slug":"sbt-reexibe-quando-me-apaixono-a-partir-desta-segunda-15","status":"publish","type":"post","link":"https:\/\/www.tvnovelas.com.br\/tvnews\/sbt-reexibe-quando-me-apaixono-a-partir-desta-segunda-15\/","title":{"rendered":"SBT reexibe \u201cQuando me Apaixono\u201d a partir desta segunda (15)"},"content":{"rendered":"<p><em>SBT reexibe \u201cQuando me Apaixono\u201d<\/em><br \/>\n<figure id=\"attachment_67162\" aria-describedby=\"caption-attachment-67162\" style=\"width: 728px\" class=\"wp-caption alignnone\"><img data-recalc-dims=\"1\" decoding=\"async\" src=\"https:\/\/i0.wp.com\/www.tvnovelas.com.br\/tvnews\/wp-content\/uploads\/2024\/07\/39765.jpg?resize=728%2C410&#038;ssl=1\" alt=\"Foto em SBT reexibe \u201cQuando me Apaixono\u201d\" width=\"728\" height=\"410\" class=\"size-full wp-image-67162\" \/><figcaption id=\"caption-attachment-67162\" class=\"wp-caption-text\">SBT reexibe \u201cQuando me Apaixono\u201d<\/figcaption><\/figure><\/p>\n<p>A partir  segunda-feira (15), a novela \u201cQuando me Apaixono\u201d estreia nas tardes do SBT. A trama, produzida por Carlos Moreno Laguillo para a Televisa e exibida pelo canal de Las Estrellas, foi um sucesso em sua primeira exibi\u00e7\u00e3o pelo SBT. <\/p>\n<p>Silvia Navarro, Juan Soler, Jessica Coch, Roc\u00edo Banquells e Ren\u00e9 Casados fazem parte do elenco da novela. \u201cQuando em Apaixono\u201d vai ao de segunda a sexta-feira, \u00e0s 14h30. Nos primeiros dias, a novela ser\u00e1 exibida \u00e0s 14h15, em dobradinha com \u201cTeresa\u201d, que est\u00e1 em sua reta final.<\/p>\n<p>\u201cQuando me Apaixono\u201d \u00e9 a hist\u00f3ria de Renata e Jer\u00f4nimo. Um amor sincero e profundo condenado ao sofrimento pelo rancor e pela vingan\u00e7a, de um \u00f3dio implac\u00e1vel provocado por uma terr\u00edvel mentira.<\/p>\n<p>A hist\u00f3ria come\u00e7a com o nascimento de duas meninas. Ambas s\u00e3o filhas de Roberto, mas de m\u00e3es diferentes. Enquanto Regina \u00e9 filha de Regina, a esposa leg\u00edtima de Roberto, Roberta \u00e9 filha de Josefina, a amante do homem. As duas meninas nascem no mesmo dia e, quando Roberto diz a Josefina que n\u00e3o pretende deixar a esposa para assumir um relacionamento com ela, provoca o \u00f3dio e o sentimento de vingan\u00e7a da amante.<\/p>\n<blockquote><p><a href=\"https:\/\/wp.me\/pfspD2-AR\" rel=\"noopener\" target=\"_blank\"><strong>Confira a sinopse completa e os personagens<\/strong><\/a><\/p><\/blockquote>\n<p><!--FIM--><br \/>\n<a href=\"https:\/\/www.facebook.com\/tevenovelas\/\" rel=\"noopener\" target=\"_blank\">Not\u00edcias de TV Novelas no Facebook<\/a><br \/>\n<a href=\"https:\/\/tvnovelas.com.br\/filmes\/filmes-na-tv-segunda\/\" target=\"_blank\" rel=\"noopener\">Confira a programa\u00e7\u00e3o de filmes na TV aberta<\/a><br \/>\n<a href=\"https:\/\/tvnovelas.com.br\/novelas\/\" rel=\"noopener\" target=\"_blank\">Resumos das Novelas<\/a><br \/>\n<a href=\"https:\/\/www.tvnovelas.com.br\/tvnews\/\" rel=\"noopener\" target=\"_blank\">\u00daltimas not\u00edcias das novelas<\/a><\/p>\n","protected":false},"excerpt":{"rendered":"<p>SBT reexibe \u201cQuando me Apaixono\u201d&#8230; A partir  segunda-feira (15), a novela \u201cQuando me Apaixono\u201d estreia nas tardes do SBT. A trama, produzida por Carlos Moreno&#8230;<\/p>\n","protected":false},"author":1,"featured_media":67162,"comment_status":"closed","ping_status":"closed","sticky":false,"template":"","format":"standard","meta":{"_uf_show_specific_survey":0,"_uf_disable_surveys":false,"_jetpack_memberships_contains_paid_content":false,"footnotes":"","_wp_rev_ctl_limit":""},"categories":[232],"tags":[797,796,64,794,799,798,13,795],"class_list":["post-67161","post","type-post","status-publish","format-standard","has-post-thumbnail","hentry","category-sbt","tag-jessica-coch","tag-juan-soler","tag-novelas","tag-quando-me-apaixono","tag-rene-casados","tag-rocio-banquells","tag-sbt","tag-silvia-navarro","wpcat-232-id"],"aioseo_notices":[],"jetpack_featured_media_url":"https:\/\/i0.wp.com\/www.tvnovelas.com.br\/tvnews\/wp-content\/uploads\/2024\/07\/39765.jpg?fit=728%2C410&ssl=1","jetpack_shortlink":"https:\/\/wp.me\/pdP2BO-htf","jetpack_sharing_enabled":true,"_links":{"self":[{"href":"https:\/\/www.tvnovelas.com.br\/tvnews\/wp-json\/wp\/v2\/posts\/67161","targetHints":{"allow":["GET"]}}],"collection":[{"href":"https:\/\/www.tvnovelas.com.br\/tvnews\/wp-json\/wp\/v2\/posts"}],"about":[{"href":"https:\/\/www.tvnovelas.com.br\/tvnews\/wp-json\/wp\/v2\/types\/post"}],"author":[{"embeddable":true,"href":"https:\/\/www.tvnovelas.com.br\/tvnews\/wp-json\/wp\/v2\/users\/1"}],"replies":[{"embeddable":true,"href":"https:\/\/www.tvnovelas.com.br\/tvnews\/wp-json\/wp\/v2\/comments?post=67161"}],"version-history":[{"count":2,"href":"https:\/\/www.tvnovelas.com.br\/tvnews\/wp-json\/wp\/v2\/posts\/67161\/revisions"}],"predecessor-version":[{"id":67164,"href":"https:\/\/www.tvnovelas.com.br\/tvnews\/wp-json\/wp\/v2\/posts\/67161\/revisions\/67164"}],"wp:featuredmedia":[{"embeddable":true,"href":"https:\/\/www.tvnovelas.com.br\/tvnews\/wp-json\/wp\/v2\/media\/67162"}],"wp:attachment":[{"href":"https:\/\/www.tvnovelas.com.br\/tvnews\/wp-json\/wp\/v2\/media?parent=67161"}],"wp:term":[{"taxonomy":"category","embeddable":true,"href":"https:\/\/www.tvnovelas.com.br\/tvnews\/wp-json\/wp\/v2\/categories?post=67161"},{"taxonomy":"post_tag","embeddable":true,"href":"https:\/\/www.tvnovelas.com.br\/tvnews\/wp-json\/wp\/v2\/tags?post=67161"}],"curies":[{"name":"wp","href":"https:\/\/api.w.org\/{rel}","templated":true}]}}