{"id":67319,"date":"2024-07-21T08:52:44","date_gmt":"2024-07-21T11:52:44","guid":{"rendered":"https:\/\/www.tvnovelas.com.br\/tvnews\/?p=67319"},"modified":"2024-07-21T08:52:44","modified_gmt":"2024-07-21T11:52:44","slug":"no-rancho-fundo-seu-tico-leonel-muda-o-visual-com-a-ajuda-de-marcelo-gouveia","status":"publish","type":"post","link":"https:\/\/www.tvnovelas.com.br\/tvnews\/no-rancho-fundo-seu-tico-leonel-muda-o-visual-com-a-ajuda-de-marcelo-gouveia\/","title":{"rendered":"No Rancho Fundo:  Seu Tico Leonel muda o visual com a ajuda de Marcelo Gouveia"},"content":{"rendered":"<p><em>No No Rancho Fundo:  Seu Tico&#8230;<\/em><br \/>\n<figure id=\"attachment_67321\" aria-describedby=\"caption-attachment-67321\" style=\"width: 728px\" class=\"wp-caption alignnone\"><img data-recalc-dims=\"1\" decoding=\"async\" src=\"https:\/\/i0.wp.com\/www.tvnovelas.com.br\/tvnews\/wp-content\/uploads\/2024\/07\/39800-1.jpg?resize=728%2C410&#038;ssl=1\" alt=\"Foto em No Rancho Fundo:  Seu Tico\" width=\"728\" height=\"410\" class=\"size-full wp-image-67321\" \/><figcaption id=\"caption-attachment-67321\" class=\"wp-caption-text\">No Rancho Fundo:  Seu Tico<\/figcaption><\/figure><br \/>\n(Foto: TV Globo\/No Rancho Fundo)<br \/>\nNo Rancho Fundo, ap\u00f3s a confus\u00e3o envolvendo Deodora (Debora Bloch), Seu Tico Leonel (Alexandre Nero) est\u00e1 disposto a dar a volta por cima e reconquistar Zefa Leonel (Andrea Beltr\u00e3o). Para isso, vai contar com a ajuda \u2013 cheia de segundas inten\u00e7\u00f5es, claro \u2013 de Marcelo Gouveia (Jos\u00e9 Loreto). O patriarca dos Leonel vai ganhar um banho de loja e mudar de visual!<\/p>\n<p>A ideia vai partir de Marcelo Gouveia, que quer ganhar a confian\u00e7a do matuto. O sedutor, ent\u00e3o, vai pedir a ajuda de Blanchette (Vit\u00f3ria Rodrigues).<\/p>\n<p>\u201cA mat\u00e9ria prima at\u00e9 que n\u00e3o \u00e9 das piores&#8230; Mas est\u00e1 muito da maltratada\u201d, comenta a mo\u00e7a ao analisar Seu Tico.<\/p>\n<p>\u201cMas n\u00e3o tem rem\u00e9dio?\u201d, pergunta Seu Tico, timidamente.<\/p>\n<p>\u201cClaro que tem! Eu vou lhe transformar num novo homem, e Blanchette ser\u00e1 minha assistente, com seu olhar feminino! Se prepare, Seu Tico Leonel! O senhor vai deixar de ser esse matuto v\u00e9io!\u201d, garante Marcelo.<\/p>\n<p>Os tr\u00eas, ent\u00e3o, ir\u00e3o \u00e0 loja de Corina Castelo (\u00cdsis Broken). L\u00e1, enquanto Marcelo Gouveia toma espumante, Seu Tico Leonel provar\u00e1 v\u00e1rias roupas de estilos diferentes. Todas ser\u00e3o reprovadas por Marcelo e Blanchette. At\u00e9 que&#8230;<\/p>\n<p>\u201cAcho que agora voc\u00eas v\u00e3o gostar\u201d, diz a dona da loja.<\/p>\n<p>Seu Tico Leonel sair\u00e1 do provador vestido com um belo terno, com caimento perfeito.<\/p>\n<p>\u201cEst\u00e1 nascendo minha obra-prima&#8230;\u201d, celebra Marcelo Gouveia.<\/p>\n<h3>Coment\u00e1rios em No Rancho Fundo: Seu Tico<\/h3>\n<div class=\"fb-comments\" data-width=\"100%\" data-order-by=\"reverse_time\" data-numposts=\"5\"><\/div>\n<h2>\u00daltimas publica\u00e7\u00f5es de No Rancho Fundo:   Seu Tico&#8230;<\/h2>\n<p><div class=\"pt-cv-wrapper\"><div class=\"pt-cv-view pt-cv-grid pt-cv-colsys\" id=\"pt-cv-view-1b948bbbtz\"><div data-id=\"pt-cv-page-1\" class=\"pt-cv-page\" data-cvc=\"1\"><div class=\"col-md-12 col-sm-12 col-xs-12 pt-cv-content-item pt-cv-1-col\" ><div class='pt-cv-ifield'><h4 class=\"pt-cv-title\"><a href=\"https:\/\/www.tvnovelas.com.br\/tvnews\/no-rancho-fundo-deodora-atira-em-ariosto-por-magoa-e-ciume\/\" class=\"_blank\" target=\"_blank\" >No Rancho Fundo: Deodora atira em Ariosto por m\u00e1goa e ci\u00fame<\/a><\/h4><\/div><\/div>\n<div class=\"col-md-12 col-sm-12 col-xs-12 pt-cv-content-item pt-cv-1-col\" ><div class='pt-cv-ifield'><h4 class=\"pt-cv-title\"><a href=\"https:\/\/www.tvnovelas.com.br\/tvnews\/no-rancho-fundo-romera-desbloqueada-entre-os-podres-de-saba-bodo\/\" class=\"_blank\" target=\"_blank\" >No Rancho Fundo: Romera desbloqueada entre os podres de Sab\u00e1 Bod\u00f3<\/a><\/h4><\/div><\/div>\n<div class=\"col-md-12 col-sm-12 col-xs-12 pt-cv-content-item pt-cv-1-col\" ><div class='pt-cv-ifield'><h4 class=\"pt-cv-title\"><a href=\"https:\/\/www.tvnovelas.com.br\/tvnews\/no-rancho-fundo-jordao-e-preso-por-tentar-matar-primo-cicero\/\" class=\"_blank\" target=\"_blank\" >No Rancho Fundo: Jord\u00e3o \u00e9 preso por tentar matar Primo C\u00edcero<\/a><\/h4><\/div><\/div>\n<div class=\"col-md-12 col-sm-12 col-xs-12 pt-cv-content-item pt-cv-1-col\" ><div class='pt-cv-ifield'><h4 class=\"pt-cv-title\"><a href=\"https:\/\/www.tvnovelas.com.br\/tvnews\/no-rancho-fundo-artur-confronta-elias-e-descobre-quem-ele-e\/\" class=\"_blank\" target=\"_blank\" >No Rancho Fundo:  Artur confronta Elias e descobre quem ele \u00e9<\/a><\/h4><\/div><\/div>\n<div class=\"col-md-12 col-sm-12 col-xs-12 pt-cv-content-item pt-cv-1-col\" ><div class='pt-cv-ifield'><h4 class=\"pt-cv-title\"><a href=\"https:\/\/www.tvnovelas.com.br\/tvnews\/no-rancho-fundo-elias-espalha-dinamites-na-gruta-azul-a-mando-de-ariosto\/\" class=\"_blank\" target=\"_blank\" >No Rancho Fundo: Elias espalha dinamites na Gruta Azul a mando de Ariosto<\/a><\/h4><\/div><\/div><\/div><\/div><\/div><br \/>\n<a href=\"https:\/\/wp.me\/pfspD2-OO\" target=\"_blank\" rel=\"noopener\">No Rancho Fundo: De Lasca Fogo a Lap\u00e3o da Beirada<\/a><br \/>\n<a href=\"https:\/\/tvnovelas.com.br\/page2\/arquivo\/no-rancho-fundo-trilha-sonora\/\" rel=\"noopener\" target=\"_blank\">No Rancho Fundo: trilha sonora<\/a><br \/>\n<a href=\"https:\/\/pt.wikipedia.org\/wiki\/No_Rancho_Fundo\" target=\"_blank\" rel=\"noopener\">Sobre No Rancho Fundo, na Wikipedia<\/a><br \/>\n<a href=\"https:\/\/tvnovelas.com.br\/filmes\/filmes-na-tv-segunda\/\" target=\"_blank\" rel=\"noopener\">Confira a programa\u00e7\u00e3o de filmes na TV aberta<\/a><br \/>\n<a href=\"https:\/\/www.tvnovelas.com.br\/tvnews\/\">\u00daltimas not\u00edcias de todas as novelas<\/a><\/p><\/blockquote>\n","protected":false},"excerpt":{"rendered":"<p>No Rancho Fundo:  Seu Tico&#8230;<\/p>\n","protected":false},"author":1,"featured_media":67321,"comment_status":"closed","ping_status":"closed","sticky":false,"template":"","format":"standard","meta":{"_uf_show_specific_survey":0,"_uf_disable_surveys":false,"_jetpack_memberships_contains_paid_content":false,"footnotes":"","_wp_rev_ctl_limit":""},"categories":[763],"tags":[5,764,64],"class_list":["post-67319","post","type-post","status-publish","format-standard","has-post-thumbnail","hentry","category-no-rancho-fundo","tag-globo","tag-no-rancho-fundo","tag-novelas","wpcat-763-id"],"aioseo_notices":[],"jetpack_featured_media_url":"https:\/\/i0.wp.com\/www.tvnovelas.com.br\/tvnews\/wp-content\/uploads\/2024\/07\/39800-1.jpg?fit=728%2C410&ssl=1","jetpack_shortlink":"https:\/\/wp.me\/pdP2BO-hvN","jetpack_sharing_enabled":true,"_links":{"self":[{"href":"https:\/\/www.tvnovelas.com.br\/tvnews\/wp-json\/wp\/v2\/posts\/67319","targetHints":{"allow":["GET"]}}],"collection":[{"href":"https:\/\/www.tvnovelas.com.br\/tvnews\/wp-json\/wp\/v2\/posts"}],"about":[{"href":"https:\/\/www.tvnovelas.com.br\/tvnews\/wp-json\/wp\/v2\/types\/post"}],"author":[{"embeddable":true,"href":"https:\/\/www.tvnovelas.com.br\/tvnews\/wp-json\/wp\/v2\/users\/1"}],"replies":[{"embeddable":true,"href":"https:\/\/www.tvnovelas.com.br\/tvnews\/wp-json\/wp\/v2\/comments?post=67319"}],"version-history":[{"count":2,"href":"https:\/\/www.tvnovelas.com.br\/tvnews\/wp-json\/wp\/v2\/posts\/67319\/revisions"}],"predecessor-version":[{"id":67323,"href":"https:\/\/www.tvnovelas.com.br\/tvnews\/wp-json\/wp\/v2\/posts\/67319\/revisions\/67323"}],"wp:featuredmedia":[{"embeddable":true,"href":"https:\/\/www.tvnovelas.com.br\/tvnews\/wp-json\/wp\/v2\/media\/67321"}],"wp:attachment":[{"href":"https:\/\/www.tvnovelas.com.br\/tvnews\/wp-json\/wp\/v2\/media?parent=67319"}],"wp:term":[{"taxonomy":"category","embeddable":true,"href":"https:\/\/www.tvnovelas.com.br\/tvnews\/wp-json\/wp\/v2\/categories?post=67319"},{"taxonomy":"post_tag","embeddable":true,"href":"https:\/\/www.tvnovelas.com.br\/tvnews\/wp-json\/wp\/v2\/tags?post=67319"}],"curies":[{"name":"wp","href":"https:\/\/api.w.org\/{rel}","templated":true}]}}