{"id":67374,"date":"2024-07-23T17:09:15","date_gmt":"2024-07-23T20:09:15","guid":{"rendered":"https:\/\/www.tvnovelas.com.br\/tvnews\/?p=67374"},"modified":"2024-07-23T17:09:15","modified_gmt":"2024-07-23T20:09:15","slug":"cabocla-substitui-cheias-de-charme-na-tarde-da-globo","status":"publish","type":"post","link":"https:\/\/www.tvnovelas.com.br\/tvnews\/cabocla-substitui-cheias-de-charme-na-tarde-da-globo\/","title":{"rendered":"Cabocla substitui Cheias de Charme na tarde da Globo"},"content":{"rendered":"<p><em>Cabocla substitui Cheias de Charme<\/em><br \/>\n<figure id=\"attachment_67375\" aria-describedby=\"caption-attachment-67375\" style=\"width: 728px\" class=\"wp-caption alignnone\"><img data-recalc-dims=\"1\" decoding=\"async\" class=\"wp-image-67375 size-full\" title=\" Foto: Globo\/Gianne Carvalho\" src=\"https:\/\/i0.wp.com\/www.tvnovelas.com.br\/tvnews\/wp-content\/uploads\/2024\/07\/39811.jpg?resize=728%2C410&#038;ssl=1\" alt=\"Foto em Cabocla substitui Cheias de Charme\" width=\"728\" height=\"410\" \/><figcaption id=\"caption-attachment-67375\" class=\"wp-caption-text\">Cabocla substitui Cheias de Charme&#8230;<\/figcaption><\/figure><\/p>\n<p>Saem as Empreguetes, entra Zuza. O remake de Cabocla, exibido em 2004, volta \u00e0 programa\u00e7\u00e3o da Globo em agosto, substituindo Cheias de Charme.<\/p>\n<p>A trama, ambientada no in\u00edcio do s\u00e9culo XX, gira em torno da disputa por terras entre dois coron\u00e9is \u2013 Boanerges (Tony Ramos) e Justino (Mauro Mendon\u00e7a) \u2013 e do amor entre a cabocla Zuca (Vanessa Gi\u00e1como) e o jovem advogado Lu\u00eds Jer\u00f4nimo (Daniel de Oliveira).<\/p>\n<p>Zuca \u00e9 noiva do destemido pe\u00e3o Tobias (Malvino Salvador), mas o destino a aproxima do advogado, um mulherengo e farrista que vem da cidade grande para a ro\u00e7a se curar de uma tuberculose. Na fazenda do Coronel Boanerges, grande amigo de seu pai, Lu\u00eds conhece Zuca, afilhada do fazendeiro. O encantamento \u00e9 imediato e o advogado muda radicalmente seu comportamento. Zuca tamb\u00e9m se apaixona pelo rapaz, desiste do casamento com Tobias e enfrenta tudo e todos por seu amor.<\/p>\n<div style= \"background-color: #faebd7; border-left: 6px solid #e52b50; padding: 5px\">\n<blockquote>\n<h3>Saiba mais:<\/h3>\n<p><a href=\"https:\/\/wp.me\/pfspD2-2U\" rel=\"noopener\" target=\"_blank\">Cabocla: Uma hist\u00f3ria de um amor imposs\u00edvel<\/a><br \/>\n<a href=\"https:\/\/wp.me\/pfspD2-2S\" rel=\"noopener\" target=\"_blank\">Cabocla: Quem \u00e9 Quem (Principais personagens)<\/a><\/p><\/blockquote>\n<\/div>\n<p><!--FIM--><br \/>\n<a href=\"https:\/\/www.facebook.com\/tevenovelas\/\" target=\"_blank\" rel=\"noopener\">Not\u00edcias de TV Novelas no Facebook<\/a><br \/>\n<a href=\"https:\/\/tvnovelas.com.br\/filmes\/filmes-na-tv-segunda\/\" target=\"_blank\" rel=\"noopener\">Confira a programa\u00e7\u00e3o de filmes na TV aberta<\/a><br \/>\n<a href=\"https:\/\/tvnovelas.com.br\/novelas\/\" target=\"_blank\" rel=\"noopener\">Resumos das Novelas<\/a><br \/>\n<a href=\"https:\/\/www.tvnovelas.com.br\/tvnews\/\" target=\"_blank\" rel=\"noopener\">\u00daltimas not\u00edcias das novelas<\/a><\/p>\n","protected":false},"excerpt":{"rendered":"<p>Cabocla substitui Cheias de Charme&#8230;. Saem as Empreguetes, entra Zuza. O remake de Cabocla, exibido em 2004, volta \u00e0 programa\u00e7\u00e3o da Globo em agosto..<\/p>\n","protected":false},"author":1,"featured_media":67375,"comment_status":"closed","ping_status":"closed","sticky":false,"template":"","format":"standard","meta":{"_uf_show_specific_survey":0,"_uf_disable_surveys":false,"_jetpack_memberships_contains_paid_content":false,"footnotes":"","_wp_rev_ctl_limit":""},"categories":[236],"tags":[800,759,5,64,277],"class_list":["post-67374","post","type-post","status-publish","format-standard","has-post-thumbnail","hentry","category-globo","tag-cabocla","tag-cheias-de-charme","tag-globo","tag-novelas","tag-vale-a-pena-ver-de-novo","wpcat-236-id"],"aioseo_notices":[],"jetpack_featured_media_url":"https:\/\/i0.wp.com\/www.tvnovelas.com.br\/tvnews\/wp-content\/uploads\/2024\/07\/39811.jpg?fit=728%2C410&ssl=1","jetpack_shortlink":"https:\/\/wp.me\/pdP2BO-hwG","jetpack_sharing_enabled":true,"_links":{"self":[{"href":"https:\/\/www.tvnovelas.com.br\/tvnews\/wp-json\/wp\/v2\/posts\/67374","targetHints":{"allow":["GET"]}}],"collection":[{"href":"https:\/\/www.tvnovelas.com.br\/tvnews\/wp-json\/wp\/v2\/posts"}],"about":[{"href":"https:\/\/www.tvnovelas.com.br\/tvnews\/wp-json\/wp\/v2\/types\/post"}],"author":[{"embeddable":true,"href":"https:\/\/www.tvnovelas.com.br\/tvnews\/wp-json\/wp\/v2\/users\/1"}],"replies":[{"embeddable":true,"href":"https:\/\/www.tvnovelas.com.br\/tvnews\/wp-json\/wp\/v2\/comments?post=67374"}],"version-history":[{"count":3,"href":"https:\/\/www.tvnovelas.com.br\/tvnews\/wp-json\/wp\/v2\/posts\/67374\/revisions"}],"predecessor-version":[{"id":67378,"href":"https:\/\/www.tvnovelas.com.br\/tvnews\/wp-json\/wp\/v2\/posts\/67374\/revisions\/67378"}],"wp:featuredmedia":[{"embeddable":true,"href":"https:\/\/www.tvnovelas.com.br\/tvnews\/wp-json\/wp\/v2\/media\/67375"}],"wp:attachment":[{"href":"https:\/\/www.tvnovelas.com.br\/tvnews\/wp-json\/wp\/v2\/media?parent=67374"}],"wp:term":[{"taxonomy":"category","embeddable":true,"href":"https:\/\/www.tvnovelas.com.br\/tvnews\/wp-json\/wp\/v2\/categories?post=67374"},{"taxonomy":"post_tag","embeddable":true,"href":"https:\/\/www.tvnovelas.com.br\/tvnews\/wp-json\/wp\/v2\/tags?post=67374"}],"curies":[{"name":"wp","href":"https:\/\/api.w.org\/{rel}","templated":true}]}}