{"id":67422,"date":"2024-07-25T09:57:04","date_gmt":"2024-07-25T12:57:04","guid":{"rendered":"https:\/\/www.tvnovelas.com.br\/tvnews\/?p=67422"},"modified":"2024-07-25T09:57:04","modified_gmt":"2024-07-25T12:57:04","slug":"vale-tudo-globo-anuncia-remake-para-2025","status":"publish","type":"post","link":"https:\/\/www.tvnovelas.com.br\/tvnews\/vale-tudo-globo-anuncia-remake-para-2025\/","title":{"rendered":"Vale Tudo: Globo anuncia remake para 2025"},"content":{"rendered":"<p><em>Vale Tudo: Globo anuncia remake para 2025<\/em><br \/>\n<figure id=\"attachment_67425\" aria-describedby=\"caption-attachment-67425\" style=\"width: 728px\" class=\"wp-caption alignnone\"><img data-recalc-dims=\"1\" decoding=\"async\" class=\"wp-image-67425 size-full\" title=\"(Foto: TV Globo\/Vale tudo)\" src=\"https:\/\/i0.wp.com\/www.tvnovelas.com.br\/tvnews\/wp-content\/uploads\/2024\/07\/39819.jpg?resize=728%2C410&#038;ssl=1\" alt=\"Foto em Vale Tudo: Globo anuncia...\" width=\"728\" height=\"410\" \/><figcaption id=\"caption-attachment-67425\" class=\"wp-caption-text\">Vale Tudo: Globo anuncia&#8230;<\/figcaption><\/figure><\/p>\n<p>A novela de Gilberto Braga, escrita com Aguinaldo Silva e Leonor Bass\u00e8res, ganhar\u00e1 nova vers\u00e3o, agora conduzida por Manuela Dias, autora de sucessos como Justi\u00e7a, Justi\u00e7a 2 e Amor de M\u00e3e. A informa\u00e7\u00e3o \u00e9 oficial, divulgada pela TV Globo.<\/p>\n<p>A dire\u00e7\u00e3o art\u00edstica do projeto ser\u00e1 tocada por Paulo Silvestrini, que vem do sucesso de Vai na F\u00e9; o diretor j\u00e1 deu in\u00edcio \u00e0 pr\u00e9-produ\u00e7\u00e3o, nos Est\u00fadios Globo, no Rio de Janeiro. O projeto faz parte da comemora\u00e7\u00e3o dos 60 anos da TV Globo, que ser\u00e3o celebrados em 2025.<\/p>\n<h2>Antagonismo entre M\u00e3e e Filha<\/h2>\n<p>Exibida em 1988 e dispon\u00edvel no Globoplay, o folhetim entrou no imagin\u00e1rio cultural e conquistou o t\u00edtulo de &#8220;Melhor Novela de Todos os Tempos&#8221; tanto do p\u00fablico quanto da cr\u00edtica especializada. A hist\u00f3ria acompanha a jornada de antagonismo entre m\u00e3e e filha: a \u00edntegra Raquel Accioli (Regina Duarte) e a inescrupulosa Maria de F\u00e1tima (Gloria Pires).<\/p>\n<p>Logo no come\u00e7o da trama, a vil\u00e3 vende a \u00fanica propriedade da fam\u00edlia, no Paran\u00e1, e foge com o dinheiro para o Rio de Janeiro com o objetivo de se tornar modelo. Raquel vai atr\u00e1s da filha e conhece o administrador de empresas Ivan Meirelles (Antonio Fagundes), por quem se apaixona.<\/p>\n<p>Enquanto a m\u00e3e batalha para sobreviver honestamente, Maria de F\u00e1tima se alia a C\u00e9sar (Carlos Alberto Riccelli), um mau-car\u00e1ter que a estimula a seduzir o milion\u00e1rio Afonso Roitman (C\u00e1ssio Gabus Mendes), de olho na fortuna do rapaz. Ele \u00e9 filho da poderosa empres\u00e1ria Odete Roitman (Beatriz Segall), diretora da Companhia A\u00e9rea TCA, sem nenhuma b\u00fassula moral.<\/p>\n<div style=\"background-color: #faebd7; border-left: 6px solid #e52b50; padding: 5px;\">\n<blockquote>\n<h2>Saiba Mais:<\/h2>\n<p><a href=\"https:\/\/wp.me\/pfspD2-oI\" target=\"_blank\" rel=\"noopener\">Vale Tudo: Invers\u00e3o de valores no final dos anos 1980<\/a><br \/>\n(Sinopse e principais personagens)<\/p><\/blockquote>\n<\/div>\n<p>Odete tamb\u00e9m \u00e9 m\u00e3e de Heleninha (Renata Sorrah), artista pl\u00e1stica fr\u00e1gil e insegura, que sofre com o alcoolismo. A rica executiva manipula a vida dos filhos e trata mal os empregados, al\u00e9m de se achar superior a todos.<br \/>\n<!--FIM--><br \/>\n<a href=\"https:\/\/www.facebook.com\/tevenovelas\/\" target=\"_blank\" rel=\"noopener\">Not\u00edcias de TV Novelas no Facebook<\/a><br \/>\n<a href=\"https:\/\/tvnovelas.com.br\/filmes\/filmes-na-tv-segunda\/\" target=\"_blank\" rel=\"noopener\">Confira a programa\u00e7\u00e3o de filmes na TV aberta<\/a><br \/>\n<a href=\"https:\/\/tvnovelas.com.br\/novelas\/\" target=\"_blank\" rel=\"noopener\">Resumos das Novelas<\/a><br \/>\n<a href=\"https:\/\/www.tvnovelas.com.br\/tvnews\/\" target=\"_blank\" rel=\"noopener\">\u00daltimas not\u00edcias das novelas<\/a><\/p>\n","protected":false},"excerpt":{"rendered":"<p>Vale Tudo: Globo anuncia.. A novela de Gilberto Braga, escrita com Aguinaldo Silva e Leonor Bass\u00e8res, ganhar\u00e1 nova vers\u00e3o, agora conduzida por Manuela Dias, autora&#8230;<\/p>\n","protected":false},"author":1,"featured_media":67425,"comment_status":"closed","ping_status":"closed","sticky":false,"template":"","format":"standard","meta":{"_uf_show_specific_survey":0,"_uf_disable_surveys":false,"_jetpack_memberships_contains_paid_content":false,"footnotes":"","_wp_rev_ctl_limit":""},"categories":[236],"tags":[5,64,801],"class_list":["post-67422","post","type-post","status-publish","format-standard","has-post-thumbnail","hentry","category-globo","tag-globo","tag-novelas","tag-vale-tudo","wpcat-236-id"],"aioseo_notices":[],"jetpack_featured_media_url":"https:\/\/i0.wp.com\/www.tvnovelas.com.br\/tvnews\/wp-content\/uploads\/2024\/07\/39819.jpg?fit=728%2C410&ssl=1","jetpack_shortlink":"https:\/\/wp.me\/pdP2BO-hxs","jetpack_sharing_enabled":true,"_links":{"self":[{"href":"https:\/\/www.tvnovelas.com.br\/tvnews\/wp-json\/wp\/v2\/posts\/67422","targetHints":{"allow":["GET"]}}],"collection":[{"href":"https:\/\/www.tvnovelas.com.br\/tvnews\/wp-json\/wp\/v2\/posts"}],"about":[{"href":"https:\/\/www.tvnovelas.com.br\/tvnews\/wp-json\/wp\/v2\/types\/post"}],"author":[{"embeddable":true,"href":"https:\/\/www.tvnovelas.com.br\/tvnews\/wp-json\/wp\/v2\/users\/1"}],"replies":[{"embeddable":true,"href":"https:\/\/www.tvnovelas.com.br\/tvnews\/wp-json\/wp\/v2\/comments?post=67422"}],"version-history":[{"count":3,"href":"https:\/\/www.tvnovelas.com.br\/tvnews\/wp-json\/wp\/v2\/posts\/67422\/revisions"}],"predecessor-version":[{"id":67426,"href":"https:\/\/www.tvnovelas.com.br\/tvnews\/wp-json\/wp\/v2\/posts\/67422\/revisions\/67426"}],"wp:featuredmedia":[{"embeddable":true,"href":"https:\/\/www.tvnovelas.com.br\/tvnews\/wp-json\/wp\/v2\/media\/67425"}],"wp:attachment":[{"href":"https:\/\/www.tvnovelas.com.br\/tvnews\/wp-json\/wp\/v2\/media?parent=67422"}],"wp:term":[{"taxonomy":"category","embeddable":true,"href":"https:\/\/www.tvnovelas.com.br\/tvnews\/wp-json\/wp\/v2\/categories?post=67422"},{"taxonomy":"post_tag","embeddable":true,"href":"https:\/\/www.tvnovelas.com.br\/tvnews\/wp-json\/wp\/v2\/tags?post=67422"}],"curies":[{"name":"wp","href":"https:\/\/api.w.org\/{rel}","templated":true}]}}