{"id":67531,"date":"2024-07-30T07:59:55","date_gmt":"2024-07-30T10:59:55","guid":{"rendered":"https:\/\/www.tvnovelas.com.br\/tvnews\/?p=67531"},"modified":"2024-07-30T07:59:55","modified_gmt":"2024-07-30T10:59:55","slug":"no-rancho-fundo-quinota-assume-os-negocios-da-familia","status":"publish","type":"post","link":"https:\/\/www.tvnovelas.com.br\/tvnews\/no-rancho-fundo-quinota-assume-os-negocios-da-familia\/","title":{"rendered":"No Rancho Fundo: Quinota assume os neg\u00f3cios da fam\u00edlia"},"content":{"rendered":"<p><em>Em No No Rancho Fundo: Quinota assume&#8230;<\/em><br \/>\n<figure id=\"attachment_67533\" aria-describedby=\"caption-attachment-67533\" style=\"width: 728px\" class=\"wp-caption alignnone\"><img data-recalc-dims=\"1\" decoding=\"async\" src=\"https:\/\/i0.wp.com\/www.tvnovelas.com.br\/tvnews\/wp-content\/uploads\/2024\/07\/39844-1.jpg?resize=728%2C410&#038;ssl=1\" alt=\"Foto em No Rancho Fundo: Quinota assume\" width=\"728\" height=\"410\" class=\"size-full wp-image-67533\" \/><figcaption id=\"caption-attachment-67533\" class=\"wp-caption-text\">No Rancho Fundo: Quinota assume<\/figcaption><\/figure><br \/>\n(Foto: TV Globo\/No Rancho Fundo)<br \/>\nEm No Rancho Fundo, a vida de Quinota (Larissa Bocchino) est\u00e1 prestes a mudar em No Rancho Fundo. Esperta e a \u00fanica Leonel que levou os estudos at\u00e9 o fim, a menina ser\u00e1 convidada pela m\u00e3e, Zefa Leonel (Andrea Beltr\u00e3o), a tocar os neg\u00f3cios da fam\u00edlia. Assim, Quinota vai se tornar uma empres\u00e1ria. Mas nem tudo ser\u00e3o flores. Ao saber da novidade, a ambiciosa Blandina (Luisa Arraes) ir\u00e1 pedir para trabalhar com a cunhada&#8230; <\/p>\n<p>\u201cSabe, filha, eu estava pensando em lhe fazer uma proposta, que \u00e9 um pedido tamb\u00e9m. Uma vontade minha. O que que tu acha de ficar no meu lugar aqui no comando do Rancho Fundo? Do ro\u00e7ado \u00e0 cria\u00e7\u00e3o e, principalmente, da extra\u00e7\u00e3o da Gruta Azul?\u201d, pergunta Zefa.<\/p>\n<p>\u201cMas tu est\u00e1 querendo se aposentar, \u00e9?\u201d, surpreende-se a menina.<\/p>\n<p>\u201cVou trabalhar at\u00e9 o dia em que minhas for\u00e7as se acabarem. Mas tamb\u00e9m queria diminuir um pouco a carga, a responsabilidade&#8230; E tamb\u00e9m&#8230; n\u00e3o vou durar para sempre, n\u00e9ra?\u201d, responde Zefa.<\/p>\n<p>Depois, em conversa com Blandina, Quinota ir\u00e1 contar sobre a proposta da m\u00e3e.<\/p>\n<p>\u201cM\u00e3inha vai me deixar \u00e0 frente de tudo do Rancho Fundo, at\u00e9 da explora\u00e7\u00e3o da Turmalina Para\u00edba\u201d, revela Quinota.<\/p>\n<p>\u201cQue alegria saber disso!\u201d, reage Blandina, j\u00e1 crescendo o olho.<\/p>\n<p>E, ent\u00e3o, Blandina far\u00e1 um pedido inesperado \u00e0 cunhada.<\/p>\n<p>\u201cEu&#8230; posso trabalhar com voc\u00ea na empresa da fam\u00edlia?\u201d<\/p>\n<p>Para convencer Quinota, Blandina usar\u00e1 o argumento da sororidade.<\/p>\n<p>\u201cEsse \u00e9 um mundo de homens, Quinota. Um mundo de homens que n\u00e3o seria nada sem n\u00f3s, mulheres. Por isso precisamos estar juntas. Unidas! Por favor, confie em mim\u201d, pede ela.<br \/>\n<!--FIM--><\/p>\n<h3>Coment\u00e1rios em No Rancho Fundo: Quinota assume&#8230;<\/h3>\n<div class=\"fb-comments\" data-width=\"100%\" data-order-by=\"reverse_time\" data-numposts=\"5\"><\/div>\n<h2>\u00daltimas publica\u00e7\u00f5es de No Rancho Fundo<\/h2>\n<p><div class=\"pt-cv-wrapper\"><div class=\"pt-cv-view pt-cv-grid pt-cv-colsys\" id=\"pt-cv-view-1b948bbbtz\"><div data-id=\"pt-cv-page-1\" class=\"pt-cv-page\" data-cvc=\"1\"><div class=\"col-md-12 col-sm-12 col-xs-12 pt-cv-content-item pt-cv-1-col\" ><div class='pt-cv-ifield'><h4 class=\"pt-cv-title\"><a href=\"https:\/\/www.tvnovelas.com.br\/tvnews\/no-rancho-fundo-deodora-atira-em-ariosto-por-magoa-e-ciume\/\" class=\"_blank\" target=\"_blank\" >No Rancho Fundo: Deodora atira em Ariosto por m\u00e1goa e ci\u00fame<\/a><\/h4><\/div><\/div>\n<div class=\"col-md-12 col-sm-12 col-xs-12 pt-cv-content-item pt-cv-1-col\" ><div class='pt-cv-ifield'><h4 class=\"pt-cv-title\"><a href=\"https:\/\/www.tvnovelas.com.br\/tvnews\/no-rancho-fundo-romera-desbloqueada-entre-os-podres-de-saba-bodo\/\" class=\"_blank\" target=\"_blank\" >No Rancho Fundo: Romera desbloqueada entre os podres de Sab\u00e1 Bod\u00f3<\/a><\/h4><\/div><\/div>\n<div class=\"col-md-12 col-sm-12 col-xs-12 pt-cv-content-item pt-cv-1-col\" ><div class='pt-cv-ifield'><h4 class=\"pt-cv-title\"><a href=\"https:\/\/www.tvnovelas.com.br\/tvnews\/no-rancho-fundo-jordao-e-preso-por-tentar-matar-primo-cicero\/\" class=\"_blank\" target=\"_blank\" >No Rancho Fundo: Jord\u00e3o \u00e9 preso por tentar matar Primo C\u00edcero<\/a><\/h4><\/div><\/div>\n<div class=\"col-md-12 col-sm-12 col-xs-12 pt-cv-content-item pt-cv-1-col\" ><div class='pt-cv-ifield'><h4 class=\"pt-cv-title\"><a href=\"https:\/\/www.tvnovelas.com.br\/tvnews\/no-rancho-fundo-artur-confronta-elias-e-descobre-quem-ele-e\/\" class=\"_blank\" target=\"_blank\" >No Rancho Fundo:  Artur confronta Elias e descobre quem ele \u00e9<\/a><\/h4><\/div><\/div>\n<div class=\"col-md-12 col-sm-12 col-xs-12 pt-cv-content-item pt-cv-1-col\" ><div class='pt-cv-ifield'><h4 class=\"pt-cv-title\"><a href=\"https:\/\/www.tvnovelas.com.br\/tvnews\/no-rancho-fundo-elias-espalha-dinamites-na-gruta-azul-a-mando-de-ariosto\/\" class=\"_blank\" target=\"_blank\" >No Rancho Fundo: Elias espalha dinamites na Gruta Azul a mando de Ariosto<\/a><\/h4><\/div><\/div><\/div><\/div><\/div><br \/>\n<a href=\"https:\/\/wp.me\/pfspD2-OO\" target=\"_blank\" rel=\"noopener\">No Rancho Fundo: De Lasca Fogo a Lap\u00e3o da Beirada<\/a><br \/>\n<a href=\"https:\/\/tvnovelas.com.br\/page2\/arquivo\/no-rancho-fundo-trilha-sonora\/\" target=\"_blank\" rel=\"noopener\">No Rancho Fundo: trilha sonora<\/a><br \/>\n<a href=\"https:\/\/pt.wikipedia.org\/wiki\/No_Rancho_Fundo\" target=\"_blank\" rel=\"noopener\">Sobre No Rancho Fundo, na Wikipedia<\/a><br \/>\n<a href=\"https:\/\/tvnovelas.com.br\/filmes\/filmes-na-tv-segunda\/\" target=\"_blank\" rel=\"noopener\">Confira a programa\u00e7\u00e3o de filmes na TV aberta<\/a><br \/>\n<a href=\"https:\/\/www.tvnovelas.com.br\/tvnews\/\">\u00daltimas not\u00edcias de todas as novelas<\/a><\/p>\n","protected":false},"excerpt":{"rendered":"<p>No Rancho Fundo: Quinota assume&#8230; A vida de Quinota (Larissa Bocchino) est\u00e1 prestes a mudar em No Rancho Fundo. Esperta e a \u00fanica Leonel que levou os estudos at\u00e9 o fim&#8230;<\/p>\n","protected":false},"author":1,"featured_media":67533,"comment_status":"closed","ping_status":"closed","sticky":false,"template":"","format":"standard","meta":{"_uf_show_specific_survey":0,"_uf_disable_surveys":false,"_jetpack_memberships_contains_paid_content":false,"footnotes":"","_wp_rev_ctl_limit":""},"categories":[763],"tags":[5,764,64],"class_list":["post-67531","post","type-post","status-publish","format-standard","has-post-thumbnail","hentry","category-no-rancho-fundo","tag-globo","tag-no-rancho-fundo","tag-novelas","wpcat-763-id"],"aioseo_notices":[],"jetpack_featured_media_url":"https:\/\/i0.wp.com\/www.tvnovelas.com.br\/tvnews\/wp-content\/uploads\/2024\/07\/39844-1.jpg?fit=728%2C410&ssl=1","jetpack_shortlink":"https:\/\/wp.me\/pdP2BO-hzd","jetpack_sharing_enabled":true,"_links":{"self":[{"href":"https:\/\/www.tvnovelas.com.br\/tvnews\/wp-json\/wp\/v2\/posts\/67531","targetHints":{"allow":["GET"]}}],"collection":[{"href":"https:\/\/www.tvnovelas.com.br\/tvnews\/wp-json\/wp\/v2\/posts"}],"about":[{"href":"https:\/\/www.tvnovelas.com.br\/tvnews\/wp-json\/wp\/v2\/types\/post"}],"author":[{"embeddable":true,"href":"https:\/\/www.tvnovelas.com.br\/tvnews\/wp-json\/wp\/v2\/users\/1"}],"replies":[{"embeddable":true,"href":"https:\/\/www.tvnovelas.com.br\/tvnews\/wp-json\/wp\/v2\/comments?post=67531"}],"version-history":[{"count":1,"href":"https:\/\/www.tvnovelas.com.br\/tvnews\/wp-json\/wp\/v2\/posts\/67531\/revisions"}],"predecessor-version":[{"id":67534,"href":"https:\/\/www.tvnovelas.com.br\/tvnews\/wp-json\/wp\/v2\/posts\/67531\/revisions\/67534"}],"wp:featuredmedia":[{"embeddable":true,"href":"https:\/\/www.tvnovelas.com.br\/tvnews\/wp-json\/wp\/v2\/media\/67533"}],"wp:attachment":[{"href":"https:\/\/www.tvnovelas.com.br\/tvnews\/wp-json\/wp\/v2\/media?parent=67531"}],"wp:term":[{"taxonomy":"category","embeddable":true,"href":"https:\/\/www.tvnovelas.com.br\/tvnews\/wp-json\/wp\/v2\/categories?post=67531"},{"taxonomy":"post_tag","embeddable":true,"href":"https:\/\/www.tvnovelas.com.br\/tvnews\/wp-json\/wp\/v2\/tags?post=67531"}],"curies":[{"name":"wp","href":"https:\/\/api.w.org\/{rel}","templated":true}]}}