{"id":67553,"date":"2024-07-31T07:54:27","date_gmt":"2024-07-31T10:54:27","guid":{"rendered":"https:\/\/www.tvnovelas.com.br\/tvnews\/?p=67553"},"modified":"2024-07-31T07:54:27","modified_gmt":"2024-07-31T10:54:27","slug":"no-rancho-fundo-deodora-avisa-a-caridade-que-comprou-seu-restaurante","status":"publish","type":"post","link":"https:\/\/www.tvnovelas.com.br\/tvnews\/no-rancho-fundo-deodora-avisa-a-caridade-que-comprou-seu-restaurante\/","title":{"rendered":"No Rancho Fundo: Deodora avisa a Caridade que comprou seu restaurante"},"content":{"rendered":"<p><em>Em No Rancho Fundo: Deodora avisa<\/em><br \/>\n<figure id=\"attachment_67555\" aria-describedby=\"caption-attachment-67555\" style=\"width: 728px\" class=\"wp-caption alignnone\"><img data-recalc-dims=\"1\" decoding=\"async\" class=\"wp-image-67555 size-full\" title=\"(Foto: TV Globo\/No Rancho Fundo)\" src=\"https:\/\/i0.wp.com\/www.tvnovelas.com.br\/tvnews\/wp-content\/uploads\/2024\/07\/39849-1.jpg?resize=728%2C410&#038;ssl=1\" alt=\"Foto em No Rancho Fundo: Deodora avisa\" width=\"728\" height=\"410\" \/><figcaption id=\"caption-attachment-67555\" class=\"wp-caption-text\">No Rancho Fundo: Deodora avisa&#8230;<\/figcaption><\/figure><\/p>\n<p>Em No Rancho fundo, Caridade (Clara Moneke) est\u00e1 toda feliz com o seu restaurante funcionando a todo vapor e recebendo chuvas de elogios dos clientes. Mas, nos pr\u00f3ximos cap\u00edtulos de No Rancho Fundo, a menina vai receber um balde de \u00e1gua fria na sua alegria. Deodora (Debora Bloch) ir\u00e1 aparecer de surpresa e dir\u00e1 a Caridade que comprou a loja do seu restaurante e que ela ter\u00e1 que lhe pagar aluguel!<\/p>\n<p>Caridade estar\u00e1 no restaurante servindo seus amigos e fam\u00edlia, entre eles, Seu Tico Leonel (Alexandre Nero), quando Deodora entrar\u00e1 pelo recinto.<\/p>\n<p>\u201cVim falar mais sua pessoa, Caridade.\u201d<\/p>\n<p>\u201cO que essa mulher quer com Caridade?\u201d, questiona Seu Tico.<\/p>\n<p>As duas, ent\u00e3o, se afastar\u00e3o para o canto, e Deodora soltar\u00e1 a bomba, deixando Caridade de queixo ca\u00eddo&#8230;<\/p>\n<p>\u201cO que \u00e9 que a senhora est\u00e1 me dizendo?\u201d, questiona ela.<\/p>\n<p>\u201cEu agora sou a dona desse im\u00f3vel. Tu \u00e9 minha inquilina. E eu vou dobrar o aluguel\u201d, dispara Deodora.<\/p>\n<p>Caridade ficar\u00e1 sem entender, uma vez que \u00e9 s\u00f3cia de Artur (T\u00falio Starling), filho de Ariosto (Eduardo Moscovis), dono do pr\u00e9dio.<\/p>\n<p>\u201cEu comprei o pr\u00e9dio. Fiz um empr\u00e9stimo no banco de Ariosto, claro, que aquilo l\u00e1 n\u00e3o d\u00e1 ponto sem n\u00f3&#8230;\u201d, explica a vil\u00e3.<\/p>\n<p>Caridade ficar\u00e1 em choque, e Seu Tico Leonel tentar\u00e1 ajudar a sobrinha.<\/p>\n<p>\u201cO que \u00e9 que est\u00e1 acontecendo? Algum problema, Caridade?\u201d, pergunta ele.<\/p>\n<p>Deodora pode atrapalhar os neg\u00f3cios e o sonho de Caridade&#8230; Ser\u00e1?<br \/>\n<!--FIM--><\/p>\n<h3>Coment\u00e1rios em No Rancho Fundo<\/h3>\n<div class=\"fb-comments\" data-width=\"100%\" data-order-by=\"reverse_time\" data-numposts=\"5\"><\/div>\n<h2>\u00daltimas publica\u00e7\u00f5es de No Rancho Fundo: Deodora avisa&#8230;<\/h2>\n<p><div class=\"pt-cv-wrapper\"><div class=\"pt-cv-view pt-cv-grid pt-cv-colsys\" id=\"pt-cv-view-1b948bbbtz\"><div data-id=\"pt-cv-page-1\" class=\"pt-cv-page\" data-cvc=\"1\"><div class=\"col-md-12 col-sm-12 col-xs-12 pt-cv-content-item pt-cv-1-col\" ><div class='pt-cv-ifield'><h4 class=\"pt-cv-title\"><a href=\"https:\/\/www.tvnovelas.com.br\/tvnews\/no-rancho-fundo-deodora-atira-em-ariosto-por-magoa-e-ciume\/\" class=\"_blank\" target=\"_blank\" >No Rancho Fundo: Deodora atira em Ariosto por m\u00e1goa e ci\u00fame<\/a><\/h4><\/div><\/div>\n<div class=\"col-md-12 col-sm-12 col-xs-12 pt-cv-content-item pt-cv-1-col\" ><div class='pt-cv-ifield'><h4 class=\"pt-cv-title\"><a href=\"https:\/\/www.tvnovelas.com.br\/tvnews\/no-rancho-fundo-romera-desbloqueada-entre-os-podres-de-saba-bodo\/\" class=\"_blank\" target=\"_blank\" >No Rancho Fundo: Romera desbloqueada entre os podres de Sab\u00e1 Bod\u00f3<\/a><\/h4><\/div><\/div>\n<div class=\"col-md-12 col-sm-12 col-xs-12 pt-cv-content-item pt-cv-1-col\" ><div class='pt-cv-ifield'><h4 class=\"pt-cv-title\"><a href=\"https:\/\/www.tvnovelas.com.br\/tvnews\/no-rancho-fundo-jordao-e-preso-por-tentar-matar-primo-cicero\/\" class=\"_blank\" target=\"_blank\" >No Rancho Fundo: Jord\u00e3o \u00e9 preso por tentar matar Primo C\u00edcero<\/a><\/h4><\/div><\/div>\n<div class=\"col-md-12 col-sm-12 col-xs-12 pt-cv-content-item pt-cv-1-col\" ><div class='pt-cv-ifield'><h4 class=\"pt-cv-title\"><a href=\"https:\/\/www.tvnovelas.com.br\/tvnews\/no-rancho-fundo-artur-confronta-elias-e-descobre-quem-ele-e\/\" class=\"_blank\" target=\"_blank\" >No Rancho Fundo:  Artur confronta Elias e descobre quem ele \u00e9<\/a><\/h4><\/div><\/div>\n<div class=\"col-md-12 col-sm-12 col-xs-12 pt-cv-content-item pt-cv-1-col\" ><div class='pt-cv-ifield'><h4 class=\"pt-cv-title\"><a href=\"https:\/\/www.tvnovelas.com.br\/tvnews\/no-rancho-fundo-elias-espalha-dinamites-na-gruta-azul-a-mando-de-ariosto\/\" class=\"_blank\" target=\"_blank\" >No Rancho Fundo: Elias espalha dinamites na Gruta Azul a mando de Ariosto<\/a><\/h4><\/div><\/div><\/div><\/div><\/div><br \/>\n<a href=\"https:\/\/wp.me\/pfspD2-OO\" target=\"_blank\" rel=\"noopener\">No Rancho Fundo: De Lasca Fogo a Lap\u00e3o da Beirada<\/a><br \/>\n<a href=\"https:\/\/tvnovelas.com.br\/page2\/arquivo\/no-rancho-fundo-trilha-sonora\/\" target=\"_blank\" rel=\"noopener\">No Rancho Fundo: trilha sonora<\/a><br \/>\n<a href=\"https:\/\/pt.wikipedia.org\/wiki\/No_Rancho_Fundo\" target=\"_blank\" rel=\"noopener\">Sobre No Rancho Fundo, na Wikipedia<\/a><br \/>\n<a href=\"https:\/\/tvnovelas.com.br\/filmes\/filmes-na-tv-segunda\/\" target=\"_blank\" rel=\"noopener\">Confira a programa\u00e7\u00e3o de filmes na TV aberta<\/a><br \/>\n<a href=\"https:\/\/www.tvnovelas.com.br\/tvnews\/\">\u00daltimas not\u00edcias de todas as novelas<\/a><\/p>\n","protected":false},"excerpt":{"rendered":"<p>No Rancho Fundo: Deodora avisa&#8230; Caridade (Clara Moneke) est\u00e1 toda feliz com o seu restaurante funcionando a todo vapor e recebendo chuvas de elogios dos clientes&#8230;<\/p>\n","protected":false},"author":1,"featured_media":67555,"comment_status":"closed","ping_status":"closed","sticky":false,"template":"","format":"standard","meta":{"_uf_show_specific_survey":0,"_uf_disable_surveys":false,"_jetpack_memberships_contains_paid_content":false,"footnotes":"","_wp_rev_ctl_limit":""},"categories":[763],"tags":[5,764,64],"class_list":["post-67553","post","type-post","status-publish","format-standard","has-post-thumbnail","hentry","category-no-rancho-fundo","tag-globo","tag-no-rancho-fundo","tag-novelas","wpcat-763-id"],"aioseo_notices":[],"jetpack_featured_media_url":"https:\/\/i0.wp.com\/www.tvnovelas.com.br\/tvnews\/wp-content\/uploads\/2024\/07\/39849-1.jpg?fit=728%2C410&ssl=1","jetpack_shortlink":"https:\/\/wp.me\/pdP2BO-hzz","jetpack_sharing_enabled":true,"_links":{"self":[{"href":"https:\/\/www.tvnovelas.com.br\/tvnews\/wp-json\/wp\/v2\/posts\/67553","targetHints":{"allow":["GET"]}}],"collection":[{"href":"https:\/\/www.tvnovelas.com.br\/tvnews\/wp-json\/wp\/v2\/posts"}],"about":[{"href":"https:\/\/www.tvnovelas.com.br\/tvnews\/wp-json\/wp\/v2\/types\/post"}],"author":[{"embeddable":true,"href":"https:\/\/www.tvnovelas.com.br\/tvnews\/wp-json\/wp\/v2\/users\/1"}],"replies":[{"embeddable":true,"href":"https:\/\/www.tvnovelas.com.br\/tvnews\/wp-json\/wp\/v2\/comments?post=67553"}],"version-history":[{"count":1,"href":"https:\/\/www.tvnovelas.com.br\/tvnews\/wp-json\/wp\/v2\/posts\/67553\/revisions"}],"predecessor-version":[{"id":67556,"href":"https:\/\/www.tvnovelas.com.br\/tvnews\/wp-json\/wp\/v2\/posts\/67553\/revisions\/67556"}],"wp:featuredmedia":[{"embeddable":true,"href":"https:\/\/www.tvnovelas.com.br\/tvnews\/wp-json\/wp\/v2\/media\/67555"}],"wp:attachment":[{"href":"https:\/\/www.tvnovelas.com.br\/tvnews\/wp-json\/wp\/v2\/media?parent=67553"}],"wp:term":[{"taxonomy":"category","embeddable":true,"href":"https:\/\/www.tvnovelas.com.br\/tvnews\/wp-json\/wp\/v2\/categories?post=67553"},{"taxonomy":"post_tag","embeddable":true,"href":"https:\/\/www.tvnovelas.com.br\/tvnews\/wp-json\/wp\/v2\/tags?post=67553"}],"curies":[{"name":"wp","href":"https:\/\/api.w.org\/{rel}","templated":true}]}}