{"id":67727,"date":"2024-08-08T08:48:15","date_gmt":"2024-08-08T11:48:15","guid":{"rendered":"https:\/\/www.tvnovelas.com.br\/tvnews\/?p=67727"},"modified":"2024-08-08T08:48:15","modified_gmt":"2024-08-08T11:48:15","slug":"alma-gemea-cristina-cogita-casar-de-preto-no-civil","status":"publish","type":"post","link":"https:\/\/www.tvnovelas.com.br\/tvnews\/alma-gemea-cristina-cogita-casar-de-preto-no-civil\/","title":{"rendered":"Alma G\u00eamea: Cristina cogita casar de preto no civil"},"content":{"rendered":"<p><em>Em Alma G\u00eamea: Alma G\u00eamea: Cristina cogita casar&#8230;<\/em><\/p>\n<figure id=\"attachment_67728\" aria-describedby=\"caption-attachment-67728\" style=\"width: 728px\" class=\"wp-caption alignnone\"><img data-recalc-dims=\"1\" decoding=\"async\" class=\"wp-image-67728 size-full\" title=\"(Foto: Reprodu\u00e7\u00e3o\/TV Globo\/Alma G\u00eamea)\" src=\"https:\/\/i0.wp.com\/www.tvnovelas.com.br\/tvnews\/wp-content\/uploads\/2024\/08\/10207.jpg?resize=728%2C410&#038;ssl=1\" alt=\"Foto em Alma G\u00eamea: Cristina cogita casar\" width=\"728\" height=\"410\" \/><figcaption id=\"caption-attachment-67728\" class=\"wp-caption-text\">Alma G\u00eamea: Cristina cogita casar,,,<\/figcaption><\/figure>\n<p>No cap\u00edtulo de Alma G\u00eamea desta quinta, 8, Cristina experimenta o vestido da igreja e cogita se casar de preto no civil&#8230;. Confira o resumo do cap\u00edtulo de hoje:<br \/>\nOl\u00edvia aceita o pedido de Vit\u00f3rio. H\u00e9lio d\u00e1 um passeio com Sabina. Ermelino assume a causa de Raul, que pede ao novo advogado para tomar o restaurante de Ol\u00edvia. Ciro recebe alta e conta para Rafael que encontrou ind\u00edcios de que Cristina fez diversos pagamentos a Guto. O investigador aconselha Rafael a n\u00e3o se casar com ela. Eduardo diz a K\u00e1tia que Ritinha est\u00e1 com pneumonia e receita medicamentos. Cristina experimenta o vestido da igreja e cogita se casar de preto no civil. Raul d\u00e1 um emprego a cogita se casar de pretoTerezinha, mas em troca pede que lhe conte tudo que acontece na vila. Rafael encontra Serena \u00e0 espera de Agnes. Eles quase se beijam, mas ela diz que n\u00e3o quer se magoar mais. Ol\u00edvia \u00e9 simp\u00e1tica com todos os funcion\u00e1rios e eles estranham. Vit\u00f3rio implica que \u00e9 por causa do pedido de casamento. Serena fala para Agnes que j\u00e1 sabe de tudo. Rafael comunica a Cristina que ir\u00e1 com ela fazer o exame de gravidez em S\u00e3o Paulo. Serena fala para Agnes que sabe do namoro dela com um homem que se interessou por Luna. Agnes admite que se sente culpada pelo sofrimento que Luna passou e Serena garante que Luna a perdoou. Agnes chama Serena de filha. Cristina conta para D\u00e9bora que n\u00e3o est\u00e1 gr\u00e1vida de Rafael.<\/p>\n<div class=\"fb-comments\" data-width=\"100%\" data-order-by=\"reverse_time\" data-numposts=\"5\"><\/div>\n<p><strong style=\"font-size: 120%;\">\u00daltimas not\u00edcias deste canal:<\/strong>\r\n<div class=\"pt-cv-wrapper\"><div class=\"pt-cv-view pt-cv-grid pt-cv-colsys\" id=\"pt-cv-view-90991035b3\"><div data-id=\"pt-cv-page-1\" class=\"pt-cv-page\" data-cvc=\"1\"><div class=\"col-md-12 col-sm-12 col-xs-12 pt-cv-content-item pt-cv-1-col\" ><div class='pt-cv-ifield'><h4 class=\"pt-cv-title\"><a href=\"https:\/\/www.tvnovelas.com.br\/tvnews\/coracao-de-mae-atilla-confronta-hasan-e-exige-o-divorcio-de-lale\/\" class=\"_self\" target=\"_self\" >Cora\u00e7\u00e3o de M\u00e3e: Atilla confronta Hasan e exige o div\u00f3rcio de Lale<\/a><\/h4><\/div><\/div>\n<div class=\"col-md-12 col-sm-12 col-xs-12 pt-cv-content-item pt-cv-1-col\" ><div class='pt-cv-ifield'><h4 class=\"pt-cv-title\"><a href=\"https:\/\/www.tvnovelas.com.br\/tvnews\/guerra-das-rosas-gulfem-coloca-gulru-contra-a-parede\/\" class=\"_self\" target=\"_self\" >Guerra das Rosas: Gulfem coloca Gulru contra a parede<\/a><\/h4><\/div><\/div>\n<div class=\"col-md-12 col-sm-12 col-xs-12 pt-cv-content-item pt-cv-1-col\" ><div class='pt-cv-ifield'><h4 class=\"pt-cv-title\"><a href=\"https:\/\/www.tvnovelas.com.br\/tvnews\/coracao-de-mae-atilla-diz-a-lale-que-quer-o-divorcio\/\" class=\"_self\" target=\"_self\" >Cora\u00e7\u00e3o de M\u00e3e: Atilla diz a Lale que quer o div\u00f3rcio<\/a><\/h4><\/div><\/div>\n<div class=\"col-md-12 col-sm-12 col-xs-12 pt-cv-content-item pt-cv-1-col\" ><div class='pt-cv-ifield'><h4 class=\"pt-cv-title\"><a href=\"https:\/\/www.tvnovelas.com.br\/tvnews\/a-nobreza-do-amor-mirinho-garante-noivado-com-virginia-para-atrair-sogro-a-negocio\/\" class=\"_self\" target=\"_self\" >A Nobreza do Amor: Mirinho garante noivado com Virg\u00ednia para atrair sogro a neg\u00f3cio<\/a><\/h4><\/div><\/div>\n<div class=\"col-md-12 col-sm-12 col-xs-12 pt-cv-content-item pt-cv-1-col\" ><div class='pt-cv-ifield'><h4 class=\"pt-cv-title\"><a href=\"https:\/\/www.tvnovelas.com.br\/tvnews\/tres-gracas-joaquim-propoe-fuga-a-arminda-com-o-dinheiro-das-tres-gracas\/\" class=\"_self\" target=\"_self\" >Tr\u00eas Gra\u00e7as:  Joaquim prop\u00f5e fuga a Arminda com o dinheiro das Tr\u00eas Gra\u00e7as<\/a><\/h4><\/div><\/div>\n<div class=\"col-md-12 col-sm-12 col-xs-12 pt-cv-content-item pt-cv-1-col\" ><div class='pt-cv-ifield'><h4 class=\"pt-cv-title\"><a href=\"https:\/\/www.tvnovelas.com.br\/tvnews\/coracao-de-mae-atilla-decide-abrir-o-jogo-com-karsu\/\" class=\"_self\" target=\"_self\" >Cora\u00e7\u00e3o de M\u00e3e: Atilla decide abrir o jogo com Karsu<\/a><\/h4><\/div><\/div>\n<div class=\"col-md-12 col-sm-12 col-xs-12 pt-cv-content-item pt-cv-1-col\" ><div class='pt-cv-ifield'><h4 class=\"pt-cv-title\"><a href=\"https:\/\/www.tvnovelas.com.br\/tvnews\/coracao-de-mae-adnan-e-preso-apos-denuncia-de-irmak\/\" class=\"_self\" target=\"_self\" >Em Cora\u00e7\u00e3o de M\u00e3e: Adnan \u00e9 preso ap\u00f3s denuncia de Irmak<\/a><\/h4><\/div><\/div>\n<div class=\"col-md-12 col-sm-12 col-xs-12 pt-cv-content-item pt-cv-1-col\" ><div class='pt-cv-ifield'><h4 class=\"pt-cv-title\"><a href=\"https:\/\/www.tvnovelas.com.br\/tvnews\/coracao-de-mae-atilla-forca-karsu-a-ouvir-suas-explicacoes\/\" class=\"_self\" target=\"_self\" >Cora\u00e7\u00e3o de M\u00e3e: Atilla for\u00e7a Karsu a ouvir suas explica\u00e7\u00f5es<\/a><\/h4><\/div><\/div>\n<div class=\"col-md-12 col-sm-12 col-xs-12 pt-cv-content-item pt-cv-1-col\" ><div class='pt-cv-ifield'><h4 class=\"pt-cv-title\"><a href=\"https:\/\/www.tvnovelas.com.br\/tvnews\/coracao-acelerado-mulher-choca-janete-ao-se-apresentar-como-amante-do-palhares\/\" class=\"_self\" target=\"_self\" >Cora\u00e7\u00e3o Acelerado: Mulher choca Janete ao se apresentar como amante do Palhares<\/a><\/h4><\/div><\/div>\n<div class=\"col-md-12 col-sm-12 col-xs-12 pt-cv-content-item pt-cv-1-col\" ><div class='pt-cv-ifield'><h4 class=\"pt-cv-title\"><a href=\"https:\/\/www.tvnovelas.com.br\/tvnews\/a-nobreza-do-amor-jendal-dobra-a-recompensa-por-alika\/\" class=\"_self\" target=\"_self\" >A Nobreza do Amor: Jendal dobra a recompensa por Alika<\/a><\/h4><\/div><\/div><\/div><\/div><\/div>\r\n<a href=\"https:\/\/www.tvnovelas.com.br\/novelas\/\"><strong>Confira os resumos da semana de todas novelas<\/strong><\/a><\/br>\r\n<h3>Confira tamb\u00e9m<\/h3>\r\n<a href=\"https:\/\/www.tvnovelas.com.br\/filmes\/\" target=\"_blank\" rel=\"noopener noreferrer\"><strong>Programa\u00e7\u00e3o de filmes na TV aberta<\/strong><\/a><\/br>\r\n<a href=\"https:\/\/caetenews.com.br\/semana\/filmes-da-globo-na-sessao-da-tarde-desta-semana\/\" target=\"_blank\" rel=\"noopener\"><strong>Confira os filmes da semana na Sess\u00e3o da Tarde<\/strong><\/a><\/br>\r\n<a href=\"https:\/\/www.tvnovelas.com.br\/novelas\/\" target=\"_blank\" rel=\"noopener noreferrer\"><strong>Resumos de novelas<\/strong><\/a><\/br>\r\n<a href=\"https:\/\/tvnovelas.com.br\/news\/mundo\/\" rel=\"noopener\" target=\"_blank\"><strong>News: Turismo, Cultura, Lazer e Entretenimento<\/strong><\/a><br \/>\n<a href=\"https:\/\/wp.me\/pfspD2-5Y\">Alma G\u00eamea: Um amor eterno<\/a><br \/>\n<a href=\"https:\/\/tvnovelas.com.br\/page2\/arquivo\/alma-gemea-quem-e-quem\/\">Alma G\u00eamea: Principais personagens<\/a><br \/>\n<a href=\"https:\/\/pt.wikipedia.org\/wiki\/Alma_G\u00eamea\" target=\"_blank\" rel=\"noopener\">Sobre Alma G\u00eamea na Wikipedia<\/a><br \/>\n<a href=\"https:\/\/www.facebook.com\/tevenovelas\/\">\u00daltimas not\u00edcias do TV Novelas no Facebook<\/a><br \/>\n<a href=\"https:\/\/tvnovelas.com.br\/novelas\/\">Resumos de todas as novelas<\/a><\/p>\n","protected":false},"excerpt":{"rendered":"<p>Alma G\u00eamea: Cristina cogita casar&#8230; No cap\u00edtulo de Alma G\u00eamea desta quinta, 8, Cristina experimenta o vestido da igreja e cogita se casar de preto no civil&#8230;.<\/p>\n","protected":false},"author":1,"featured_media":67728,"comment_status":"closed","ping_status":"closed","sticky":false,"template":"","format":"standard","meta":{"_uf_show_specific_survey":0,"_uf_disable_surveys":false,"_jetpack_memberships_contains_paid_content":false,"footnotes":"","_wp_rev_ctl_limit":""},"categories":[236],"tags":[768,5,64],"class_list":["post-67727","post","type-post","status-publish","format-standard","has-post-thumbnail","hentry","category-globo","tag-alma-gemea","tag-globo","tag-novelas","wpcat-236-id"],"aioseo_notices":[],"jetpack_featured_media_url":"https:\/\/i0.wp.com\/www.tvnovelas.com.br\/tvnews\/wp-content\/uploads\/2024\/08\/10207.jpg?fit=728%2C410&ssl=1","jetpack_shortlink":"https:\/\/wp.me\/pdP2BO-hCn","jetpack_sharing_enabled":true,"_links":{"self":[{"href":"https:\/\/www.tvnovelas.com.br\/tvnews\/wp-json\/wp\/v2\/posts\/67727","targetHints":{"allow":["GET"]}}],"collection":[{"href":"https:\/\/www.tvnovelas.com.br\/tvnews\/wp-json\/wp\/v2\/posts"}],"about":[{"href":"https:\/\/www.tvnovelas.com.br\/tvnews\/wp-json\/wp\/v2\/types\/post"}],"author":[{"embeddable":true,"href":"https:\/\/www.tvnovelas.com.br\/tvnews\/wp-json\/wp\/v2\/users\/1"}],"replies":[{"embeddable":true,"href":"https:\/\/www.tvnovelas.com.br\/tvnews\/wp-json\/wp\/v2\/comments?post=67727"}],"version-history":[{"count":1,"href":"https:\/\/www.tvnovelas.com.br\/tvnews\/wp-json\/wp\/v2\/posts\/67727\/revisions"}],"predecessor-version":[{"id":67729,"href":"https:\/\/www.tvnovelas.com.br\/tvnews\/wp-json\/wp\/v2\/posts\/67727\/revisions\/67729"}],"wp:featuredmedia":[{"embeddable":true,"href":"https:\/\/www.tvnovelas.com.br\/tvnews\/wp-json\/wp\/v2\/media\/67728"}],"wp:attachment":[{"href":"https:\/\/www.tvnovelas.com.br\/tvnews\/wp-json\/wp\/v2\/media?parent=67727"}],"wp:term":[{"taxonomy":"category","embeddable":true,"href":"https:\/\/www.tvnovelas.com.br\/tvnews\/wp-json\/wp\/v2\/categories?post=67727"},{"taxonomy":"post_tag","embeddable":true,"href":"https:\/\/www.tvnovelas.com.br\/tvnews\/wp-json\/wp\/v2\/tags?post=67727"}],"curies":[{"name":"wp","href":"https:\/\/api.w.org\/{rel}","templated":true}]}}