{"id":67757,"date":"2024-08-09T10:36:39","date_gmt":"2024-08-09T13:36:39","guid":{"rendered":"https:\/\/www.tvnovelas.com.br\/tvnews\/?p=67757"},"modified":"2024-08-09T10:36:39","modified_gmt":"2024-08-09T13:36:39","slug":"no-rancho-fundo-bandidos-invadem-e-roubam-na-gruta-dos-leonel","status":"publish","type":"post","link":"https:\/\/www.tvnovelas.com.br\/tvnews\/no-rancho-fundo-bandidos-invadem-e-roubam-na-gruta-dos-leonel\/","title":{"rendered":"No Rancho Fundo: Bandidos invadem e roubam na gruta dos Leonel"},"content":{"rendered":"<p><em>Em No Rancho Fundo: Bandidos invadem&#8230;<\/em><\/p>\n<figure id=\"attachment_67758\" aria-describedby=\"caption-attachment-67758\" style=\"width: 728px\" class=\"wp-caption alignnone\"><img data-recalc-dims=\"1\" decoding=\"async\" class=\"wp-image-67758 size-full\" title=\"(Foto: TV Globo\/No Rancho Fundo)\" src=\"https:\/\/i0.wp.com\/www.tvnovelas.com.br\/tvnews\/wp-content\/uploads\/2024\/08\/3990.jpg?resize=728%2C410&#038;ssl=1\" alt=\"Foto em Rancho Fundo: Bandidos invadem...\" width=\"728\" height=\"410\" \/><figcaption id=\"caption-attachment-67758\" class=\"wp-caption-text\">Rancho Fundo: Bandidos invadem&#8230;<\/figcaption><\/figure>\n<p>Em No Rancho Fundo, uma not\u00edcia vai abalar a paz da fam\u00edlia Leonel no rancho fundo. Primo C\u00edcero (Haroldo Guimar\u00e3es) vai chegar com dois homens em sua caminhonete ao local. Ser\u00e3o bandidos que invadiram a Gruta Azul e roubaram ouro dos Leonel.<\/p>\n<p>\u201cGarimpeiro ilegal, Quinota. Bandido, na Gruta Azul!\u201d, diz ele a Quinota (Larissa Bocchino).<\/p>\n<p>\u201cEram s\u00f3 esses dois?\u201d, pergunta ela.<\/p>\n<p>\u201cMeus homens pegaram eles nas minhas terras com isso\u201d, conta ele, mostrando pequenas pepitas de ouro:<\/p>\n<p>\u201cEsse ouro s\u00f3 pode ter vindo da Gruta Azul\u201d, conclui Primo C\u00edcero.<\/p>\n<p>Primo C\u00edcero comunica Quinota sobre a invas\u00e3o \u00e0 Gruta Azul em No Rancho Fundo \u2014 Foto: Globo<\/p>\n<p>Depois, com os homens amarrados, os Leonel v\u00e3o decidir o que fazer com eles. Z\u00e9 Beltino (Igor Fortunato) vai querer acabar com a vida dos bandidos, mas Quinota, claro, n\u00e3o vai deixar.<\/p>\n<p>\u201cMelhor matar logo\u201d, afirma Z\u00e9 Beltino.<\/p>\n<p>\u201cNingu\u00e9m vai matar ningu\u00e9m aqui\u201d, garante Quinota.<\/p>\n<p>Quinota, Z\u00e9 Beltino e Artur (T\u00falio Starling) levar\u00e3o os bandidos \u00e0 delegacia.<\/p>\n<p>\u201cOs meliantes seguir\u00e3o para o processo de corpo de delito&#8230; Na capital do estado\u201d, afirma Floro Borromeu (Leandro Daniel).<\/p>\n<p>\u201cS\u00f3 isso?\u201d, questiona Quinota.<\/p>\n<p>Em seguida, Quinota contar\u00e1 para Zefa (Andrea Beltr\u00e3o) e Tico Leonel (Alexandre Nero) sobre a tentativa de invas\u00e3o, e eles se preocupar\u00e3o com a seguran\u00e7a da Gruta Azul.<\/p>\n<p>\u201cA gente vai precisar de gente para vigiar a entrada da gruta, delegado\u201d, diz Seu Tico.<\/p>\n<p>\u201cN\u00e3o tem efetivo. O prefeito cortou todo o patrulhamento. A guarda civil de Lap\u00e3o da Beirada \u00e9 um batalh\u00e3o de um homem s\u00f3!\u201d, afirma o delegado.<\/p>\n<p>E, ent\u00e3o, Artur ter\u00e1 uma ideia. Ele e Quinota ir\u00e3o at\u00e9 a casa de Sab\u00e1 Bod\u00f3 para incumbir o pr\u00f3prio prefeito da miss\u00e3o de vigiar a Gruta Azul para impedir novas invas\u00f5es.<\/p>\n<p>\u201cPrefeito, o senhor desmanchou o efetivo da guarda civil de Cosme e do Baixo do Serid\u00f3 e o de Lap\u00e3o da Beirada. Enquanto isso, a Gruta Azul, de propriedade da fam\u00edlia de minha mulher, foi invadida\u201d, afirma Artur.<\/p>\n<p>\u201cMas o que \u00e9 que eu tenho com isso?!\u201d, questiona Sab\u00e1 Bod\u00f3.<\/p>\n<p>\u201cO senhor vai ficar de guarda l\u00e1. A noite toda. At\u00e9 resolver essa quest\u00e3o\u201d, afirma Quinota.<\/p>\n<p>Eles, ent\u00e3o, colocar\u00e3o uma espingarda nas m\u00e3os do prefeito, que reagir\u00e1 assustado. Outra quest\u00e3o \u00e9 saber quem mandou os ladr\u00f5es \u00e0 gruta dos Leonel&#8230;<br \/>\n<!--FIM--><\/p>\n<h3>Coment\u00e1rios em No Rancho Fundo: Bandidos invadem&#8230;<\/h3>\n<div class=\"fb-comments\" data-width=\"100%\" data-order-by=\"reverse_time\" data-numposts=\"5\"><\/div>\n<h2>\u00daltimas publica\u00e7\u00f5es de No Rancho Fundo<\/h2>\n<p><div class=\"pt-cv-wrapper\"><div class=\"pt-cv-view pt-cv-grid pt-cv-colsys\" id=\"pt-cv-view-1b948bbbtz\"><div data-id=\"pt-cv-page-1\" class=\"pt-cv-page\" data-cvc=\"1\"><div class=\"col-md-12 col-sm-12 col-xs-12 pt-cv-content-item pt-cv-1-col\" ><div class='pt-cv-ifield'><h4 class=\"pt-cv-title\"><a href=\"https:\/\/www.tvnovelas.com.br\/tvnews\/no-rancho-fundo-deodora-atira-em-ariosto-por-magoa-e-ciume\/\" class=\"_blank\" target=\"_blank\" >No Rancho Fundo: Deodora atira em Ariosto por m\u00e1goa e ci\u00fame<\/a><\/h4><\/div><\/div>\n<div class=\"col-md-12 col-sm-12 col-xs-12 pt-cv-content-item pt-cv-1-col\" ><div class='pt-cv-ifield'><h4 class=\"pt-cv-title\"><a href=\"https:\/\/www.tvnovelas.com.br\/tvnews\/no-rancho-fundo-romera-desbloqueada-entre-os-podres-de-saba-bodo\/\" class=\"_blank\" target=\"_blank\" >No Rancho Fundo: Romera desbloqueada entre os podres de Sab\u00e1 Bod\u00f3<\/a><\/h4><\/div><\/div>\n<div class=\"col-md-12 col-sm-12 col-xs-12 pt-cv-content-item pt-cv-1-col\" ><div class='pt-cv-ifield'><h4 class=\"pt-cv-title\"><a href=\"https:\/\/www.tvnovelas.com.br\/tvnews\/no-rancho-fundo-jordao-e-preso-por-tentar-matar-primo-cicero\/\" class=\"_blank\" target=\"_blank\" >No Rancho Fundo: Jord\u00e3o \u00e9 preso por tentar matar Primo C\u00edcero<\/a><\/h4><\/div><\/div>\n<div class=\"col-md-12 col-sm-12 col-xs-12 pt-cv-content-item pt-cv-1-col\" ><div class='pt-cv-ifield'><h4 class=\"pt-cv-title\"><a href=\"https:\/\/www.tvnovelas.com.br\/tvnews\/no-rancho-fundo-artur-confronta-elias-e-descobre-quem-ele-e\/\" class=\"_blank\" target=\"_blank\" >No Rancho Fundo:  Artur confronta Elias e descobre quem ele \u00e9<\/a><\/h4><\/div><\/div>\n<div class=\"col-md-12 col-sm-12 col-xs-12 pt-cv-content-item pt-cv-1-col\" ><div class='pt-cv-ifield'><h4 class=\"pt-cv-title\"><a href=\"https:\/\/www.tvnovelas.com.br\/tvnews\/no-rancho-fundo-elias-espalha-dinamites-na-gruta-azul-a-mando-de-ariosto\/\" class=\"_blank\" target=\"_blank\" >No Rancho Fundo: Elias espalha dinamites na Gruta Azul a mando de Ariosto<\/a><\/h4><\/div><\/div><\/div><\/div><\/div><br \/>\n<a href=\"https:\/\/wp.me\/pfspD2-OO\" target=\"_blank\" rel=\"noopener\">No Rancho Fundo: De Lasca Fogo a Lap\u00e3o da Beirada<\/a><br \/>\n<a href=\"https:\/\/tvnovelas.com.br\/page2\/arquivo\/no-rancho-fundo-trilha-sonora\/\" target=\"_blank\" rel=\"noopener\">No Rancho Fundo: trilha sonora<\/a><br \/>\n<a href=\"https:\/\/pt.wikipedia.org\/wiki\/No_Rancho_Fundo\" target=\"_blank\" rel=\"noopener\">Sobre No Rancho Fundo, na Wikipedia<\/a><br \/>\n<a href=\"https:\/\/tvnovelas.com.br\/filmes\/filmes-na-tv-segunda\/\" target=\"_blank\" rel=\"noopener\">Confira a programa\u00e7\u00e3o de filmes na TV aberta<\/a><br \/>\n<a href=\"https:\/\/www.tvnovelas.com.br\/tvnews\/\">\u00daltimas not\u00edcias de todas as novelas<\/a><\/p>\n","protected":false},"excerpt":{"rendered":"<p>No Rancho Fundo: Bandidos invadem&#8230; Uma not\u00edcia vai abalar a paz da fam\u00edlia Leonel no rancho fundo. Primo C\u00edcero (Haroldo Guimar\u00e3es) vai chegar com dois homens&#8230;<\/p>\n","protected":false},"author":1,"featured_media":67758,"comment_status":"closed","ping_status":"closed","sticky":false,"template":"","format":"standard","meta":{"_uf_show_specific_survey":0,"_uf_disable_surveys":false,"_jetpack_memberships_contains_paid_content":false,"footnotes":"","_wp_rev_ctl_limit":""},"categories":[763],"tags":[5,764,64],"class_list":["post-67757","post","type-post","status-publish","format-standard","has-post-thumbnail","hentry","category-no-rancho-fundo","tag-globo","tag-no-rancho-fundo","tag-novelas","wpcat-763-id"],"aioseo_notices":[],"jetpack_featured_media_url":"https:\/\/i0.wp.com\/www.tvnovelas.com.br\/tvnews\/wp-content\/uploads\/2024\/08\/3990.jpg?fit=728%2C410&ssl=1","jetpack_shortlink":"https:\/\/wp.me\/pdP2BO-hCR","jetpack_sharing_enabled":true,"_links":{"self":[{"href":"https:\/\/www.tvnovelas.com.br\/tvnews\/wp-json\/wp\/v2\/posts\/67757","targetHints":{"allow":["GET"]}}],"collection":[{"href":"https:\/\/www.tvnovelas.com.br\/tvnews\/wp-json\/wp\/v2\/posts"}],"about":[{"href":"https:\/\/www.tvnovelas.com.br\/tvnews\/wp-json\/wp\/v2\/types\/post"}],"author":[{"embeddable":true,"href":"https:\/\/www.tvnovelas.com.br\/tvnews\/wp-json\/wp\/v2\/users\/1"}],"replies":[{"embeddable":true,"href":"https:\/\/www.tvnovelas.com.br\/tvnews\/wp-json\/wp\/v2\/comments?post=67757"}],"version-history":[{"count":1,"href":"https:\/\/www.tvnovelas.com.br\/tvnews\/wp-json\/wp\/v2\/posts\/67757\/revisions"}],"predecessor-version":[{"id":67759,"href":"https:\/\/www.tvnovelas.com.br\/tvnews\/wp-json\/wp\/v2\/posts\/67757\/revisions\/67759"}],"wp:featuredmedia":[{"embeddable":true,"href":"https:\/\/www.tvnovelas.com.br\/tvnews\/wp-json\/wp\/v2\/media\/67758"}],"wp:attachment":[{"href":"https:\/\/www.tvnovelas.com.br\/tvnews\/wp-json\/wp\/v2\/media?parent=67757"}],"wp:term":[{"taxonomy":"category","embeddable":true,"href":"https:\/\/www.tvnovelas.com.br\/tvnews\/wp-json\/wp\/v2\/categories?post=67757"},{"taxonomy":"post_tag","embeddable":true,"href":"https:\/\/www.tvnovelas.com.br\/tvnews\/wp-json\/wp\/v2\/tags?post=67757"}],"curies":[{"name":"wp","href":"https:\/\/api.w.org\/{rel}","templated":true}]}}