{"id":67825,"date":"2024-08-13T10:34:52","date_gmt":"2024-08-13T13:34:52","guid":{"rendered":"https:\/\/www.tvnovelas.com.br\/tvnews\/?p=67825"},"modified":"2024-08-13T10:34:52","modified_gmt":"2024-08-13T13:34:52","slug":"no-rancho-fundo-blandina-muda-planos-e-decide-ficar-com-artur","status":"publish","type":"post","link":"https:\/\/www.tvnovelas.com.br\/tvnews\/no-rancho-fundo-blandina-muda-planos-e-decide-ficar-com-artur\/","title":{"rendered":"No Rancho Fundo: Blandina muda planos e decide ficar com Artur"},"content":{"rendered":"<p><em>Em No Rancho Fundo: Blandina muda planos&#8230;<\/em><br \/>\n<figure id=\"attachment_67826\" aria-describedby=\"caption-attachment-67826\" style=\"width: 728px\" class=\"wp-caption alignnone\"><img data-recalc-dims=\"1\" decoding=\"async\" class=\"wp-image-67826 size-full\" title=\"(Foto: TV Globo\/No Rancho Fundo)\" src=\"https:\/\/i0.wp.com\/www.tvnovelas.com.br\/tvnews\/wp-content\/uploads\/2024\/08\/39920.jpg?resize=728%2C410&#038;ssl=1\" alt=\"Foto em No Rancho Fundo: Blandina muda planos...\" width=\"728\" height=\"410\" \/><figcaption id=\"caption-attachment-67826\" class=\"wp-caption-text\">No Rancho Fundo: Blandina muda planos&#8230;<\/figcaption><\/figure><\/p>\n<p>Em No Rancho Fundo, Blandina (Luisa Arraes) decide mudar seus planos. A vigarista vai colocar um fim em seu casamento com Z\u00e9 Beltino (Igor Fortunato). Depois de muito tentar e n\u00e3o conseguir consumar a uni\u00e3o para engravidar de um herdeiro dos Leonel, ela, que j\u00e1 tem parte da Gruta Azul dada pelo marido, entender\u00e1 que n\u00e3o precisa mais dele. Assim, Blandina come\u00e7ar\u00e1 a se aproximar de Artur (T\u00falio Starling).<\/p>\n<p>Blandina ser\u00e1 flagrada almo\u00e7ando no Hotel S\u00e3o Petersburgo com Artur por Marcelo Gouveia (Jos\u00e9 Loreto). No almo\u00e7o, ela dir\u00e1 a ele que se casar com Z\u00e9 Beltino foi um erro. Marcelo Gouveia ouvir\u00e1 tudo e estranhar\u00e1 a cena. Depois, ele ir\u00e1 querer saber o que a comparsa pretende com seu amigo.<\/p>\n<p>\u201cO que tu estava fazendo almo\u00e7ando com Artur?\u201d, questiona Marcelo.<\/p>\n<p>\u201cEu sei o que estou fazendo, peste\u201d, responde ela.<\/p>\n<p>\u201cSabe l\u00e1! Estava se jogando pra cima de Artur, que ainda por cima \u00e9 teu cunhado!\u201d, observa Marcelo.<\/p>\n<p>E, ent\u00e3o, Blandina dir\u00e1 a ele que \u00e9 o momento de os dois vigaristas mudarem de plano.<\/p>\n<p>\u201cEst\u00e1 na hora de a gente mudar de estrat\u00e9gia, Marcelo Gouveia. Eu mais Artur. E tu mais Quinota\u201d, afirma ela.<\/p>\n<p>\u201cMas tu j\u00e1 se casou com o matuto milion\u00e1rio! O que tu quer mais, Blandina?\u201d, pergunta Marcelo, sem entender as inten\u00e7\u00f5es dela.<\/p>\n<p>\u201cEu quero tudo. E mais um pouco! Esse casamento n\u00e3o vai durar, Marcelo Gouveia. Z\u00e9 Beltino \u00e9 um frouxo. E tu mais eu&#8230; a gente precisa recalcular a nossa rota\u201d, responde ela.<\/p>\n<p>Blandina, ent\u00e3o, explicar\u00e1 a Marcelo que ir\u00e1 ajud\u00e1-lo a reconquistar Quinota (Larissa Bocchino) para que ela possa ficar com Artur&#8230; Depois, ela beijar\u00e1 o comparsa, e os dois cair\u00e3o na cama.<br \/>\n<!--FIM--><\/p>\n<h3>Coment\u00e1rios em No Rancho Fundo: Blandina muda planos&#8230;<\/h3>\n<div class=\"fb-comments\" data-width=\"100%\" data-order-by=\"reverse_time\" data-numposts=\"5\"><\/div>\n<h2>\u00daltimas publica\u00e7\u00f5es de No Rancho Fundo<\/h2>\n<p><div class=\"pt-cv-wrapper\"><div class=\"pt-cv-view pt-cv-grid pt-cv-colsys\" id=\"pt-cv-view-1b948bbbtz\"><div data-id=\"pt-cv-page-1\" class=\"pt-cv-page\" data-cvc=\"1\"><div class=\"col-md-12 col-sm-12 col-xs-12 pt-cv-content-item pt-cv-1-col\" ><div class='pt-cv-ifield'><h4 class=\"pt-cv-title\"><a href=\"https:\/\/www.tvnovelas.com.br\/tvnews\/no-rancho-fundo-deodora-atira-em-ariosto-por-magoa-e-ciume\/\" class=\"_blank\" target=\"_blank\" >No Rancho Fundo: Deodora atira em Ariosto por m\u00e1goa e ci\u00fame<\/a><\/h4><\/div><\/div>\n<div class=\"col-md-12 col-sm-12 col-xs-12 pt-cv-content-item pt-cv-1-col\" ><div class='pt-cv-ifield'><h4 class=\"pt-cv-title\"><a href=\"https:\/\/www.tvnovelas.com.br\/tvnews\/no-rancho-fundo-romera-desbloqueada-entre-os-podres-de-saba-bodo\/\" class=\"_blank\" target=\"_blank\" >No Rancho Fundo: Romera desbloqueada entre os podres de Sab\u00e1 Bod\u00f3<\/a><\/h4><\/div><\/div>\n<div class=\"col-md-12 col-sm-12 col-xs-12 pt-cv-content-item pt-cv-1-col\" ><div class='pt-cv-ifield'><h4 class=\"pt-cv-title\"><a href=\"https:\/\/www.tvnovelas.com.br\/tvnews\/no-rancho-fundo-jordao-e-preso-por-tentar-matar-primo-cicero\/\" class=\"_blank\" target=\"_blank\" >No Rancho Fundo: Jord\u00e3o \u00e9 preso por tentar matar Primo C\u00edcero<\/a><\/h4><\/div><\/div>\n<div class=\"col-md-12 col-sm-12 col-xs-12 pt-cv-content-item pt-cv-1-col\" ><div class='pt-cv-ifield'><h4 class=\"pt-cv-title\"><a href=\"https:\/\/www.tvnovelas.com.br\/tvnews\/no-rancho-fundo-artur-confronta-elias-e-descobre-quem-ele-e\/\" class=\"_blank\" target=\"_blank\" >No Rancho Fundo:  Artur confronta Elias e descobre quem ele \u00e9<\/a><\/h4><\/div><\/div>\n<div class=\"col-md-12 col-sm-12 col-xs-12 pt-cv-content-item pt-cv-1-col\" ><div class='pt-cv-ifield'><h4 class=\"pt-cv-title\"><a href=\"https:\/\/www.tvnovelas.com.br\/tvnews\/no-rancho-fundo-elias-espalha-dinamites-na-gruta-azul-a-mando-de-ariosto\/\" class=\"_blank\" target=\"_blank\" >No Rancho Fundo: Elias espalha dinamites na Gruta Azul a mando de Ariosto<\/a><\/h4><\/div><\/div><\/div><\/div><\/div><br \/>\n<a href=\"https:\/\/wp.me\/pfspD2-OO\" target=\"_blank\" rel=\"noopener\">No Rancho Fundo: De Lasca Fogo a Lap\u00e3o da Beirada<\/a><br \/>\n<a href=\"https:\/\/tvnovelas.com.br\/page2\/arquivo\/no-rancho-fundo-trilha-sonora\/\" target=\"_blank\" rel=\"noopener\">No Rancho Fundo: trilha sonora<\/a><br \/>\n<a href=\"https:\/\/pt.wikipedia.org\/wiki\/No_Rancho_Fundo\" target=\"_blank\" rel=\"noopener\">Sobre No Rancho Fundo, na Wikipedia<\/a><br \/>\n<a href=\"https:\/\/tvnovelas.com.br\/filmes\/filmes-na-tv-segunda\/\" target=\"_blank\" rel=\"noopener\">Confira a programa\u00e7\u00e3o de filmes na TV aberta<\/a><br \/>\n<a href=\"https:\/\/www.tvnovelas.com.br\/tvnews\/\">\u00daltimas not\u00edcias de todas as novelas<\/a><\/p>\n","protected":false},"excerpt":{"rendered":"<p>No Rancho Fundo: Blandina muda planos&#8230; Blandina (Luisa Arraes) decide mudar seus planos. A vigarista vai colocar um fim em seu casamento com Z\u00e9 Beltino&#8230;<\/p>\n","protected":false},"author":1,"featured_media":67826,"comment_status":"closed","ping_status":"closed","sticky":false,"template":"","format":"standard","meta":{"_uf_show_specific_survey":0,"_uf_disable_surveys":false,"_jetpack_memberships_contains_paid_content":false,"footnotes":"","_wp_rev_ctl_limit":""},"categories":[763],"tags":[5,764,64],"class_list":["post-67825","post","type-post","status-publish","format-standard","has-post-thumbnail","hentry","category-no-rancho-fundo","tag-globo","tag-no-rancho-fundo","tag-novelas","wpcat-763-id"],"aioseo_notices":[],"jetpack_featured_media_url":"https:\/\/i0.wp.com\/www.tvnovelas.com.br\/tvnews\/wp-content\/uploads\/2024\/08\/39920.jpg?fit=728%2C410&ssl=1","jetpack_shortlink":"https:\/\/wp.me\/pdP2BO-hDX","jetpack_sharing_enabled":true,"_links":{"self":[{"href":"https:\/\/www.tvnovelas.com.br\/tvnews\/wp-json\/wp\/v2\/posts\/67825","targetHints":{"allow":["GET"]}}],"collection":[{"href":"https:\/\/www.tvnovelas.com.br\/tvnews\/wp-json\/wp\/v2\/posts"}],"about":[{"href":"https:\/\/www.tvnovelas.com.br\/tvnews\/wp-json\/wp\/v2\/types\/post"}],"author":[{"embeddable":true,"href":"https:\/\/www.tvnovelas.com.br\/tvnews\/wp-json\/wp\/v2\/users\/1"}],"replies":[{"embeddable":true,"href":"https:\/\/www.tvnovelas.com.br\/tvnews\/wp-json\/wp\/v2\/comments?post=67825"}],"version-history":[{"count":1,"href":"https:\/\/www.tvnovelas.com.br\/tvnews\/wp-json\/wp\/v2\/posts\/67825\/revisions"}],"predecessor-version":[{"id":67827,"href":"https:\/\/www.tvnovelas.com.br\/tvnews\/wp-json\/wp\/v2\/posts\/67825\/revisions\/67827"}],"wp:featuredmedia":[{"embeddable":true,"href":"https:\/\/www.tvnovelas.com.br\/tvnews\/wp-json\/wp\/v2\/media\/67826"}],"wp:attachment":[{"href":"https:\/\/www.tvnovelas.com.br\/tvnews\/wp-json\/wp\/v2\/media?parent=67825"}],"wp:term":[{"taxonomy":"category","embeddable":true,"href":"https:\/\/www.tvnovelas.com.br\/tvnews\/wp-json\/wp\/v2\/categories?post=67825"},{"taxonomy":"post_tag","embeddable":true,"href":"https:\/\/www.tvnovelas.com.br\/tvnews\/wp-json\/wp\/v2\/tags?post=67825"}],"curies":[{"name":"wp","href":"https:\/\/api.w.org\/{rel}","templated":true}]}}