{"id":67859,"date":"2024-08-14T14:36:48","date_gmt":"2024-08-14T17:36:48","guid":{"rendered":"https:\/\/www.tvnovelas.com.br\/tvnews\/?p=67859"},"modified":"2024-08-14T14:36:48","modified_gmt":"2024-08-14T17:36:48","slug":"a-infancia-de-romeu-e-julieta-julieta-consegue-trazer-romeu-do-coma","status":"publish","type":"post","link":"https:\/\/www.tvnovelas.com.br\/tvnews\/a-infancia-de-romeu-e-julieta-julieta-consegue-trazer-romeu-do-coma\/","title":{"rendered":"A Inf\u00e2ncia de Romeu e Julieta: Julieta consegue trazer Romeu do coma"},"content":{"rendered":"<p><em>Em A Inf\u00e2ncia de Romeu e Julieta<\/em><br \/>\n<figure id=\"attachment_67860\" aria-describedby=\"caption-attachment-67860\" style=\"width: 728px\" class=\"wp-caption alignnone\"><img data-recalc-dims=\"1\" decoding=\"async\" class=\"wp-image-67860 size-full\" title=\"(Foto: SBT\/A Inf\u00e2ncia de Romeu e Julieta)\" src=\"https:\/\/i0.wp.com\/www.tvnovelas.com.br\/tvnews\/wp-content\/uploads\/2024\/08\/39927.jpg?resize=728%2C410&#038;ssl=1\" alt=\"Foto em A Inf\u00e2ncia de Romeu e Julieta...\" width=\"728\" height=\"410\" \/><figcaption id=\"caption-attachment-67860\" class=\"wp-caption-text\">A Inf\u00e2ncia de Romeu e Julieta&#8230;<\/figcaption><\/figure><\/p>\n<p>No cap\u00edtulo de A Inf\u00e2ncia de Romeu e Julieta desta quarta, dia 14, Karen pede desculpas \u00e0 fam\u00edlia, especialmente para Ellen, por n\u00e3o ter sido uma boa irm\u00e3 durante os anos, mas que est\u00e1 tentando melhorar. Ela admite que n\u00e3o conseguiu perdoar a irm\u00e3 pela morte do pai.<\/p>\n<p>Fausto comenta com Leandro, H\u00e9lio e Clara que sempre quis ser amado e que ele foi exclu\u00eddo a vida inteira pelos amigos. Glaucia tem jantar em fam\u00edlia com concilia\u00e7\u00e3o. T\u00e9o chama Bernardo e Enzo de pai.<\/p>\n<p>E mais: Julieta vai at\u00e9 o quarto de Romeu e pede para ele voltar. No Mundo da Imagina\u00e7\u00e3o, Romeu avista uma semente dourada da \u00e1rvore castanheira. Julieta consegue trazer Romeu do coma.<br \/>\n<!--FIM--><\/p>\n<h3>Coment\u00e1rios em A Inf\u00e2ncia de Romeu e Julieta<\/h3>\n<div class=\"fb-comments\" data-width=\"100%\" data-order-by=\"reverse_time\" data-numposts=\"5\"><\/div>\n<p><strong style=\"font-size: 120%;\">\u00daltimas not\u00edcias deste canal:<\/strong>\r\n<div class=\"pt-cv-wrapper\"><div class=\"pt-cv-view pt-cv-grid pt-cv-colsys\" id=\"pt-cv-view-90991035b3\"><div data-id=\"pt-cv-page-1\" class=\"pt-cv-page\" data-cvc=\"1\"><div class=\"col-md-12 col-sm-12 col-xs-12 pt-cv-content-item pt-cv-1-col\" ><div class='pt-cv-ifield'><h4 class=\"pt-cv-title\"><a href=\"https:\/\/www.tvnovelas.com.br\/tvnews\/coracao-de-mae-atilla-confronta-hasan-e-exige-o-divorcio-de-lale\/\" class=\"_self\" target=\"_self\" >Cora\u00e7\u00e3o de M\u00e3e: Atilla confronta Hasan e exige o div\u00f3rcio de Lale<\/a><\/h4><\/div><\/div>\n<div class=\"col-md-12 col-sm-12 col-xs-12 pt-cv-content-item pt-cv-1-col\" ><div class='pt-cv-ifield'><h4 class=\"pt-cv-title\"><a href=\"https:\/\/www.tvnovelas.com.br\/tvnews\/guerra-das-rosas-gulfem-coloca-gulru-contra-a-parede\/\" class=\"_self\" target=\"_self\" >Guerra das Rosas: Gulfem coloca Gulru contra a parede<\/a><\/h4><\/div><\/div>\n<div class=\"col-md-12 col-sm-12 col-xs-12 pt-cv-content-item pt-cv-1-col\" ><div class='pt-cv-ifield'><h4 class=\"pt-cv-title\"><a href=\"https:\/\/www.tvnovelas.com.br\/tvnews\/coracao-de-mae-atilla-diz-a-lale-que-quer-o-divorcio\/\" class=\"_self\" target=\"_self\" >Cora\u00e7\u00e3o de M\u00e3e: Atilla diz a Lale que quer o div\u00f3rcio<\/a><\/h4><\/div><\/div>\n<div class=\"col-md-12 col-sm-12 col-xs-12 pt-cv-content-item pt-cv-1-col\" ><div class='pt-cv-ifield'><h4 class=\"pt-cv-title\"><a href=\"https:\/\/www.tvnovelas.com.br\/tvnews\/a-nobreza-do-amor-mirinho-garante-noivado-com-virginia-para-atrair-sogro-a-negocio\/\" class=\"_self\" target=\"_self\" >A Nobreza do Amor: Mirinho garante noivado com Virg\u00ednia para atrair sogro a neg\u00f3cio<\/a><\/h4><\/div><\/div>\n<div class=\"col-md-12 col-sm-12 col-xs-12 pt-cv-content-item pt-cv-1-col\" ><div class='pt-cv-ifield'><h4 class=\"pt-cv-title\"><a href=\"https:\/\/www.tvnovelas.com.br\/tvnews\/tres-gracas-joaquim-propoe-fuga-a-arminda-com-o-dinheiro-das-tres-gracas\/\" class=\"_self\" target=\"_self\" >Tr\u00eas Gra\u00e7as:  Joaquim prop\u00f5e fuga a Arminda com o dinheiro das Tr\u00eas Gra\u00e7as<\/a><\/h4><\/div><\/div>\n<div class=\"col-md-12 col-sm-12 col-xs-12 pt-cv-content-item pt-cv-1-col\" ><div class='pt-cv-ifield'><h4 class=\"pt-cv-title\"><a href=\"https:\/\/www.tvnovelas.com.br\/tvnews\/coracao-de-mae-atilla-decide-abrir-o-jogo-com-karsu\/\" class=\"_self\" target=\"_self\" >Cora\u00e7\u00e3o de M\u00e3e: Atilla decide abrir o jogo com Karsu<\/a><\/h4><\/div><\/div>\n<div class=\"col-md-12 col-sm-12 col-xs-12 pt-cv-content-item pt-cv-1-col\" ><div class='pt-cv-ifield'><h4 class=\"pt-cv-title\"><a href=\"https:\/\/www.tvnovelas.com.br\/tvnews\/coracao-de-mae-adnan-e-preso-apos-denuncia-de-irmak\/\" class=\"_self\" target=\"_self\" >Em Cora\u00e7\u00e3o de M\u00e3e: Adnan \u00e9 preso ap\u00f3s denuncia de Irmak<\/a><\/h4><\/div><\/div>\n<div class=\"col-md-12 col-sm-12 col-xs-12 pt-cv-content-item pt-cv-1-col\" ><div class='pt-cv-ifield'><h4 class=\"pt-cv-title\"><a href=\"https:\/\/www.tvnovelas.com.br\/tvnews\/coracao-de-mae-atilla-forca-karsu-a-ouvir-suas-explicacoes\/\" class=\"_self\" target=\"_self\" >Cora\u00e7\u00e3o de M\u00e3e: Atilla for\u00e7a Karsu a ouvir suas explica\u00e7\u00f5es<\/a><\/h4><\/div><\/div>\n<div class=\"col-md-12 col-sm-12 col-xs-12 pt-cv-content-item pt-cv-1-col\" ><div class='pt-cv-ifield'><h4 class=\"pt-cv-title\"><a href=\"https:\/\/www.tvnovelas.com.br\/tvnews\/coracao-acelerado-mulher-choca-janete-ao-se-apresentar-como-amante-do-palhares\/\" class=\"_self\" target=\"_self\" >Cora\u00e7\u00e3o Acelerado: Mulher choca Janete ao se apresentar como amante do Palhares<\/a><\/h4><\/div><\/div>\n<div class=\"col-md-12 col-sm-12 col-xs-12 pt-cv-content-item pt-cv-1-col\" ><div class='pt-cv-ifield'><h4 class=\"pt-cv-title\"><a href=\"https:\/\/www.tvnovelas.com.br\/tvnews\/a-nobreza-do-amor-jendal-dobra-a-recompensa-por-alika\/\" class=\"_self\" target=\"_self\" >A Nobreza do Amor: Jendal dobra a recompensa por Alika<\/a><\/h4><\/div><\/div><\/div><\/div><\/div>\r\n<a href=\"https:\/\/www.tvnovelas.com.br\/novelas\/\"><strong>Confira os resumos da semana de todas novelas<\/strong><\/a><\/br>\r\n<h3>Confira tamb\u00e9m<\/h3>\r\n<a href=\"https:\/\/www.tvnovelas.com.br\/filmes\/\" target=\"_blank\" rel=\"noopener noreferrer\"><strong>Programa\u00e7\u00e3o de filmes na TV aberta<\/strong><\/a><\/br>\r\n<a href=\"https:\/\/caetenews.com.br\/semana\/filmes-da-globo-na-sessao-da-tarde-desta-semana\/\" target=\"_blank\" rel=\"noopener\"><strong>Confira os filmes da semana na Sess\u00e3o da Tarde<\/strong><\/a><\/br>\r\n<a href=\"https:\/\/www.tvnovelas.com.br\/novelas\/\" target=\"_blank\" rel=\"noopener noreferrer\"><strong>Resumos de novelas<\/strong><\/a><\/br>\r\n<a href=\"https:\/\/tvnovelas.com.br\/news\/mundo\/\" rel=\"noopener\" target=\"_blank\"><strong>News: Turismo, Cultura, Lazer e Entretenimento<\/strong><\/a><br \/>\n<a href=\"https:\/\/www.tvnovelas.com.br\/novelas\/resumos-de-a-infancia-de-romeu-e-julieta\/\">Confira os resumos da semana de &#8216;A Inf\u00e2ncia de Romeu e Julieta&#8217;<\/a><br \/>\n<a href=\"https:\/\/pt.wikipedia.org\/wiki\/A_Inf\u00e2ncia_de_Romeu_e_Julieta\" target=\"_blank\" rel=\"noopener\">Sobre A Inf\u00e2ncia de Romeu e Julieta na Wikipedia<\/a><br \/>\n<a href=\"https:\/\/www.facebook.com\/tevenovelas\/\">\u00daltimas not\u00edcias do TV Novelas no Facebook<\/a><br \/>\n<a href=\"https:\/\/www.tvnovelas.com.br\/tvnews\/\" target=\"_blank\" rel=\"noopener\">As \u00faltimas not\u00edcias das novelas<\/a><\/p>\n","protected":false},"excerpt":{"rendered":"<p>No cap\u00edtulo de A Inf\u00e2ncia de Romeu e Julieta desta quarta, dia 14, Karen pede desculpas \u00e0 fam\u00edlia, especialmente para Ellen, por n\u00e3o ter sido uma boa irm\u00e3 durante os anos&#8230;<\/p>\n","protected":false},"author":1,"featured_media":67860,"comment_status":"closed","ping_status":"closed","sticky":false,"template":"","format":"standard","meta":{"_uf_show_specific_survey":0,"_uf_disable_surveys":false,"_jetpack_memberships_contains_paid_content":false,"footnotes":"","_wp_rev_ctl_limit":""},"categories":[388],"tags":[354,64,13],"class_list":["post-67859","post","type-post","status-publish","format-standard","has-post-thumbnail","hentry","category-a-infancia-de-romeu-e-julieta","tag-a-infancia-de-romeu-e-julieta","tag-novelas","tag-sbt","wpcat-388-id"],"aioseo_notices":[],"jetpack_featured_media_url":"https:\/\/i0.wp.com\/www.tvnovelas.com.br\/tvnews\/wp-content\/uploads\/2024\/08\/39927.jpg?fit=728%2C410&ssl=1","jetpack_shortlink":"https:\/\/wp.me\/pdP2BO-hEv","jetpack_sharing_enabled":true,"_links":{"self":[{"href":"https:\/\/www.tvnovelas.com.br\/tvnews\/wp-json\/wp\/v2\/posts\/67859","targetHints":{"allow":["GET"]}}],"collection":[{"href":"https:\/\/www.tvnovelas.com.br\/tvnews\/wp-json\/wp\/v2\/posts"}],"about":[{"href":"https:\/\/www.tvnovelas.com.br\/tvnews\/wp-json\/wp\/v2\/types\/post"}],"author":[{"embeddable":true,"href":"https:\/\/www.tvnovelas.com.br\/tvnews\/wp-json\/wp\/v2\/users\/1"}],"replies":[{"embeddable":true,"href":"https:\/\/www.tvnovelas.com.br\/tvnews\/wp-json\/wp\/v2\/comments?post=67859"}],"version-history":[{"count":1,"href":"https:\/\/www.tvnovelas.com.br\/tvnews\/wp-json\/wp\/v2\/posts\/67859\/revisions"}],"predecessor-version":[{"id":67861,"href":"https:\/\/www.tvnovelas.com.br\/tvnews\/wp-json\/wp\/v2\/posts\/67859\/revisions\/67861"}],"wp:featuredmedia":[{"embeddable":true,"href":"https:\/\/www.tvnovelas.com.br\/tvnews\/wp-json\/wp\/v2\/media\/67860"}],"wp:attachment":[{"href":"https:\/\/www.tvnovelas.com.br\/tvnews\/wp-json\/wp\/v2\/media?parent=67859"}],"wp:term":[{"taxonomy":"category","embeddable":true,"href":"https:\/\/www.tvnovelas.com.br\/tvnews\/wp-json\/wp\/v2\/categories?post=67859"},{"taxonomy":"post_tag","embeddable":true,"href":"https:\/\/www.tvnovelas.com.br\/tvnews\/wp-json\/wp\/v2\/tags?post=67859"}],"curies":[{"name":"wp","href":"https:\/\/api.w.org\/{rel}","templated":true}]}}