{"id":67900,"date":"2024-08-17T08:36:18","date_gmt":"2024-08-17T11:36:18","guid":{"rendered":"https:\/\/www.tvnovelas.com.br\/tvnews\/?p=67900"},"modified":"2024-08-17T08:36:18","modified_gmt":"2024-08-17T11:36:18","slug":"no-rancho-fundo-artur-e-sequestrado-pelo-proprio-pai","status":"publish","type":"post","link":"https:\/\/www.tvnovelas.com.br\/tvnews\/no-rancho-fundo-artur-e-sequestrado-pelo-proprio-pai\/","title":{"rendered":"No Rancho Fundo: Artur \u00e9 sequestrado pelo pr\u00f3prio pai"},"content":{"rendered":"<p><em>Em No Rancho Fundo: Artur \u00e9 sequestrado<\/em><br \/>\n<figure id=\"attachment_67902\" aria-describedby=\"caption-attachment-67902\" style=\"width: 728px\" class=\"wp-caption alignnone\"><img data-recalc-dims=\"1\" decoding=\"async\" class=\"wp-image-67902 size-full\" title=\"(Foto: TV Globo\/No Rancho Fundo)\" src=\"https:\/\/i0.wp.com\/www.tvnovelas.com.br\/tvnews\/wp-content\/uploads\/2024\/08\/39937.jpg?resize=728%2C410&#038;ssl=1\" alt=\"Foto em No Rancho Fundo: Artur \u00e9 sequestrado\" width=\"728\" height=\"410\" \/><figcaption id=\"caption-attachment-67902\" class=\"wp-caption-text\">No Rancho Fundo: Artur \u00e9 sequestrado&#8230;<\/figcaption><\/figure><\/p>\n<p>Em No Rancho Fundo, Artur (T\u00falio Starling) vai sofrer um duro golpe.. O rapaz vai cair em uma emboscada, ser sequestrado e levado para um cativeiro. O que ele n\u00e3o imagina \u00e9 que o mandante do sequestro \u00e9 seu pr\u00f3prio pai, Ariosto (Eduardo Moscovis), que tem a inten\u00e7\u00e3o de tirar o filho adotivo de circula\u00e7\u00e3o por um tempo&#8230;<\/p>\n<p>Ap\u00f3s Artur ser golpeado na cabe\u00e7a e colocado dentro de um carro, veremos que o autor do sequestro \u00e9 Jord\u00e3o Nic\u00e1cio (Alejandro Claveaux). E o bandido, em seguida, ir\u00e1 prestar contas com o patr\u00e3o.<\/p>\n<p>\u201cO servi\u00e7o foi feito?\u201d, pergunta Ariosto.<\/p>\n<p>\u201cDo jeito que o senhor mandou. Seu filho j\u00e1 est\u00e1 em local seguro\u201d, responde Jord\u00e3o.<\/p>\n<p>Ariosto, no entanto, ir\u00e1 ressaltar a preocupa\u00e7\u00e3o com a integridade f\u00edsica de Artur, ap\u00f3s saber que ele levou uma pancada na cabe\u00e7a.<\/p>\n<p>\u201cDaqui pra frente, todo cuidado \u00e9 pouco. Quero Artur ileso.\u201d<\/p>\n<p>\u201cArtur vai voltar do mesmo jeito. E nunca vai saber quem estava por tr\u00e1s disso\u201d, garante Jord\u00e3o.<\/p>\n<p>Enquanto isso, Artur estar\u00e1 amarrado e desacordado em uma casa isolada, trancada por fora.<br \/>\n<!--FIM--><\/p>\n<h3>Coment\u00e1rios em No Rancho Fundo: Artur \u00e9 sequestrado<\/h3>\n<div class=\"fb-comments\" data-width=\"100%\" data-order-by=\"reverse_time\" data-numposts=\"5\"><\/div>\n<h2>\u00daltimas publica\u00e7\u00f5es de No Rancho Fundo<\/h2>\n<p><div class=\"pt-cv-wrapper\"><div class=\"pt-cv-view pt-cv-grid pt-cv-colsys\" id=\"pt-cv-view-1b948bbbtz\"><div data-id=\"pt-cv-page-1\" class=\"pt-cv-page\" data-cvc=\"1\"><div class=\"col-md-12 col-sm-12 col-xs-12 pt-cv-content-item pt-cv-1-col\" ><div class='pt-cv-ifield'><h4 class=\"pt-cv-title\"><a href=\"https:\/\/www.tvnovelas.com.br\/tvnews\/no-rancho-fundo-deodora-atira-em-ariosto-por-magoa-e-ciume\/\" class=\"_blank\" target=\"_blank\" >No Rancho Fundo: Deodora atira em Ariosto por m\u00e1goa e ci\u00fame<\/a><\/h4><\/div><\/div>\n<div class=\"col-md-12 col-sm-12 col-xs-12 pt-cv-content-item pt-cv-1-col\" ><div class='pt-cv-ifield'><h4 class=\"pt-cv-title\"><a href=\"https:\/\/www.tvnovelas.com.br\/tvnews\/no-rancho-fundo-romera-desbloqueada-entre-os-podres-de-saba-bodo\/\" class=\"_blank\" target=\"_blank\" >No Rancho Fundo: Romera desbloqueada entre os podres de Sab\u00e1 Bod\u00f3<\/a><\/h4><\/div><\/div>\n<div class=\"col-md-12 col-sm-12 col-xs-12 pt-cv-content-item pt-cv-1-col\" ><div class='pt-cv-ifield'><h4 class=\"pt-cv-title\"><a href=\"https:\/\/www.tvnovelas.com.br\/tvnews\/no-rancho-fundo-jordao-e-preso-por-tentar-matar-primo-cicero\/\" class=\"_blank\" target=\"_blank\" >No Rancho Fundo: Jord\u00e3o \u00e9 preso por tentar matar Primo C\u00edcero<\/a><\/h4><\/div><\/div>\n<div class=\"col-md-12 col-sm-12 col-xs-12 pt-cv-content-item pt-cv-1-col\" ><div class='pt-cv-ifield'><h4 class=\"pt-cv-title\"><a href=\"https:\/\/www.tvnovelas.com.br\/tvnews\/no-rancho-fundo-artur-confronta-elias-e-descobre-quem-ele-e\/\" class=\"_blank\" target=\"_blank\" >No Rancho Fundo:  Artur confronta Elias e descobre quem ele \u00e9<\/a><\/h4><\/div><\/div>\n<div class=\"col-md-12 col-sm-12 col-xs-12 pt-cv-content-item pt-cv-1-col\" ><div class='pt-cv-ifield'><h4 class=\"pt-cv-title\"><a href=\"https:\/\/www.tvnovelas.com.br\/tvnews\/no-rancho-fundo-elias-espalha-dinamites-na-gruta-azul-a-mando-de-ariosto\/\" class=\"_blank\" target=\"_blank\" >No Rancho Fundo: Elias espalha dinamites na Gruta Azul a mando de Ariosto<\/a><\/h4><\/div><\/div><\/div><\/div><\/div><br \/>\n<a href=\"https:\/\/wp.me\/pfspD2-OO\" target=\"_blank\" rel=\"noopener\">No Rancho Fundo: De Lasca Fogo a Lap\u00e3o da Beirada<\/a><br \/>\n<a href=\"https:\/\/tvnovelas.com.br\/page2\/arquivo\/no-rancho-fundo-trilha-sonora\/\" target=\"_blank\" rel=\"noopener\">No Rancho Fundo: trilha sonora<\/a><br \/>\n<a href=\"https:\/\/pt.wikipedia.org\/wiki\/No_Rancho_Fundo\" target=\"_blank\" rel=\"noopener\">Sobre No Rancho Fundo, na Wikipedia<\/a><br \/>\n<a href=\"https:\/\/tvnovelas.com.br\/filmes\/filmes-na-tv-segunda\/\" target=\"_blank\" rel=\"noopener\">Confira a programa\u00e7\u00e3o de filmes na TV aberta<\/a><br \/>\n<a href=\"https:\/\/www.tvnovelas.com.br\/tvnews\/\">\u00daltimas not\u00edcias de todas as novelas<\/a><\/p>\n","protected":false},"excerpt":{"rendered":"<p>No Rancho Fundo: Artur \u00e9 sequestrado&#8230; Artur (T\u00falio Starling) vai sofrer um duro golpe.. O rapaz vai cair em uma emboscada, ser sequestrado e levado para um cativeiro&#8230;<\/p>\n","protected":false},"author":1,"featured_media":67902,"comment_status":"closed","ping_status":"closed","sticky":false,"template":"","format":"standard","meta":{"_uf_show_specific_survey":0,"_uf_disable_surveys":false,"_jetpack_memberships_contains_paid_content":false,"footnotes":"","_wp_rev_ctl_limit":""},"categories":[763],"tags":[5,764,64],"class_list":["post-67900","post","type-post","status-publish","format-standard","has-post-thumbnail","hentry","category-no-rancho-fundo","tag-globo","tag-no-rancho-fundo","tag-novelas","wpcat-763-id"],"aioseo_notices":[],"jetpack_featured_media_url":"https:\/\/i0.wp.com\/www.tvnovelas.com.br\/tvnews\/wp-content\/uploads\/2024\/08\/39937.jpg?fit=728%2C410&ssl=1","jetpack_shortlink":"https:\/\/wp.me\/pdP2BO-hFa","jetpack_sharing_enabled":true,"_links":{"self":[{"href":"https:\/\/www.tvnovelas.com.br\/tvnews\/wp-json\/wp\/v2\/posts\/67900","targetHints":{"allow":["GET"]}}],"collection":[{"href":"https:\/\/www.tvnovelas.com.br\/tvnews\/wp-json\/wp\/v2\/posts"}],"about":[{"href":"https:\/\/www.tvnovelas.com.br\/tvnews\/wp-json\/wp\/v2\/types\/post"}],"author":[{"embeddable":true,"href":"https:\/\/www.tvnovelas.com.br\/tvnews\/wp-json\/wp\/v2\/users\/1"}],"replies":[{"embeddable":true,"href":"https:\/\/www.tvnovelas.com.br\/tvnews\/wp-json\/wp\/v2\/comments?post=67900"}],"version-history":[{"count":2,"href":"https:\/\/www.tvnovelas.com.br\/tvnews\/wp-json\/wp\/v2\/posts\/67900\/revisions"}],"predecessor-version":[{"id":67903,"href":"https:\/\/www.tvnovelas.com.br\/tvnews\/wp-json\/wp\/v2\/posts\/67900\/revisions\/67903"}],"wp:featuredmedia":[{"embeddable":true,"href":"https:\/\/www.tvnovelas.com.br\/tvnews\/wp-json\/wp\/v2\/media\/67902"}],"wp:attachment":[{"href":"https:\/\/www.tvnovelas.com.br\/tvnews\/wp-json\/wp\/v2\/media?parent=67900"}],"wp:term":[{"taxonomy":"category","embeddable":true,"href":"https:\/\/www.tvnovelas.com.br\/tvnews\/wp-json\/wp\/v2\/categories?post=67900"},{"taxonomy":"post_tag","embeddable":true,"href":"https:\/\/www.tvnovelas.com.br\/tvnews\/wp-json\/wp\/v2\/tags?post=67900"}],"curies":[{"name":"wp","href":"https:\/\/api.w.org\/{rel}","templated":true}]}}