{"id":67931,"date":"2024-08-18T10:36:02","date_gmt":"2024-08-18T13:36:02","guid":{"rendered":"https:\/\/www.tvnovelas.com.br\/tvnews\/?p=67931"},"modified":"2024-08-18T10:36:02","modified_gmt":"2024-08-18T13:36:02","slug":"sbt-exibe-documentario-inedito-silvio-santos-vale-mais-do-que-dinheiro-neste-domingo","status":"publish","type":"post","link":"https:\/\/www.tvnovelas.com.br\/tvnews\/sbt-exibe-documentario-inedito-silvio-santos-vale-mais-do-que-dinheiro-neste-domingo\/","title":{"rendered":"SBT exibe document\u00e1rio in\u00e9dito &#8220;Silvio Santos: Vale Mais do que Dinheiro&#8221; neste domingo"},"content":{"rendered":"<p><em>SBT exibe document\u00e1rio<\/em><br \/>\n<figure id=\"attachment_67932\" aria-describedby=\"caption-attachment-67932\" style=\"width: 728px\" class=\"wp-caption alignnone\"><img data-recalc-dims=\"1\" decoding=\"async\" src=\"https:\/\/i0.wp.com\/www.tvnovelas.com.br\/tvnews\/wp-content\/uploads\/2024\/08\/39943.jpg?resize=728%2C410&#038;ssl=1\" alt=\"Foto em SBT exibe document\u00e1rio\" width=\"728\" height=\"410\" class=\"size-full wp-image-67932\" \/><figcaption id=\"caption-attachment-67932\" class=\"wp-caption-text\">SBT exibe document\u00e1rio<\/figcaption><\/figure><br \/>\nO SBT informa que ir\u00e1 exibir, excepcionalmente neste domingo (18), \u00e0s 19h30 (hor\u00e1rio de Bras\u00edlia), uma parte especial do document\u00e1rio in\u00e9dito &#8220;Silvio Santos: Vale Mais do que Dinheiro&#8221;. <\/p>\n<p>O document\u00e1rio completo, com mais de sete horas de dura\u00e7\u00e3o, dividido em sete epis\u00f3dios, ser\u00e1 mostrado posteriormente no +SBT, nova plataforma de streaming da emissora, que ser\u00e1 lan\u00e7ada em data a ser informada em breve. <\/p>\n<p>O especial do document\u00e1rio &#8220;Silvio Santos: Vale Mais do que Dinheiro&#8221; ser\u00e1 exibido no hor\u00e1rio em que costuma ir ao ar o tradicional \u201cPrograma Silvio Santos\u201d.<\/p>\n","protected":false},"excerpt":{"rendered":"<p>O SBT informa que ir\u00e1 exibir, excepcionalmente neste domingo (18), \u00e0s 19h30 (hor\u00e1rio de Bras\u00edlia), uma parte especial do document\u00e1rio in\u00e9dito&#8230;<\/p>\n","protected":false},"author":1,"featured_media":67932,"comment_status":"closed","ping_status":"closed","sticky":false,"template":"","format":"standard","meta":{"_uf_show_specific_survey":0,"_uf_disable_surveys":false,"_jetpack_memberships_contains_paid_content":false,"footnotes":"","_wp_rev_ctl_limit":""},"categories":[232],"tags":[13,802],"class_list":["post-67931","post","type-post","status-publish","format-standard","has-post-thumbnail","hentry","category-sbt","tag-sbt","tag-silvio-santos","wpcat-232-id"],"aioseo_notices":[],"jetpack_featured_media_url":"https:\/\/i0.wp.com\/www.tvnovelas.com.br\/tvnews\/wp-content\/uploads\/2024\/08\/39943.jpg?fit=728%2C410&ssl=1","jetpack_shortlink":"https:\/\/wp.me\/pdP2BO-hFF","jetpack_sharing_enabled":true,"_links":{"self":[{"href":"https:\/\/www.tvnovelas.com.br\/tvnews\/wp-json\/wp\/v2\/posts\/67931","targetHints":{"allow":["GET"]}}],"collection":[{"href":"https:\/\/www.tvnovelas.com.br\/tvnews\/wp-json\/wp\/v2\/posts"}],"about":[{"href":"https:\/\/www.tvnovelas.com.br\/tvnews\/wp-json\/wp\/v2\/types\/post"}],"author":[{"embeddable":true,"href":"https:\/\/www.tvnovelas.com.br\/tvnews\/wp-json\/wp\/v2\/users\/1"}],"replies":[{"embeddable":true,"href":"https:\/\/www.tvnovelas.com.br\/tvnews\/wp-json\/wp\/v2\/comments?post=67931"}],"version-history":[{"count":1,"href":"https:\/\/www.tvnovelas.com.br\/tvnews\/wp-json\/wp\/v2\/posts\/67931\/revisions"}],"predecessor-version":[{"id":67933,"href":"https:\/\/www.tvnovelas.com.br\/tvnews\/wp-json\/wp\/v2\/posts\/67931\/revisions\/67933"}],"wp:featuredmedia":[{"embeddable":true,"href":"https:\/\/www.tvnovelas.com.br\/tvnews\/wp-json\/wp\/v2\/media\/67932"}],"wp:attachment":[{"href":"https:\/\/www.tvnovelas.com.br\/tvnews\/wp-json\/wp\/v2\/media?parent=67931"}],"wp:term":[{"taxonomy":"category","embeddable":true,"href":"https:\/\/www.tvnovelas.com.br\/tvnews\/wp-json\/wp\/v2\/categories?post=67931"},{"taxonomy":"post_tag","embeddable":true,"href":"https:\/\/www.tvnovelas.com.br\/tvnews\/wp-json\/wp\/v2\/tags?post=67931"}],"curies":[{"name":"wp","href":"https:\/\/api.w.org\/{rel}","templated":true}]}}