{"id":67948,"date":"2024-08-19T14:23:19","date_gmt":"2024-08-19T17:23:19","guid":{"rendered":"https:\/\/www.tvnovelas.com.br\/tvnews\/?p=67948"},"modified":"2024-08-19T14:25:42","modified_gmt":"2024-08-19T17:25:42","slug":"no-rancho-fundo-blandina-se-apresenta-a-zefa-como-socia","status":"publish","type":"post","link":"https:\/\/www.tvnovelas.com.br\/tvnews\/no-rancho-fundo-blandina-se-apresenta-a-zefa-como-socia\/","title":{"rendered":"No Rancho Fundo: Blandina se apresenta a Zefa como s\u00f3cia"},"content":{"rendered":"<p><em>Em No Rancho Fundo: Blandina&#8230;<\/em><br \/>\n<figure id=\"attachment_67949\" aria-describedby=\"caption-attachment-67949\" style=\"width: 728px\" class=\"wp-caption alignnone\"><img data-recalc-dims=\"1\" decoding=\"async\" class=\"wp-image-67949 size-full\" title=\"(Foto: TV Globo\/No Rancho Fundo)\" src=\"https:\/\/i0.wp.com\/www.tvnovelas.com.br\/tvnews\/wp-content\/uploads\/2024\/08\/39948.jpg?resize=728%2C412&#038;ssl=1\" alt=\"Foto emNo Rancho Fundo: Blandina...\" width=\"728\" height=\"412\" \/><figcaption id=\"caption-attachment-67949\" class=\"wp-caption-text\">No Rancho Fundo: Blandina&#8230;<\/figcaption><\/figure><\/p>\n<p>Em No Rancho Fundo, a fam\u00edlia Leonel agora tem uma empresa para cuidar dos seus neg\u00f3cios, com escrit\u00f3rio e tudo. Mas, Zefa Leonel (Andrea Beltr\u00e3o) vai descobrir que o dia a dia de trabalho n\u00e3o vai ser nada f\u00e1cil. Isso porque Blandina (Luisa Arraes) vai aparecer no escrit\u00f3rio em Lap\u00e3o da Beirada e se apresentar como s\u00f3cia \u00e0 ex-sogra.<\/p>\n<p>\u201cO que que tu est\u00e1 fazendo aqui, Lambe-bei\u00e7o?\u201d, questiona Zefa.<\/p>\n<p>\u201cZefa Leonel&#8230; Sempre t\u00e3o acolhedora\u201d, responde Blandina, debochada.<\/p>\n<p>\u201cN\u00e3o tenho assunto nenhum para tratar com um tipo como voc\u00ea&#8230; Meu filho est\u00e1 l\u00e1 no rancho Fundo, de cora\u00e7\u00e3o partido. Tu devia ter a dignidade de ir l\u00e1 dar satisfa\u00e7\u00f5es a ele\u201d, afirma Zefa.<\/p>\n<p>\u201cN\u00e3o foi pra isso que vim at\u00e9 aqui\u201d, reage Blandina.<\/p>\n<p>E, ent\u00e3o, Blandina, que ganhou de Z\u00e9 Beltino (Igor Fortunato) a parte dele na Gruta Azul, vai dizer a Zefa Leonel que \u00e9 s\u00f3cia da fam\u00edlia.<\/p>\n<p>\u201cVim assumir meu posto de s\u00f3cia, \u00e9 claro. S\u00f3cia-gerente. Toda a parte de Z\u00e9 Beltino da Gruta Azul \u00e9 minha. Sou eu quem vai tocar os neg\u00f3cios\u201d, declara ela.<\/p>\n<p>\u201cTu est\u00e1 dizendo que vai trabalhar mais n\u00f3s aqui no escrit\u00f3rio Rancho Fundo\u201d, pergunta Zefa.<\/p>\n<p>Zefa Leonel ficar\u00e1 surpresa e desconfiada com a situa\u00e7\u00e3o, mas Blandina mostrar\u00e1 todos os pap\u00e9is que provam que ela est\u00e1 falando a verdade.<\/p>\n<p>Resta acompanhar como vai ser essa conviv\u00eancia e at\u00e9 quando&#8230;<br \/>\n<!--FIM--><\/p>\n<h3>Coment\u00e1rios em No Rancho Fundo<\/h3>\n<div class=\"fb-comments\" data-width=\"100%\" data-order-by=\"reverse_time\" data-numposts=\"5\"><\/div>\n<h2>\u00daltimas publica\u00e7\u00f5es de No Rancho Fundo<\/h2>\n<p><div class=\"pt-cv-wrapper\"><div class=\"pt-cv-view pt-cv-grid pt-cv-colsys\" id=\"pt-cv-view-1b948bbbtz\"><div data-id=\"pt-cv-page-1\" class=\"pt-cv-page\" data-cvc=\"1\"><div class=\"col-md-12 col-sm-12 col-xs-12 pt-cv-content-item pt-cv-1-col\" ><div class='pt-cv-ifield'><h4 class=\"pt-cv-title\"><a href=\"https:\/\/www.tvnovelas.com.br\/tvnews\/no-rancho-fundo-deodora-atira-em-ariosto-por-magoa-e-ciume\/\" class=\"_blank\" target=\"_blank\" >No Rancho Fundo: Deodora atira em Ariosto por m\u00e1goa e ci\u00fame<\/a><\/h4><\/div><\/div>\n<div class=\"col-md-12 col-sm-12 col-xs-12 pt-cv-content-item pt-cv-1-col\" ><div class='pt-cv-ifield'><h4 class=\"pt-cv-title\"><a href=\"https:\/\/www.tvnovelas.com.br\/tvnews\/no-rancho-fundo-romera-desbloqueada-entre-os-podres-de-saba-bodo\/\" class=\"_blank\" target=\"_blank\" >No Rancho Fundo: Romera desbloqueada entre os podres de Sab\u00e1 Bod\u00f3<\/a><\/h4><\/div><\/div>\n<div class=\"col-md-12 col-sm-12 col-xs-12 pt-cv-content-item pt-cv-1-col\" ><div class='pt-cv-ifield'><h4 class=\"pt-cv-title\"><a href=\"https:\/\/www.tvnovelas.com.br\/tvnews\/no-rancho-fundo-jordao-e-preso-por-tentar-matar-primo-cicero\/\" class=\"_blank\" target=\"_blank\" >No Rancho Fundo: Jord\u00e3o \u00e9 preso por tentar matar Primo C\u00edcero<\/a><\/h4><\/div><\/div>\n<div class=\"col-md-12 col-sm-12 col-xs-12 pt-cv-content-item pt-cv-1-col\" ><div class='pt-cv-ifield'><h4 class=\"pt-cv-title\"><a href=\"https:\/\/www.tvnovelas.com.br\/tvnews\/no-rancho-fundo-artur-confronta-elias-e-descobre-quem-ele-e\/\" class=\"_blank\" target=\"_blank\" >No Rancho Fundo:  Artur confronta Elias e descobre quem ele \u00e9<\/a><\/h4><\/div><\/div>\n<div class=\"col-md-12 col-sm-12 col-xs-12 pt-cv-content-item pt-cv-1-col\" ><div class='pt-cv-ifield'><h4 class=\"pt-cv-title\"><a href=\"https:\/\/www.tvnovelas.com.br\/tvnews\/no-rancho-fundo-elias-espalha-dinamites-na-gruta-azul-a-mando-de-ariosto\/\" class=\"_blank\" target=\"_blank\" >No Rancho Fundo: Elias espalha dinamites na Gruta Azul a mando de Ariosto<\/a><\/h4><\/div><\/div><\/div><\/div><\/div><br \/>\n<a href=\"https:\/\/wp.me\/pfspD2-OO\" target=\"_blank\" rel=\"noopener\">No Rancho Fundo: De Lasca Fogo a Lap\u00e3o da Beirada<\/a><br \/>\n<a href=\"https:\/\/tvnovelas.com.br\/page2\/arquivo\/no-rancho-fundo-trilha-sonora\/\" target=\"_blank\" rel=\"noopener\">No Rancho Fundo: trilha sonora<\/a><br \/>\n<a href=\"https:\/\/pt.wikipedia.org\/wiki\/No_Rancho_Fundo\" target=\"_blank\" rel=\"noopener\">Sobre No Rancho Fundo, na Wikipedia<\/a><br \/>\n<a href=\"https:\/\/tvnovelas.com.br\/filmes\/filmes-na-tv-segunda\/\" target=\"_blank\" rel=\"noopener\">Confira a programa\u00e7\u00e3o de filmes na TV aberta<\/a><br \/>\n<a href=\"https:\/\/www.tvnovelas.com.br\/tvnews\/\">\u00daltimas not\u00edcias de todas as novelas<\/a><\/p>\n","protected":false},"excerpt":{"rendered":"<p>No Rancho Fundo: Blandina&#8230;. A fam\u00edlia Leonel agora tem uma empresa para cuidar dos seus neg\u00f3cios, com escrit\u00f3rio e tudo. Mas, Zefa Leonel (Andrea Beltr\u00e3o) vai descobrir&#8230;<\/p>\n","protected":false},"author":1,"featured_media":67949,"comment_status":"closed","ping_status":"closed","sticky":false,"template":"","format":"standard","meta":{"_uf_show_specific_survey":0,"_uf_disable_surveys":false,"_jetpack_memberships_contains_paid_content":false,"footnotes":"","_wp_rev_ctl_limit":""},"categories":[353,763],"tags":[5,764,64],"class_list":["post-67948","post","type-post","status-publish","format-standard","has-post-thumbnail","hentry","category-resumos-de-novelas","category-no-rancho-fundo","tag-globo","tag-no-rancho-fundo","tag-novelas","wpcat-353-id","wpcat-763-id"],"aioseo_notices":[],"jetpack_featured_media_url":"https:\/\/i0.wp.com\/www.tvnovelas.com.br\/tvnews\/wp-content\/uploads\/2024\/08\/39948.jpg?fit=728%2C412&ssl=1","jetpack_shortlink":"https:\/\/wp.me\/pdP2BO-hFW","jetpack_sharing_enabled":true,"_links":{"self":[{"href":"https:\/\/www.tvnovelas.com.br\/tvnews\/wp-json\/wp\/v2\/posts\/67948","targetHints":{"allow":["GET"]}}],"collection":[{"href":"https:\/\/www.tvnovelas.com.br\/tvnews\/wp-json\/wp\/v2\/posts"}],"about":[{"href":"https:\/\/www.tvnovelas.com.br\/tvnews\/wp-json\/wp\/v2\/types\/post"}],"author":[{"embeddable":true,"href":"https:\/\/www.tvnovelas.com.br\/tvnews\/wp-json\/wp\/v2\/users\/1"}],"replies":[{"embeddable":true,"href":"https:\/\/www.tvnovelas.com.br\/tvnews\/wp-json\/wp\/v2\/comments?post=67948"}],"version-history":[{"count":3,"href":"https:\/\/www.tvnovelas.com.br\/tvnews\/wp-json\/wp\/v2\/posts\/67948\/revisions"}],"predecessor-version":[{"id":67952,"href":"https:\/\/www.tvnovelas.com.br\/tvnews\/wp-json\/wp\/v2\/posts\/67948\/revisions\/67952"}],"wp:featuredmedia":[{"embeddable":true,"href":"https:\/\/www.tvnovelas.com.br\/tvnews\/wp-json\/wp\/v2\/media\/67949"}],"wp:attachment":[{"href":"https:\/\/www.tvnovelas.com.br\/tvnews\/wp-json\/wp\/v2\/media?parent=67948"}],"wp:term":[{"taxonomy":"category","embeddable":true,"href":"https:\/\/www.tvnovelas.com.br\/tvnews\/wp-json\/wp\/v2\/categories?post=67948"},{"taxonomy":"post_tag","embeddable":true,"href":"https:\/\/www.tvnovelas.com.br\/tvnews\/wp-json\/wp\/v2\/tags?post=67948"}],"curies":[{"name":"wp","href":"https:\/\/api.w.org\/{rel}","templated":true}]}}