{"id":67993,"date":"2024-08-22T09:28:58","date_gmt":"2024-08-22T12:28:58","guid":{"rendered":"https:\/\/www.tvnovelas.com.br\/tvnews\/?p=67993"},"modified":"2024-08-22T09:28:58","modified_gmt":"2024-08-22T12:28:58","slug":"no-rancho-fundo-marcelo-gouveia-queima-o-filme-de-artur-com-quinota","status":"publish","type":"post","link":"https:\/\/www.tvnovelas.com.br\/tvnews\/no-rancho-fundo-marcelo-gouveia-queima-o-filme-de-artur-com-quinota\/","title":{"rendered":"No Rancho Fundo: Marcelo Gouveia &#8216;queima o filme&#8217; de Artur com Quinota"},"content":{"rendered":"<p><em>Em No Rancho Fundo: Marcelo Gouveia&#8230;<\/em><br \/>\n<figure id=\"attachment_67995\" aria-describedby=\"caption-attachment-67995\" style=\"width: 728px\" class=\"wp-caption alignnone\"><img data-recalc-dims=\"1\" decoding=\"async\" class=\"wp-image-67995 size-full\" title=\"(Foto: TV Globo\/No Rancho Fundo)\" src=\"https:\/\/i0.wp.com\/www.tvnovelas.com.br\/tvnews\/wp-content\/uploads\/2024\/08\/39958-1.jpg?resize=728%2C410&#038;ssl=1\" alt=\"Foto em No Rancho Fundo: Marcelo Gouveia\" width=\"728\" height=\"410\" \/><figcaption id=\"caption-attachment-67995\" class=\"wp-caption-text\">No Rancho Fundo: Marcelo Gouveia&#8230;.<\/figcaption><\/figure><\/p>\n<p>Em No Rancho Fundo, Marcelo Gouveia (Jos\u00e9 Loreto) n\u00e3o perde uma oportunidade de se meter no relacionamento de Artur (T\u00falio Starling) e Quinota (Larissa Bocchino). Agora, o ex-namorado vai contar \u00e0 menina que Artur sabia do caso entre o pai adotivo, Ariosto (Eduardo Moscovis), e a inimiga dos Leonel, Deodora (Debora Bloch), e escondeu dela&#8230;<\/p>\n<p>No Hotel S\u00e3o Petersburgo, Marcelo ir\u00e1 esperar Artur sair do quarto e ir\u00e1 procurar Quinota com a desculpa de usar o banheiro. Depois, ele tentar\u00e1 estender a conversa para chegar ao ponto que quer.<\/p>\n<p>\u201cPensando bem, Artur fez bem em sair. D\u00e1 pra entender a pressa dele. Essa hist\u00f3ria de ser raptado logo depois dele descobrir que o pai est\u00e1 de caso com Deodora&#8230;\u201d, despeja Marcelo Gouveia.<\/p>\n<p>\u201cSeu Ariosto com Deodora?\u201d, pergunta Quinota, chocada.<\/p>\n<p>\u201cNo lugar dele, eu tamb\u00e9m tiraria essa hist\u00f3ria a limpo. Ariosto \u00e9 carne de pesco\u00e7o, mas Deodora&#8230; Deodora \u00e9 uma assassina!\u201d, instiga Marcelo.<\/p>\n<p>Quinota, ent\u00e3o, ir\u00e1 questionar Marcelo Gouveia sobre desde quando Artur sabe do envolvimento entre os dois vil\u00f5es.<\/p>\n<p>\u201cMarcelo Gouveia! Desde quando Artur sabe desse romance entre Deodora com o pai dele?\u201d<\/p>\n<p>Falso e calculista, Marcelo Gouveia fingir\u00e1 surpresa com a rea\u00e7\u00e3o de Quinota, como se tivesse deixado escapar a informa\u00e7\u00e3o sem querer.<\/p>\n<p>\u201c\u00d4xi, ele n\u00e3o comentou nada contigo, n\u00e3o?\u201d<\/p>\n<p>Quinota ficar\u00e1 chocada e se sentindo tra\u00edda&#8230;<br \/>\n<!--FIM--><\/p>\n<h3>Coment\u00e1rios em No Rancho Fundo: Marcelo Gouveia&#8230;<\/h3>\n<div class=\"fb-comments\" data-width=\"100%\" data-order-by=\"reverse_time\" data-numposts=\"5\"><\/div>\n<h2>\u00daltimas publica\u00e7\u00f5es de No Rancho Fundo<\/h2>\n<p><div class=\"pt-cv-wrapper\"><div class=\"pt-cv-view pt-cv-grid pt-cv-colsys\" id=\"pt-cv-view-1b948bbbtz\"><div data-id=\"pt-cv-page-1\" class=\"pt-cv-page\" data-cvc=\"1\"><div class=\"col-md-12 col-sm-12 col-xs-12 pt-cv-content-item pt-cv-1-col\" ><div class='pt-cv-ifield'><h4 class=\"pt-cv-title\"><a href=\"https:\/\/www.tvnovelas.com.br\/tvnews\/no-rancho-fundo-deodora-atira-em-ariosto-por-magoa-e-ciume\/\" class=\"_blank\" target=\"_blank\" >No Rancho Fundo: Deodora atira em Ariosto por m\u00e1goa e ci\u00fame<\/a><\/h4><\/div><\/div>\n<div class=\"col-md-12 col-sm-12 col-xs-12 pt-cv-content-item pt-cv-1-col\" ><div class='pt-cv-ifield'><h4 class=\"pt-cv-title\"><a href=\"https:\/\/www.tvnovelas.com.br\/tvnews\/no-rancho-fundo-romera-desbloqueada-entre-os-podres-de-saba-bodo\/\" class=\"_blank\" target=\"_blank\" >No Rancho Fundo: Romera desbloqueada entre os podres de Sab\u00e1 Bod\u00f3<\/a><\/h4><\/div><\/div>\n<div class=\"col-md-12 col-sm-12 col-xs-12 pt-cv-content-item pt-cv-1-col\" ><div class='pt-cv-ifield'><h4 class=\"pt-cv-title\"><a href=\"https:\/\/www.tvnovelas.com.br\/tvnews\/no-rancho-fundo-jordao-e-preso-por-tentar-matar-primo-cicero\/\" class=\"_blank\" target=\"_blank\" >No Rancho Fundo: Jord\u00e3o \u00e9 preso por tentar matar Primo C\u00edcero<\/a><\/h4><\/div><\/div>\n<div class=\"col-md-12 col-sm-12 col-xs-12 pt-cv-content-item pt-cv-1-col\" ><div class='pt-cv-ifield'><h4 class=\"pt-cv-title\"><a href=\"https:\/\/www.tvnovelas.com.br\/tvnews\/no-rancho-fundo-artur-confronta-elias-e-descobre-quem-ele-e\/\" class=\"_blank\" target=\"_blank\" >No Rancho Fundo:  Artur confronta Elias e descobre quem ele \u00e9<\/a><\/h4><\/div><\/div>\n<div class=\"col-md-12 col-sm-12 col-xs-12 pt-cv-content-item pt-cv-1-col\" ><div class='pt-cv-ifield'><h4 class=\"pt-cv-title\"><a href=\"https:\/\/www.tvnovelas.com.br\/tvnews\/no-rancho-fundo-elias-espalha-dinamites-na-gruta-azul-a-mando-de-ariosto\/\" class=\"_blank\" target=\"_blank\" >No Rancho Fundo: Elias espalha dinamites na Gruta Azul a mando de Ariosto<\/a><\/h4><\/div><\/div><\/div><\/div><\/div><br \/>\n<a href=\"https:\/\/wp.me\/pfspD2-OO\" target=\"_blank\" rel=\"noopener\">No Rancho Fundo: De Lasca Fogo a Lap\u00e3o da Beirada<\/a><br \/>\n<a href=\"https:\/\/tvnovelas.com.br\/page2\/arquivo\/no-rancho-fundo-trilha-sonora\/\" target=\"_blank\" rel=\"noopener\">No Rancho Fundo: trilha sonora<\/a><br \/>\n<a href=\"https:\/\/pt.wikipedia.org\/wiki\/No_Rancho_Fundo\" target=\"_blank\" rel=\"noopener\">Sobre No Rancho Fundo, na Wikipedia<\/a><br \/>\n<a href=\"https:\/\/tvnovelas.com.br\/filmes\/filmes-na-tv-segunda\/\" target=\"_blank\" rel=\"noopener\">Confira a programa\u00e7\u00e3o de filmes na TV aberta<\/a><br \/>\n<a href=\"https:\/\/www.tvnovelas.com.br\/tvnews\/\">\u00daltimas not\u00edcias de todas as novelas<\/a><\/p>\n","protected":false},"excerpt":{"rendered":"<p>No Rancho Fundo: Marcelo Gouveia&#8230; Marcelo Gouveia (Jos\u00e9 Loreto) n\u00e3o perde uma oportunidade de se meter no relacionamento de Artur (T\u00falio Starling) e Quinota&#8230;.<\/p>\n","protected":false},"author":1,"featured_media":67995,"comment_status":"closed","ping_status":"closed","sticky":false,"template":"","format":"standard","meta":{"_uf_show_specific_survey":0,"_uf_disable_surveys":false,"_jetpack_memberships_contains_paid_content":false,"footnotes":"","_wp_rev_ctl_limit":""},"categories":[763],"tags":[5,764,64],"class_list":["post-67993","post","type-post","status-publish","format-standard","has-post-thumbnail","hentry","category-no-rancho-fundo","tag-globo","tag-no-rancho-fundo","tag-novelas","wpcat-763-id"],"aioseo_notices":[],"jetpack_featured_media_url":"https:\/\/i0.wp.com\/www.tvnovelas.com.br\/tvnews\/wp-content\/uploads\/2024\/08\/39958-1.jpg?fit=728%2C410&ssl=1","jetpack_shortlink":"https:\/\/wp.me\/pdP2BO-hGF","jetpack_sharing_enabled":true,"_links":{"self":[{"href":"https:\/\/www.tvnovelas.com.br\/tvnews\/wp-json\/wp\/v2\/posts\/67993","targetHints":{"allow":["GET"]}}],"collection":[{"href":"https:\/\/www.tvnovelas.com.br\/tvnews\/wp-json\/wp\/v2\/posts"}],"about":[{"href":"https:\/\/www.tvnovelas.com.br\/tvnews\/wp-json\/wp\/v2\/types\/post"}],"author":[{"embeddable":true,"href":"https:\/\/www.tvnovelas.com.br\/tvnews\/wp-json\/wp\/v2\/users\/1"}],"replies":[{"embeddable":true,"href":"https:\/\/www.tvnovelas.com.br\/tvnews\/wp-json\/wp\/v2\/comments?post=67993"}],"version-history":[{"count":1,"href":"https:\/\/www.tvnovelas.com.br\/tvnews\/wp-json\/wp\/v2\/posts\/67993\/revisions"}],"predecessor-version":[{"id":67996,"href":"https:\/\/www.tvnovelas.com.br\/tvnews\/wp-json\/wp\/v2\/posts\/67993\/revisions\/67996"}],"wp:featuredmedia":[{"embeddable":true,"href":"https:\/\/www.tvnovelas.com.br\/tvnews\/wp-json\/wp\/v2\/media\/67995"}],"wp:attachment":[{"href":"https:\/\/www.tvnovelas.com.br\/tvnews\/wp-json\/wp\/v2\/media?parent=67993"}],"wp:term":[{"taxonomy":"category","embeddable":true,"href":"https:\/\/www.tvnovelas.com.br\/tvnews\/wp-json\/wp\/v2\/categories?post=67993"},{"taxonomy":"post_tag","embeddable":true,"href":"https:\/\/www.tvnovelas.com.br\/tvnews\/wp-json\/wp\/v2\/tags?post=67993"}],"curies":[{"name":"wp","href":"https:\/\/api.w.org\/{rel}","templated":true}]}}