{"id":68035,"date":"2024-08-24T08:40:57","date_gmt":"2024-08-24T11:40:57","guid":{"rendered":"https:\/\/www.tvnovelas.com.br\/tvnews\/?p=68035"},"modified":"2024-08-24T09:03:34","modified_gmt":"2024-08-24T12:03:34","slug":"no-rancho-fundo-artur-desconfia-de-de-ariosto-e-leva-tapa","status":"publish","type":"post","link":"https:\/\/www.tvnovelas.com.br\/tvnews\/no-rancho-fundo-artur-desconfia-de-de-ariosto-e-leva-tapa\/","title":{"rendered":"No Rancho Fundo:  Artur desconfia de de Ariosto e leva tapa"},"content":{"rendered":"<p><em>Em No Rancho Fundo: Artur desconfia<\/em><br \/>\n<figure id=\"attachment_68036\" aria-describedby=\"caption-attachment-68036\" style=\"width: 728px\" class=\"wp-caption alignnone\"><img data-recalc-dims=\"1\" decoding=\"async\" class=\"wp-image-68036 size-full\" title=\"(Foto: TV Globo\/No Rancho Fundo)\" src=\"https:\/\/i0.wp.com\/www.tvnovelas.com.br\/tvnews\/wp-content\/uploads\/2024\/08\/39968.jpg?resize=728%2C410&#038;ssl=1\" alt=\"Foto em No Rancho Fundo: Artur desconfia...\" width=\"728\" height=\"410\" \/><figcaption id=\"caption-attachment-68036\" class=\"wp-caption-text\">No Rancho Fundo: Artur desconfia<\/figcaption><\/figure><\/p>\n<p><!--more--><\/p>\n<p>Em No Rancho Fundo, ap\u00f3s Quinota (Larissa Bocchino) colocar um fim ao casamento dos dois, Artur (T\u00falio Starling) vai culpar Ariosto (Eduardo Moscovis). Isso porque foi o pai adotivo quem lhe pediu segredo sobre o caso com Deodora (Debora Bloch), a maior inimiga dos Leonel. Ao confrontar Ariosto, Artur ainda vai levantar suspeita de envolvimento do pai adotivo em seu sequestro \u2013 o que \u00e9 verdade \u2013 e vai levar um tapa do homem que o criou.<\/p>\n<p>\u201cDiga logo, Artur! Tu entrou feito um furac\u00e3o no meio de meu jantar. O que que tu quer?\u201d, pergunta Ariosto ao receber Artur.<br \/>\n\u201cQuinota n\u00e3o quer mais olhar na minha cara porque eu escondi seu romance com Deodora\u201d, conta Artur.<\/p>\n<p>\u201cQuinota te largou, foi?\u201d, reage o pai.<\/p>\n<p>\u201cE por sua culpa!\u201d, grita Artur.<\/p>\n<p>\u201cPois foi melhor assim! Aquela menina n\u00e3o te merece! Uma matuta de p\u00e9 descal\u00e7o. Antes tarde do que nunca. Imagina se ela emprenha?!\u201d, diz Ariosto.<\/p>\n<p>Ap\u00f3s a fala insens\u00edvel, pai e filho v\u00e3o discutir. Mais uma vez. E Artur levantar\u00e1 suspeitas sobre o envolvimento de Ariosto em seu pr\u00f3prio sequestro.<\/p>\n<p>\u201cTu seria capaz de tudo para conseguir o que quer. At\u00e9 mesmo cometer um crime, n\u00e9ra? Pai, tem dedo do senhor nesse meu sequestro?\u201d<\/p>\n<p>Mesmo sabendo que Artur tem raz\u00e3o, Ariosto se far\u00e1 de ofendido com a acusa\u00e7\u00e3o e reagir\u00e1 dando um tapa no filho.<\/p>\n<p>\u201cMe respeite, Artur! Eu sou seu pai!\u201d<\/p>\n<p>\u201cQue diabo \u00e9 isso? Quem tu pensa que \u00e9 pra me agredir? O senhor ficou doido? O senhor nunca mais encoste em mim, que vou me defender e lhe devolver na mesma moeda\u201d, reage Artur.<\/p>\n<p>Artur e Ariosto continuar\u00e3o se encarando seriamente, em um clima de tens\u00e3o.<br \/>\n<!--FIM--><\/p>\n<h3>Coment\u00e1rios em No Rancho Fundo: Artur desconfia&#8230;<\/h3>\n<div class=\"fb-comments\" data-width=\"100%\" data-order-by=\"reverse_time\" data-numposts=\"5\"><\/div>\n<h2>\u00daltimas publica\u00e7\u00f5es de No Rancho Fundo<\/h2>\n<p><div class=\"pt-cv-wrapper\"><div class=\"pt-cv-view pt-cv-grid pt-cv-colsys\" id=\"pt-cv-view-1b948bbbtz\"><div data-id=\"pt-cv-page-1\" class=\"pt-cv-page\" data-cvc=\"1\"><div class=\"col-md-12 col-sm-12 col-xs-12 pt-cv-content-item pt-cv-1-col\" ><div class='pt-cv-ifield'><h4 class=\"pt-cv-title\"><a href=\"https:\/\/www.tvnovelas.com.br\/tvnews\/no-rancho-fundo-deodora-atira-em-ariosto-por-magoa-e-ciume\/\" class=\"_blank\" target=\"_blank\" >No Rancho Fundo: Deodora atira em Ariosto por m\u00e1goa e ci\u00fame<\/a><\/h4><\/div><\/div>\n<div class=\"col-md-12 col-sm-12 col-xs-12 pt-cv-content-item pt-cv-1-col\" ><div class='pt-cv-ifield'><h4 class=\"pt-cv-title\"><a href=\"https:\/\/www.tvnovelas.com.br\/tvnews\/no-rancho-fundo-romera-desbloqueada-entre-os-podres-de-saba-bodo\/\" class=\"_blank\" target=\"_blank\" >No Rancho Fundo: Romera desbloqueada entre os podres de Sab\u00e1 Bod\u00f3<\/a><\/h4><\/div><\/div>\n<div class=\"col-md-12 col-sm-12 col-xs-12 pt-cv-content-item pt-cv-1-col\" ><div class='pt-cv-ifield'><h4 class=\"pt-cv-title\"><a href=\"https:\/\/www.tvnovelas.com.br\/tvnews\/no-rancho-fundo-jordao-e-preso-por-tentar-matar-primo-cicero\/\" class=\"_blank\" target=\"_blank\" >No Rancho Fundo: Jord\u00e3o \u00e9 preso por tentar matar Primo C\u00edcero<\/a><\/h4><\/div><\/div>\n<div class=\"col-md-12 col-sm-12 col-xs-12 pt-cv-content-item pt-cv-1-col\" ><div class='pt-cv-ifield'><h4 class=\"pt-cv-title\"><a href=\"https:\/\/www.tvnovelas.com.br\/tvnews\/no-rancho-fundo-artur-confronta-elias-e-descobre-quem-ele-e\/\" class=\"_blank\" target=\"_blank\" >No Rancho Fundo:  Artur confronta Elias e descobre quem ele \u00e9<\/a><\/h4><\/div><\/div>\n<div class=\"col-md-12 col-sm-12 col-xs-12 pt-cv-content-item pt-cv-1-col\" ><div class='pt-cv-ifield'><h4 class=\"pt-cv-title\"><a href=\"https:\/\/www.tvnovelas.com.br\/tvnews\/no-rancho-fundo-elias-espalha-dinamites-na-gruta-azul-a-mando-de-ariosto\/\" class=\"_blank\" target=\"_blank\" >No Rancho Fundo: Elias espalha dinamites na Gruta Azul a mando de Ariosto<\/a><\/h4><\/div><\/div><\/div><\/div><\/div><br \/>\n<a href=\"https:\/\/wp.me\/pfspD2-OO\" target=\"_blank\" rel=\"noopener\">No Rancho Fundo: De Lasca Fogo a Lap\u00e3o da Beirada<\/a><br \/>\n<a href=\"https:\/\/tvnovelas.com.br\/page2\/arquivo\/no-rancho-fundo-trilha-sonora\/\" target=\"_blank\" rel=\"noopener\">No Rancho Fundo: trilha sonora<\/a><br \/>\n<a href=\"https:\/\/pt.wikipedia.org\/wiki\/No_Rancho_Fundo\" target=\"_blank\" rel=\"noopener\">Sobre No Rancho Fundo, na Wikipedia<\/a><br \/>\n<a href=\"https:\/\/tvnovelas.com.br\/filmes\/filmes-na-tv-segunda\/\" target=\"_blank\" rel=\"noopener\">Confira a programa\u00e7\u00e3o de filmes na TV aberta<\/a><br \/>\n<a href=\"https:\/\/www.tvnovelas.com.br\/tvnews\/\">\u00daltimas not\u00edcias de todas as novelas<\/a><\/p>\n","protected":false},"excerpt":{"rendered":"<p>No Rancho Fundo:  Artur desconfia&#8230; Ap\u00f3s Quinota (Larissa Bocchino) colocar um fim ao casamento dos dois, Artur (T\u00falio Starling) vai culpar Ariosto (Eduardo&#8230;<\/p>\n","protected":false},"author":1,"featured_media":68036,"comment_status":"closed","ping_status":"closed","sticky":false,"template":"","format":"standard","meta":{"_uf_show_specific_survey":0,"_uf_disable_surveys":false,"_jetpack_memberships_contains_paid_content":false,"footnotes":"","_wp_rev_ctl_limit":""},"categories":[763],"tags":[5,764,64],"class_list":["post-68035","post","type-post","status-publish","format-standard","has-post-thumbnail","hentry","category-no-rancho-fundo","tag-globo","tag-no-rancho-fundo","tag-novelas","wpcat-763-id"],"aioseo_notices":[],"jetpack_featured_media_url":"https:\/\/i0.wp.com\/www.tvnovelas.com.br\/tvnews\/wp-content\/uploads\/2024\/08\/39968.jpg?fit=728%2C410&ssl=1","jetpack_shortlink":"https:\/\/wp.me\/pdP2BO-hHl","jetpack_sharing_enabled":true,"_links":{"self":[{"href":"https:\/\/www.tvnovelas.com.br\/tvnews\/wp-json\/wp\/v2\/posts\/68035","targetHints":{"allow":["GET"]}}],"collection":[{"href":"https:\/\/www.tvnovelas.com.br\/tvnews\/wp-json\/wp\/v2\/posts"}],"about":[{"href":"https:\/\/www.tvnovelas.com.br\/tvnews\/wp-json\/wp\/v2\/types\/post"}],"author":[{"embeddable":true,"href":"https:\/\/www.tvnovelas.com.br\/tvnews\/wp-json\/wp\/v2\/users\/1"}],"replies":[{"embeddable":true,"href":"https:\/\/www.tvnovelas.com.br\/tvnews\/wp-json\/wp\/v2\/comments?post=68035"}],"version-history":[{"count":3,"href":"https:\/\/www.tvnovelas.com.br\/tvnews\/wp-json\/wp\/v2\/posts\/68035\/revisions"}],"predecessor-version":[{"id":68043,"href":"https:\/\/www.tvnovelas.com.br\/tvnews\/wp-json\/wp\/v2\/posts\/68035\/revisions\/68043"}],"wp:featuredmedia":[{"embeddable":true,"href":"https:\/\/www.tvnovelas.com.br\/tvnews\/wp-json\/wp\/v2\/media\/68036"}],"wp:attachment":[{"href":"https:\/\/www.tvnovelas.com.br\/tvnews\/wp-json\/wp\/v2\/media?parent=68035"}],"wp:term":[{"taxonomy":"category","embeddable":true,"href":"https:\/\/www.tvnovelas.com.br\/tvnews\/wp-json\/wp\/v2\/categories?post=68035"},{"taxonomy":"post_tag","embeddable":true,"href":"https:\/\/www.tvnovelas.com.br\/tvnews\/wp-json\/wp\/v2\/tags?post=68035"}],"curies":[{"name":"wp","href":"https:\/\/api.w.org\/{rel}","templated":true}]}}