{"id":68107,"date":"2024-08-28T08:28:08","date_gmt":"2024-08-28T11:28:08","guid":{"rendered":"https:\/\/www.tvnovelas.com.br\/tvnews\/?p=68107"},"modified":"2024-08-28T08:28:08","modified_gmt":"2024-08-28T11:28:08","slug":"no-rancho-fundo-pacto-de-vilas-blandina-e-deodora-fecham-alianca","status":"publish","type":"post","link":"https:\/\/www.tvnovelas.com.br\/tvnews\/no-rancho-fundo-pacto-de-vilas-blandina-e-deodora-fecham-alianca\/","title":{"rendered":"No Rancho Fundo: Pacto de vil\u00e3s. Blandina e Deodora fecham alian\u00e7a"},"content":{"rendered":"<p><em>Em No No Rancho Fundo: Pacto de vil\u00e3s..<\/em><br \/>\n<figure id=\"attachment_68108\" aria-describedby=\"caption-attachment-68108\" style=\"width: 728px\" class=\"wp-caption alignnone\"><img data-recalc-dims=\"1\" decoding=\"async\" class=\"wp-image-68108 size-full\" title=\"(Foto: TV Globo\/No Rancho Fundo)\" src=\"https:\/\/i0.wp.com\/www.tvnovelas.com.br\/tvnews\/wp-content\/uploads\/2024\/08\/39989.jpg?resize=728%2C410&#038;ssl=1\" alt=\"Foto em No Rancho Fundo: Pacto de vil\u00e3s\" width=\"728\" height=\"410\" \/><figcaption id=\"caption-attachment-68108\" class=\"wp-caption-text\">No Rancho Fundo: Pacto de vil\u00e3s&#8230;<\/figcaption><\/figure><\/p>\n<p>Em No Rancho Fundo, Deodora (Debora Bloch) ofereceu nada menos do que uma turmalina para\u00edba para ter Blandina (Luisa Arraes) ao seu lado na briga contra a fam\u00edlia Leonel. Ambiciosa, claro, a vigarista aceitar\u00e1 e, nos pr\u00f3ximos cap\u00edtulos de No Rancho Fundo, as duas vil\u00e3s v\u00e3o selar um acordo de confian\u00e7a depois de se amea\u00e7arem mutuamente.<\/p>\n<p>\u201cEu n\u00e3o confio em homem nenhum\u201d, afirma Blandina.<\/p>\n<p>\u201cNem eu. Por isso, preciso saber&#8230; posso contar contigo?\u201d, pergunta Deodora.<\/p>\n<p>Em seguida, Blandina e Deodora v\u00e3o apertar as m\u00e3os, selando uma alian\u00e7a entre vil\u00e3s.<\/p>\n<p>\u201cTu pode contar comigo\u201d, garante Blandina.<\/p>\n<p>Mas n\u00e3o vai ser t\u00e3o simples assim. As duas v\u00e3o amea\u00e7ar uma a outra para garantir que est\u00e3o mesmo do mesmo lado.<\/p>\n<p>\u201cMas se tu resolver me trair, arranco teu couro e penduro no varal\u201d, amea\u00e7a Deodora.<\/p>\n<p>\u201cSe tu me trair, lhe encho de mela\u00e7o e ponho as formigas pra lhe comer viva\u201d, devolve Blandina.<\/p>\n<p>\u201cMas n\u00e3o vamos precisar de nada disso. Eu confio em ti\u201d, afirma Deodora.<\/p>\n<p>\u201cCom certeza n\u00e3o. Tamb\u00e9m confio em ti\u201d, responde Blandina.<\/p>\n<p>Agora \u00e9 esperar do que sao capazes essas duas juntas&#8230;<br \/>\n<!--FIM--><\/p>\n<h3>Coment\u00e1rios em No Rancho Fundo: Pacto de vil\u00e3s&#8230;<\/h3>\n<div class=\"fb-comments\" data-width=\"100%\" data-order-by=\"reverse_time\" data-numposts=\"5\"><\/div>\n<h2>\u00daltimas publica\u00e7\u00f5es de No Rancho Fundo<\/h2>\n<p><div class=\"pt-cv-wrapper\"><div class=\"pt-cv-view pt-cv-grid pt-cv-colsys\" id=\"pt-cv-view-1b948bbbtz\"><div data-id=\"pt-cv-page-1\" class=\"pt-cv-page\" data-cvc=\"1\"><div class=\"col-md-12 col-sm-12 col-xs-12 pt-cv-content-item pt-cv-1-col\" ><div class='pt-cv-ifield'><h4 class=\"pt-cv-title\"><a href=\"https:\/\/www.tvnovelas.com.br\/tvnews\/no-rancho-fundo-deodora-atira-em-ariosto-por-magoa-e-ciume\/\" class=\"_blank\" target=\"_blank\" >No Rancho Fundo: Deodora atira em Ariosto por m\u00e1goa e ci\u00fame<\/a><\/h4><\/div><\/div>\n<div class=\"col-md-12 col-sm-12 col-xs-12 pt-cv-content-item pt-cv-1-col\" ><div class='pt-cv-ifield'><h4 class=\"pt-cv-title\"><a href=\"https:\/\/www.tvnovelas.com.br\/tvnews\/no-rancho-fundo-romera-desbloqueada-entre-os-podres-de-saba-bodo\/\" class=\"_blank\" target=\"_blank\" >No Rancho Fundo: Romera desbloqueada entre os podres de Sab\u00e1 Bod\u00f3<\/a><\/h4><\/div><\/div>\n<div class=\"col-md-12 col-sm-12 col-xs-12 pt-cv-content-item pt-cv-1-col\" ><div class='pt-cv-ifield'><h4 class=\"pt-cv-title\"><a href=\"https:\/\/www.tvnovelas.com.br\/tvnews\/no-rancho-fundo-jordao-e-preso-por-tentar-matar-primo-cicero\/\" class=\"_blank\" target=\"_blank\" >No Rancho Fundo: Jord\u00e3o \u00e9 preso por tentar matar Primo C\u00edcero<\/a><\/h4><\/div><\/div>\n<div class=\"col-md-12 col-sm-12 col-xs-12 pt-cv-content-item pt-cv-1-col\" ><div class='pt-cv-ifield'><h4 class=\"pt-cv-title\"><a href=\"https:\/\/www.tvnovelas.com.br\/tvnews\/no-rancho-fundo-artur-confronta-elias-e-descobre-quem-ele-e\/\" class=\"_blank\" target=\"_blank\" >No Rancho Fundo:  Artur confronta Elias e descobre quem ele \u00e9<\/a><\/h4><\/div><\/div>\n<div class=\"col-md-12 col-sm-12 col-xs-12 pt-cv-content-item pt-cv-1-col\" ><div class='pt-cv-ifield'><h4 class=\"pt-cv-title\"><a href=\"https:\/\/www.tvnovelas.com.br\/tvnews\/no-rancho-fundo-elias-espalha-dinamites-na-gruta-azul-a-mando-de-ariosto\/\" class=\"_blank\" target=\"_blank\" >No Rancho Fundo: Elias espalha dinamites na Gruta Azul a mando de Ariosto<\/a><\/h4><\/div><\/div><\/div><\/div><\/div><br \/>\n<a href=\"https:\/\/wp.me\/pfspD2-OO\" target=\"_blank\" rel=\"noopener\">No Rancho Fundo: De Lasca Fogo a Lap\u00e3o da Beirada<\/a><br \/>\n<a href=\"https:\/\/tvnovelas.com.br\/page2\/arquivo\/no-rancho-fundo-trilha-sonora\/\" target=\"_blank\" rel=\"noopener\">No Rancho Fundo: trilha sonora<\/a><br \/>\n<a href=\"https:\/\/pt.wikipedia.org\/wiki\/No_Rancho_Fundo\" target=\"_blank\" rel=\"noopener\">Sobre No Rancho Fundo, na Wikipedia<\/a><br \/>\n<a href=\"https:\/\/tvnovelas.com.br\/filmes\/filmes-na-tv-segunda\/\" target=\"_blank\" rel=\"noopener\">Confira a programa\u00e7\u00e3o de filmes na TV aberta<\/a><br \/>\n<a href=\"https:\/\/www.tvnovelas.com.br\/tvnews\/\">\u00daltimas not\u00edcias de todas as novelas<\/a><\/p>\n","protected":false},"excerpt":{"rendered":"<p>No Rancho Fundo: Pacto de vil\u00e3s&#8230; Deodora (Debora Bloch) ofereceu nada menos do que uma turmalina para\u00edba para ter Blandina (Luisa Arraes) ao seu lado&#8230;<\/p>\n","protected":false},"author":1,"featured_media":68108,"comment_status":"closed","ping_status":"closed","sticky":false,"template":"","format":"standard","meta":{"_uf_show_specific_survey":0,"_uf_disable_surveys":false,"_jetpack_memberships_contains_paid_content":false,"footnotes":"","_wp_rev_ctl_limit":""},"categories":[763],"tags":[5,764,64],"class_list":["post-68107","post","type-post","status-publish","format-standard","has-post-thumbnail","hentry","category-no-rancho-fundo","tag-globo","tag-no-rancho-fundo","tag-novelas","wpcat-763-id"],"aioseo_notices":[],"jetpack_featured_media_url":"https:\/\/i0.wp.com\/www.tvnovelas.com.br\/tvnews\/wp-content\/uploads\/2024\/08\/39989.jpg?fit=728%2C410&ssl=1","jetpack_shortlink":"https:\/\/wp.me\/pdP2BO-hIv","jetpack_sharing_enabled":true,"_links":{"self":[{"href":"https:\/\/www.tvnovelas.com.br\/tvnews\/wp-json\/wp\/v2\/posts\/68107","targetHints":{"allow":["GET"]}}],"collection":[{"href":"https:\/\/www.tvnovelas.com.br\/tvnews\/wp-json\/wp\/v2\/posts"}],"about":[{"href":"https:\/\/www.tvnovelas.com.br\/tvnews\/wp-json\/wp\/v2\/types\/post"}],"author":[{"embeddable":true,"href":"https:\/\/www.tvnovelas.com.br\/tvnews\/wp-json\/wp\/v2\/users\/1"}],"replies":[{"embeddable":true,"href":"https:\/\/www.tvnovelas.com.br\/tvnews\/wp-json\/wp\/v2\/comments?post=68107"}],"version-history":[{"count":2,"href":"https:\/\/www.tvnovelas.com.br\/tvnews\/wp-json\/wp\/v2\/posts\/68107\/revisions"}],"predecessor-version":[{"id":68110,"href":"https:\/\/www.tvnovelas.com.br\/tvnews\/wp-json\/wp\/v2\/posts\/68107\/revisions\/68110"}],"wp:featuredmedia":[{"embeddable":true,"href":"https:\/\/www.tvnovelas.com.br\/tvnews\/wp-json\/wp\/v2\/media\/68108"}],"wp:attachment":[{"href":"https:\/\/www.tvnovelas.com.br\/tvnews\/wp-json\/wp\/v2\/media?parent=68107"}],"wp:term":[{"taxonomy":"category","embeddable":true,"href":"https:\/\/www.tvnovelas.com.br\/tvnews\/wp-json\/wp\/v2\/categories?post=68107"},{"taxonomy":"post_tag","embeddable":true,"href":"https:\/\/www.tvnovelas.com.br\/tvnews\/wp-json\/wp\/v2\/tags?post=68107"}],"curies":[{"name":"wp","href":"https:\/\/api.w.org\/{rel}","templated":true}]}}