{"id":68166,"date":"2024-08-30T08:19:25","date_gmt":"2024-08-30T11:19:25","guid":{"rendered":"https:\/\/www.tvnovelas.com.br\/tvnews\/?p=68166"},"modified":"2024-08-30T08:19:25","modified_gmt":"2024-08-30T11:19:25","slug":"no-rancho-fundo-blandina-troca-de-roupa-para-trabalhar-na-gruta-azul","status":"publish","type":"post","link":"https:\/\/www.tvnovelas.com.br\/tvnews\/no-rancho-fundo-blandina-troca-de-roupa-para-trabalhar-na-gruta-azul\/","title":{"rendered":"No Rancho Fundo: Blandina troca de roupa para trabalhar na Gruta Azul"},"content":{"rendered":"<p><em>Em No Rancho Fundo: Blandina troca&#8230;<\/em><br \/>\n<figure id=\"attachment_68167\" aria-describedby=\"caption-attachment-68167\" style=\"width: 728px\" class=\"wp-caption alignnone\"><img data-recalc-dims=\"1\" decoding=\"async\" class=\"wp-image-68167 size-full\" title=\"(Foto: TV Globo\/No Rancho Fundo)\" src=\"https:\/\/i0.wp.com\/www.tvnovelas.com.br\/tvnews\/wp-content\/uploads\/2024\/08\/39998.jpg?resize=728%2C410&#038;ssl=1\" alt=\"Foto em No Rancho Fundo: Blandina troca\" width=\"728\" height=\"410\" \/><figcaption id=\"caption-attachment-68167\" class=\"wp-caption-text\">No Rancho Fundo: Blandina troca&#8230;<\/figcaption><\/figure><\/p>\n<p>Em No Rancho Fundo, Blandina (Luisa Arraes) est\u00e1 empenhada em tomar conta da sua parte na empresa da fam\u00edlia Leonel e vai chegar ao escrit\u00f3rio para trabalhar. Cheia de boa vontade, ela perguntar\u00e1 a Quinota (Larissa Bocchino) o que pode fazer para ajudar. Respons\u00e1vel por tudo, a menina dir\u00e1 que a vigarista precisa conhecer bem a Gruta Azul, mas, para isso, ter\u00e1 que usar novas roupas.<\/p>\n<p>\u201cO que eu posso fazer pra te ajudar, agora que tamb\u00e9m trabalho nessa empresa?!\u201d, pergunta Blandina.<\/p>\n<p>\u201cA primeira coisa \u00e9 visitar o terreno da Gruta Azul. Tu precisa conhecer bem o local\u201d, afirma Quinota.<\/p>\n<p>\u201c\u00d3timo! N\u00f3s podemos ir juntas! E tu vai me ensinando tudinho\u201d, reage Blandina, empolgada.<\/p>\n<p>\u201cMas tu n\u00e3o pode ir com essa roupa\u201d, observa Quinota.<\/p>\n<p>Blandina n\u00e3o entender\u00e1 a observa\u00e7\u00e3o de Quinota sobre sua roupa.<\/p>\n<p>\u201c\u00d4xi, qual o problema? N\u00e3o gostou?\u201d, pergunta ela.<\/p>\n<p>\u201c\u00c9 que tu n\u00e3o vai conseguir andar naquele ch\u00e3o cheio de pedra com esse salto alto. E ainda vai se ralar toda nos espinhos de facheiro. Tu precisa de uma roupa adequada. Se for nas minas, at\u00e9 de capacete\u201d, ensina Quinota.<\/p>\n<p>\u201cE como que \u00e9 deve de ser esse meu look garimpeira?\u201d, questiona Blandina, com medo da resposta.<\/p>\n<p>Quinota, ent\u00e3o, ensinar\u00e1 como Blandina deve passar a se vestir para trabalhar na Gruta Azul.<\/p>\n<p>\u201cPra come\u00e7ar, um par de cal\u00e7as compridas, e bota de solado de borracha, que n\u00e3o escorrega. A blusa \u00e9 melhor ser de manga comprida tamb\u00e9m.\u201d<\/p>\n<p>Tempinho depois, Blandina sair\u00e1 do banheiro do escrit\u00f3rio e exibir\u00e1 seu novo look para Quinota.<\/p>\n<p>\u201cE ent\u00e3o, caiu bem?\u201d<br \/>\n<!--FIM--><\/p>\n<h3>Coment\u00e1rios em No Rancho Fundo: Blandina troca&#8230;<\/h3>\n<div class=\"fb-comments\" data-width=\"100%\" data-order-by=\"reverse_time\" data-numposts=\"5\"><\/div>\n<h2>\u00daltimas publica\u00e7\u00f5es de No Rancho Fundo<\/h2>\n<p><div class=\"pt-cv-wrapper\"><div class=\"pt-cv-view pt-cv-grid pt-cv-colsys\" id=\"pt-cv-view-1b948bbbtz\"><div data-id=\"pt-cv-page-1\" class=\"pt-cv-page\" data-cvc=\"1\"><div class=\"col-md-12 col-sm-12 col-xs-12 pt-cv-content-item pt-cv-1-col\" ><div class='pt-cv-ifield'><h4 class=\"pt-cv-title\"><a href=\"https:\/\/www.tvnovelas.com.br\/tvnews\/no-rancho-fundo-deodora-atira-em-ariosto-por-magoa-e-ciume\/\" class=\"_blank\" target=\"_blank\" >No Rancho Fundo: Deodora atira em Ariosto por m\u00e1goa e ci\u00fame<\/a><\/h4><\/div><\/div>\n<div class=\"col-md-12 col-sm-12 col-xs-12 pt-cv-content-item pt-cv-1-col\" ><div class='pt-cv-ifield'><h4 class=\"pt-cv-title\"><a href=\"https:\/\/www.tvnovelas.com.br\/tvnews\/no-rancho-fundo-romera-desbloqueada-entre-os-podres-de-saba-bodo\/\" class=\"_blank\" target=\"_blank\" >No Rancho Fundo: Romera desbloqueada entre os podres de Sab\u00e1 Bod\u00f3<\/a><\/h4><\/div><\/div>\n<div class=\"col-md-12 col-sm-12 col-xs-12 pt-cv-content-item pt-cv-1-col\" ><div class='pt-cv-ifield'><h4 class=\"pt-cv-title\"><a href=\"https:\/\/www.tvnovelas.com.br\/tvnews\/no-rancho-fundo-jordao-e-preso-por-tentar-matar-primo-cicero\/\" class=\"_blank\" target=\"_blank\" >No Rancho Fundo: Jord\u00e3o \u00e9 preso por tentar matar Primo C\u00edcero<\/a><\/h4><\/div><\/div>\n<div class=\"col-md-12 col-sm-12 col-xs-12 pt-cv-content-item pt-cv-1-col\" ><div class='pt-cv-ifield'><h4 class=\"pt-cv-title\"><a href=\"https:\/\/www.tvnovelas.com.br\/tvnews\/no-rancho-fundo-artur-confronta-elias-e-descobre-quem-ele-e\/\" class=\"_blank\" target=\"_blank\" >No Rancho Fundo:  Artur confronta Elias e descobre quem ele \u00e9<\/a><\/h4><\/div><\/div>\n<div class=\"col-md-12 col-sm-12 col-xs-12 pt-cv-content-item pt-cv-1-col\" ><div class='pt-cv-ifield'><h4 class=\"pt-cv-title\"><a href=\"https:\/\/www.tvnovelas.com.br\/tvnews\/no-rancho-fundo-elias-espalha-dinamites-na-gruta-azul-a-mando-de-ariosto\/\" class=\"_blank\" target=\"_blank\" >No Rancho Fundo: Elias espalha dinamites na Gruta Azul a mando de Ariosto<\/a><\/h4><\/div><\/div><\/div><\/div><\/div><br \/>\n<a href=\"https:\/\/wp.me\/pfspD2-OO\" target=\"_blank\" rel=\"noopener\">No Rancho Fundo: De Lasca Fogo a Lap\u00e3o da Beirada<\/a><br \/>\n<a href=\"https:\/\/tvnovelas.com.br\/page2\/arquivo\/no-rancho-fundo-trilha-sonora\/\" target=\"_blank\" rel=\"noopener\">No Rancho Fundo: trilha sonora<\/a><br \/>\n<a href=\"https:\/\/pt.wikipedia.org\/wiki\/No_Rancho_Fundo\" target=\"_blank\" rel=\"noopener\">Sobre No Rancho Fundo, na Wikipedia<\/a><br \/>\n<a href=\"https:\/\/tvnovelas.com.br\/filmes\/filmes-na-tv-segunda\/\" target=\"_blank\" rel=\"noopener\">Confira a programa\u00e7\u00e3o de filmes na TV aberta<\/a><br \/>\n<a href=\"https:\/\/www.tvnovelas.com.br\/tvnews\/\">\u00daltimas not\u00edcias de todas as novelas<\/a><\/p>\n","protected":false},"excerpt":{"rendered":"<p>Em No Rancho Fundo: Blandina troca&#8230; Blandina (Luisa Arraes) est\u00e1 empenhada em tomar conta da sua parte na empresa da fam\u00edlia Leonel e vai chegar ao escrit\u00f3rio&#8230;<\/p>\n","protected":false},"author":1,"featured_media":68167,"comment_status":"closed","ping_status":"closed","sticky":false,"template":"","format":"standard","meta":{"_uf_show_specific_survey":0,"_uf_disable_surveys":false,"_jetpack_memberships_contains_paid_content":false,"footnotes":"","_wp_rev_ctl_limit":""},"categories":[763],"tags":[5,764,64],"class_list":["post-68166","post","type-post","status-publish","format-standard","has-post-thumbnail","hentry","category-no-rancho-fundo","tag-globo","tag-no-rancho-fundo","tag-novelas","wpcat-763-id"],"aioseo_notices":[],"jetpack_featured_media_url":"https:\/\/i0.wp.com\/www.tvnovelas.com.br\/tvnews\/wp-content\/uploads\/2024\/08\/39998.jpg?fit=728%2C410&ssl=1","jetpack_shortlink":"https:\/\/wp.me\/pdP2BO-hJs","jetpack_sharing_enabled":true,"_links":{"self":[{"href":"https:\/\/www.tvnovelas.com.br\/tvnews\/wp-json\/wp\/v2\/posts\/68166","targetHints":{"allow":["GET"]}}],"collection":[{"href":"https:\/\/www.tvnovelas.com.br\/tvnews\/wp-json\/wp\/v2\/posts"}],"about":[{"href":"https:\/\/www.tvnovelas.com.br\/tvnews\/wp-json\/wp\/v2\/types\/post"}],"author":[{"embeddable":true,"href":"https:\/\/www.tvnovelas.com.br\/tvnews\/wp-json\/wp\/v2\/users\/1"}],"replies":[{"embeddable":true,"href":"https:\/\/www.tvnovelas.com.br\/tvnews\/wp-json\/wp\/v2\/comments?post=68166"}],"version-history":[{"count":1,"href":"https:\/\/www.tvnovelas.com.br\/tvnews\/wp-json\/wp\/v2\/posts\/68166\/revisions"}],"predecessor-version":[{"id":68168,"href":"https:\/\/www.tvnovelas.com.br\/tvnews\/wp-json\/wp\/v2\/posts\/68166\/revisions\/68168"}],"wp:featuredmedia":[{"embeddable":true,"href":"https:\/\/www.tvnovelas.com.br\/tvnews\/wp-json\/wp\/v2\/media\/68167"}],"wp:attachment":[{"href":"https:\/\/www.tvnovelas.com.br\/tvnews\/wp-json\/wp\/v2\/media?parent=68166"}],"wp:term":[{"taxonomy":"category","embeddable":true,"href":"https:\/\/www.tvnovelas.com.br\/tvnews\/wp-json\/wp\/v2\/categories?post=68166"},{"taxonomy":"post_tag","embeddable":true,"href":"https:\/\/www.tvnovelas.com.br\/tvnews\/wp-json\/wp\/v2\/tags?post=68166"}],"curies":[{"name":"wp","href":"https:\/\/api.w.org\/{rel}","templated":true}]}}