{"id":68223,"date":"2024-09-01T09:37:04","date_gmt":"2024-09-01T12:37:04","guid":{"rendered":"https:\/\/www.tvnovelas.com.br\/tvnews\/?p=68223"},"modified":"2024-09-01T09:37:04","modified_gmt":"2024-09-01T12:37:04","slug":"no-rancho-fundo-zefa-considera-proposta-de-ariosto-e-deodora-e-revolta-quinota","status":"publish","type":"post","link":"https:\/\/www.tvnovelas.com.br\/tvnews\/no-rancho-fundo-zefa-considera-proposta-de-ariosto-e-deodora-e-revolta-quinota\/","title":{"rendered":"No Rancho Fundo: Zefa considera proposta de Ariosto e Deodora e revolta Quinota"},"content":{"rendered":"<p><em>EmNo Rancho Fundo: Zefa considera&#8230;<\/em><br \/>\n<figure id=\"attachment_68224\" aria-describedby=\"caption-attachment-68224\" style=\"width: 728px\" class=\"wp-caption alignnone\"><img data-recalc-dims=\"1\" decoding=\"async\" src=\"https:\/\/i0.wp.com\/www.tvnovelas.com.br\/tvnews\/wp-content\/uploads\/2024\/09\/40011.jpg?resize=728%2C410&#038;ssl=1\" alt=\"Em No Rancho Fundo: Zefa considera\" width=\"728\" height=\"410\" class=\"size-full wp-image-68224\" \/><figcaption id=\"caption-attachment-68224\" class=\"wp-caption-text\">No Rancho Fundo: Zefa considera&#8230;<\/figcaption><\/figure><br \/>\n(Foto: TV Globo\/No Rancho Fundo)<br \/>\nEm No Rancho Fundo, Ariosto (Eduardo Moscovis) e Deodora (Debora Bloch) est\u00e3o tentando se aproximar dos Leonel de olho na explora\u00e7\u00e3o de pedras preciosas na Gruta Azul. Com medo da interfer\u00eancia da prefeitura em suas terras, Zefa Leonel (Andrea Beltr\u00e3o) vai considerar a proposta de parceria com os rivais. E, nos pr\u00f3ximos cap\u00edtulos de No Rancho Fundo, Quinota (Larissa Bocchino) ficar\u00e1 revoltada por se tratar dos vil\u00f5es.<\/p>\n<p>Na casa de Ariosto, Zefa ter\u00e1 que conter e convencer Seu Tico Leonel (Alexandre Nero).<\/p>\n<p>\u201cSeu Tico Leonel, essa situa\u00e7\u00e3o com a prefeitura \u00e9 preocupante\u201d, observa ela.<\/p>\n<p>\u201cTu est\u00e1 me dizendo que vai aceitar esse descabimento?\u201d, questiona Seu Tico.<\/p>\n<p>\u201cMuito bem, Zefa Leonel. Tu tem tino pros neg\u00f3cio. Reconhece uma boa proposta quando v\u00ea na sua frente\u201d, comemora Deodora.<\/p>\n<p>\u201cEu n\u00e3o aceitei nada, Deodora\u201d, reitera Zefa.<\/p>\n<p> em No Rancho Fundo \u2014 Foto: Globo<\/p>\n<p>Depois, em casa, Zefa Leonel e Seu Tico Leonel v\u00e3o continuar discutindo a situa\u00e7\u00e3o.<\/p>\n<p>\u201cAqueles dois t\u00eam um ponto, homem. Se a prefeitura vier para cima de nossas terras? \u00c9 bom ter algum aliado do nosso lado\u201d, observa ela.<\/p>\n<p>\u201cEu n\u00e3o estou reconhecendo a mulher com quem casei. N\u00e3o tem como essa ideia ser boa para nossa fam\u00edlia\u201d, insiste ele.<\/p>\n<p>Ent\u00e3o, Quinota chegar\u00e1 e, ao saber que a m\u00e3e est\u00e1 pensando em aceitar a parceria com Ariosto e Deodora, se revoltar\u00e1 e ir\u00e1 embora furiosa.<\/p>\n<p>\u201cEu n\u00e3o posso acreditar no que eu estou ouvindo, que minha m\u00e3e acha que pode ser uma boa ideia se aliar \u00e0quela uma&#8230;\u201d<\/p>\n<p>Zefa Leonel ficar\u00e1 balan\u00e7ada com a rea\u00e7\u00e3o da filha e lhe dar\u00e1 raz\u00e3o.<br \/>\n<!--FIM--><\/p>\n<h3>Coment\u00e1rios em No Rancho Fundo: Zefa considera&#8230;<\/h3>\n<div class=\"fb-comments\" data-width=\"100%\" data-order-by=\"reverse_time\" data-numposts=\"5\"><\/div>\n<h2>\u00daltimas publica\u00e7\u00f5es de No Rancho Fundo<\/h2>\n<p><div class=\"pt-cv-wrapper\"><div class=\"pt-cv-view pt-cv-grid pt-cv-colsys\" id=\"pt-cv-view-1b948bbbtz\"><div data-id=\"pt-cv-page-1\" class=\"pt-cv-page\" data-cvc=\"1\"><div class=\"col-md-12 col-sm-12 col-xs-12 pt-cv-content-item pt-cv-1-col\" ><div class='pt-cv-ifield'><h4 class=\"pt-cv-title\"><a href=\"https:\/\/www.tvnovelas.com.br\/tvnews\/no-rancho-fundo-deodora-atira-em-ariosto-por-magoa-e-ciume\/\" class=\"_blank\" target=\"_blank\" >No Rancho Fundo: Deodora atira em Ariosto por m\u00e1goa e ci\u00fame<\/a><\/h4><\/div><\/div>\n<div class=\"col-md-12 col-sm-12 col-xs-12 pt-cv-content-item pt-cv-1-col\" ><div class='pt-cv-ifield'><h4 class=\"pt-cv-title\"><a href=\"https:\/\/www.tvnovelas.com.br\/tvnews\/no-rancho-fundo-romera-desbloqueada-entre-os-podres-de-saba-bodo\/\" class=\"_blank\" target=\"_blank\" >No Rancho Fundo: Romera desbloqueada entre os podres de Sab\u00e1 Bod\u00f3<\/a><\/h4><\/div><\/div>\n<div class=\"col-md-12 col-sm-12 col-xs-12 pt-cv-content-item pt-cv-1-col\" ><div class='pt-cv-ifield'><h4 class=\"pt-cv-title\"><a href=\"https:\/\/www.tvnovelas.com.br\/tvnews\/no-rancho-fundo-jordao-e-preso-por-tentar-matar-primo-cicero\/\" class=\"_blank\" target=\"_blank\" >No Rancho Fundo: Jord\u00e3o \u00e9 preso por tentar matar Primo C\u00edcero<\/a><\/h4><\/div><\/div>\n<div class=\"col-md-12 col-sm-12 col-xs-12 pt-cv-content-item pt-cv-1-col\" ><div class='pt-cv-ifield'><h4 class=\"pt-cv-title\"><a href=\"https:\/\/www.tvnovelas.com.br\/tvnews\/no-rancho-fundo-artur-confronta-elias-e-descobre-quem-ele-e\/\" class=\"_blank\" target=\"_blank\" >No Rancho Fundo:  Artur confronta Elias e descobre quem ele \u00e9<\/a><\/h4><\/div><\/div>\n<div class=\"col-md-12 col-sm-12 col-xs-12 pt-cv-content-item pt-cv-1-col\" ><div class='pt-cv-ifield'><h4 class=\"pt-cv-title\"><a href=\"https:\/\/www.tvnovelas.com.br\/tvnews\/no-rancho-fundo-elias-espalha-dinamites-na-gruta-azul-a-mando-de-ariosto\/\" class=\"_blank\" target=\"_blank\" >No Rancho Fundo: Elias espalha dinamites na Gruta Azul a mando de Ariosto<\/a><\/h4><\/div><\/div><\/div><\/div><\/div><br \/>\n<a href=\"https:\/\/wp.me\/pfspD2-OO\" target=\"_blank\" rel=\"noopener\">No Rancho Fundo: De Lasca Fogo a Lap\u00e3o da Beirada<\/a><br \/>\n<a href=\"https:\/\/tvnovelas.com.br\/page2\/arquivo\/no-rancho-fundo-trilha-sonora\/\" target=\"_blank\" rel=\"noopener\">No Rancho Fundo: trilha sonora<\/a><br \/>\n<a href=\"https:\/\/pt.wikipedia.org\/wiki\/No_Rancho_Fundo\" target=\"_blank\" rel=\"noopener\">Sobre No Rancho Fundo, na Wikipedia<\/a><br \/>\n<a href=\"https:\/\/tvnovelas.com.br\/filmes\/filmes-na-tv-segunda\/\" target=\"_blank\" rel=\"noopener\">Confira a programa\u00e7\u00e3o de filmes na TV aberta<\/a><br \/>\n<a href=\"https:\/\/www.tvnovelas.com.br\/tvnews\/\">\u00daltimas not\u00edcias de todas as novelas<\/a><\/p>\n","protected":false},"excerpt":{"rendered":"<p>No Rancho Fundo: Zefa considera&#8230; Ariosto (Eduardo Moscovis) e Deodora (Debora Bloch) est\u00e3o tentando se aproximar dos Leonel de olho na explora\u00e7\u00e3o de pedras&#8230;<\/p>\n","protected":false},"author":1,"featured_media":68224,"comment_status":"closed","ping_status":"closed","sticky":false,"template":"","format":"standard","meta":{"_uf_show_specific_survey":0,"_uf_disable_surveys":false,"_jetpack_memberships_contains_paid_content":false,"footnotes":"","_wp_rev_ctl_limit":""},"categories":[763],"tags":[5,764,64],"class_list":["post-68223","post","type-post","status-publish","format-standard","has-post-thumbnail","hentry","category-no-rancho-fundo","tag-globo","tag-no-rancho-fundo","tag-novelas","wpcat-763-id"],"aioseo_notices":[],"jetpack_featured_media_url":"https:\/\/i0.wp.com\/www.tvnovelas.com.br\/tvnews\/wp-content\/uploads\/2024\/09\/40011.jpg?fit=728%2C410&ssl=1","jetpack_shortlink":"https:\/\/wp.me\/pdP2BO-hKn","jetpack_sharing_enabled":true,"_links":{"self":[{"href":"https:\/\/www.tvnovelas.com.br\/tvnews\/wp-json\/wp\/v2\/posts\/68223","targetHints":{"allow":["GET"]}}],"collection":[{"href":"https:\/\/www.tvnovelas.com.br\/tvnews\/wp-json\/wp\/v2\/posts"}],"about":[{"href":"https:\/\/www.tvnovelas.com.br\/tvnews\/wp-json\/wp\/v2\/types\/post"}],"author":[{"embeddable":true,"href":"https:\/\/www.tvnovelas.com.br\/tvnews\/wp-json\/wp\/v2\/users\/1"}],"replies":[{"embeddable":true,"href":"https:\/\/www.tvnovelas.com.br\/tvnews\/wp-json\/wp\/v2\/comments?post=68223"}],"version-history":[{"count":2,"href":"https:\/\/www.tvnovelas.com.br\/tvnews\/wp-json\/wp\/v2\/posts\/68223\/revisions"}],"predecessor-version":[{"id":68226,"href":"https:\/\/www.tvnovelas.com.br\/tvnews\/wp-json\/wp\/v2\/posts\/68223\/revisions\/68226"}],"wp:featuredmedia":[{"embeddable":true,"href":"https:\/\/www.tvnovelas.com.br\/tvnews\/wp-json\/wp\/v2\/media\/68224"}],"wp:attachment":[{"href":"https:\/\/www.tvnovelas.com.br\/tvnews\/wp-json\/wp\/v2\/media?parent=68223"}],"wp:term":[{"taxonomy":"category","embeddable":true,"href":"https:\/\/www.tvnovelas.com.br\/tvnews\/wp-json\/wp\/v2\/categories?post=68223"},{"taxonomy":"post_tag","embeddable":true,"href":"https:\/\/www.tvnovelas.com.br\/tvnews\/wp-json\/wp\/v2\/tags?post=68223"}],"curies":[{"name":"wp","href":"https:\/\/api.w.org\/{rel}","templated":true}]}}