{"id":68233,"date":"2024-09-02T08:31:26","date_gmt":"2024-09-02T11:31:26","guid":{"rendered":"https:\/\/www.tvnovelas.com.br\/tvnews\/?p=68233"},"modified":"2024-09-02T08:31:26","modified_gmt":"2024-09-02T11:31:26","slug":"familia-e-tudo-murilo-desiste-de-viagem-e-surpreende-electra","status":"publish","type":"post","link":"https:\/\/www.tvnovelas.com.br\/tvnews\/familia-e-tudo-murilo-desiste-de-viagem-e-surpreende-electra\/","title":{"rendered":"Fam\u00edlia \u00e9 Tudo: Murilo desiste de viagem e surpreende Electra"},"content":{"rendered":"<p><em>Em Fam\u00edlia \u00e9 Tudo: Murilo desiste&#8230;<\/em><br \/>\n<figure id=\"attachment_68234\" aria-describedby=\"caption-attachment-68234\" style=\"width: 728px\" class=\"wp-caption alignnone\"><img data-recalc-dims=\"1\" decoding=\"async\" class=\"wp-image-68234 size-full\" title=\"(Foto: TV Globo\/Fam\u00edlia \u00e9 Tudo)\" src=\"https:\/\/i0.wp.com\/www.tvnovelas.com.br\/tvnews\/wp-content\/uploads\/2024\/09\/40015.jpg?resize=728%2C410&#038;ssl=1\" alt=\"Foto em Fam\u00edlia \u00e9 Tudo: Murilo desiste...\" width=\"728\" height=\"410\" \/><figcaption id=\"caption-attachment-68234\" class=\"wp-caption-text\">Fam\u00edlia \u00e9 Tudo: Murilo desiste&#8230;<\/figcaption><\/figure><\/p>\n<p>Em Fam\u00edlia \u00e9 Tudo, Electra (Juliana Paiva) bem que tinha dito que preferia ficar sozinha, com medo de magoar Luca (Jayme Matarazzo) e abalar a rela\u00e7\u00e3o dos irm\u00e3os. O que ela n\u00e3o esperava era que o fot\u00f3grafo fosse influenciar o romance dos dois! Acontece que, em uma conversa, ambos chegam \u00e0 conclus\u00e3o de que o que existe entre eles \u00e9 amizade e que, na verdade, Electra deve seguir seu cora\u00e7\u00e3o e ir atr\u00e1s do seu verdadeiro amor: Murilo (Henrique Barreira)!<\/p>\n<p>Mas, inda abalado com a decis\u00e3o da mocinha, Murilo resolve passar um tempo viajando. Desesperada, Electra resolve correr atr\u00e1s de seu amado. S\u00f3 que \u00e9 surpreendida ao saber que o avi\u00e3o j\u00e1 est\u00e1 prestes a decolar. Em uma \u00faltima tentativa, ela envia uma mensagem se declarando para o advogado, com a esperan\u00e7a de que ele leia ao chegar no destino.<\/p>\n<p>Mas ao chegar em casa, desolada, ela \u00e9 quem vai levar um susto ao ver que Murilo estava \u00e0 sua espera!<\/p>\n<p>&#8220;Eu recebi a sua mensagem quando j\u00e1 estavam fechando a porta do avi\u00e3o e vim correndo te ver, meu amor!&#8221;, diz ele.<br \/>\nOs dois ent\u00e3o se declaram e resolvem entrar no Casar\u00e3o, onde se entregam \u00e0 paix\u00e3o&#8230;<\/p>\n<h3>Coment\u00e1rio em Fam\u00edlia \u00e9 Tudo: Murilo desiste<\/h3>\n<div class=\"fb-comments\" data-width=\"100%\" data-order-by=\"reverse_time\" data-numposts=\"5\"><\/div>\n<p><a href=\"https:\/\/tvnovelas.com.br\/novelas\/resumos-de-familia-e-tudo\/\" target=\"_blank\" rel=\"noopener\">Confira os resumos da semana de Fam\u00edlia \u00e9 Tudo<\/a><\/br>\r\n<strong style=\"font-size: 120%;\">\u00daltimas not\u00edcias de Fam\u00edlia \u00e9 Tudo<\/strong>\r\n<div class=\"pt-cv-wrapper\"><div class=\"pt-cv-view pt-cv-grid pt-cv-colsys\" id=\"pt-cv-view-f4ab296jpv\"><div data-id=\"pt-cv-page-1\" class=\"pt-cv-page\" data-cvc=\"1\"><div class=\"col-md-12 col-sm-12 col-xs-12 pt-cv-content-item pt-cv-1-col\" ><div class='pt-cv-ifield'><h4 class=\"pt-cv-title\"><a href=\"https:\/\/www.tvnovelas.com.br\/tvnews\/familia-e-tudo-electra-vai-ate-a-prisao-e-humilha-jessica\/\" class=\"_blank\" target=\"_blank\" >Fam\u00edlia \u00e9 Tudo: Electra vai at\u00e9 a pris\u00e3o e humilha J\u00e9ssica<\/a><\/h4><\/div><\/div>\n<div class=\"col-md-12 col-sm-12 col-xs-12 pt-cv-content-item pt-cv-1-col\" ><div class='pt-cv-ifield'><h4 class=\"pt-cv-title\"><a href=\"https:\/\/www.tvnovelas.com.br\/tvnews\/familia-e-tudo-guto-e-jupiter-tentam-conquitar-lupita\/\" class=\"_blank\" target=\"_blank\" >Fam\u00edlia \u00e9 Tudo: Guto e J\u00fapiter tentam conquitar Lupita<\/a><\/h4><\/div><\/div>\n<div class=\"col-md-12 col-sm-12 col-xs-12 pt-cv-content-item pt-cv-1-col\" ><div class='pt-cv-ifield'><h4 class=\"pt-cv-title\"><a href=\"https:\/\/www.tvnovelas.com.br\/tvnews\/familia-e-tudo-tom-adota-eva-e-pede-venus-em-casamento\/\" class=\"_blank\" target=\"_blank\" >Fam\u00edlia \u00e9 Tudo: Tom adota Eva e pede V\u00eanus em casamento<\/a><\/h4><\/div><\/div>\n<div class=\"col-md-12 col-sm-12 col-xs-12 pt-cv-content-item pt-cv-1-col\" ><div class='pt-cv-ifield'><h4 class=\"pt-cv-title\"><a href=\"https:\/\/www.tvnovelas.com.br\/tvnews\/familia-e-tudo-lupita-e-guto-se-beijam-apos-banho-de-beleza\/\" class=\"_blank\" target=\"_blank\" >Fam\u00edlia \u00e9 Tudo: Lupita e Guto se beijam ap\u00f3s Banho de Beleza<\/a><\/h4><\/div><\/div>\n<div class=\"col-md-12 col-sm-12 col-xs-12 pt-cv-content-item pt-cv-1-col\" ><div class='pt-cv-ifield'><h4 class=\"pt-cv-title\"><a href=\"https:\/\/www.tvnovelas.com.br\/tvnews\/familia-e-tudo-luca-decide-ir-para-dubai-com-maya\/\" class=\"_blank\" target=\"_blank\" >Fam\u00edlia \u00e9 Tudo: Luca decide ir para Dubai com Maya<\/a><\/h4><\/div><\/div>\n<div class=\"col-md-12 col-sm-12 col-xs-12 pt-cv-content-item pt-cv-1-col\" ><div class='pt-cv-ifield'><h4 class=\"pt-cv-title\"><a href=\"https:\/\/www.tvnovelas.com.br\/tvnews\/familia-e-tudo-catarina-pede-perdao-a-frida\/\" class=\"_blank\" target=\"_blank\" >Fam\u00edlia \u00e9 Tudo: Catarina pede perd\u00e3o a Frida<\/a><\/h4><\/div><\/div>\n<div class=\"col-md-12 col-sm-12 col-xs-12 pt-cv-content-item pt-cv-1-col\" ><div class='pt-cv-ifield'><h4 class=\"pt-cv-title\"><a href=\"https:\/\/www.tvnovelas.com.br\/tvnews\/familia-e-tudo-frida-se-revela-a-venus\/\" class=\"_blank\" target=\"_blank\" >Fam\u00edlia \u00e9 Tudo: Frida se revela \u00e0 V\u00eanus<\/a><\/h4><\/div><\/div>\n<div class=\"col-md-12 col-sm-12 col-xs-12 pt-cv-content-item pt-cv-1-col\" ><div class='pt-cv-ifield'><h4 class=\"pt-cv-title\"><a href=\"https:\/\/www.tvnovelas.com.br\/tvnews\/familia-e-tudo-maya-pede-que-tom-nao-perca-venus\/\" class=\"_blank\" target=\"_blank\" >Fam\u00edlia \u00e9 Tudo: Maya pede que Tom n\u00e3o perca V\u00eanus<\/a><\/h4><\/div><\/div>\n<div class=\"col-md-12 col-sm-12 col-xs-12 pt-cv-content-item pt-cv-1-col\" ><div class='pt-cv-ifield'><h4 class=\"pt-cv-title\"><a href=\"https:\/\/www.tvnovelas.com.br\/tvnews\/familia-e-tudo-chantal-se-interessa-por-leo-netuno\/\" class=\"_blank\" target=\"_blank\" >Fam\u00edlia \u00e9 Tudo: Chantal se interessa por L\u00e9o\/Netuno<\/a><\/h4><\/div><\/div>\n<div class=\"col-md-12 col-sm-12 col-xs-12 pt-cv-content-item pt-cv-1-col\" ><div class='pt-cv-ifield'><h4 class=\"pt-cv-title\"><a href=\"https:\/\/www.tvnovelas.com.br\/tvnews\/familia-e-tudo-hans-se-confunde-e-joga-a-propria-mae-no-mar\/\" class=\"_blank\" target=\"_blank\" >Fam\u00edlia \u00e9 Tudo: Hans se confunde e joga a pr\u00f3pria m\u00e3e no mar<\/a><\/h4><\/div><\/div><\/div><\/div><\/div>\r\n<strong style=\"font-size: 120%;\">\u00daltimas not\u00edcias deste site:<\/strong>\r\n<div class=\"pt-cv-wrapper\"><div class=\"pt-cv-view pt-cv-grid pt-cv-colsys\" id=\"pt-cv-view-90991035b3\"><div data-id=\"pt-cv-page-1\" class=\"pt-cv-page\" data-cvc=\"1\"><div class=\"col-md-12 col-sm-12 col-xs-12 pt-cv-content-item pt-cv-1-col\" ><div class='pt-cv-ifield'><h4 class=\"pt-cv-title\"><a href=\"https:\/\/www.tvnovelas.com.br\/tvnews\/coracao-de-mae-atilla-confronta-hasan-e-exige-o-divorcio-de-lale\/\" class=\"_self\" target=\"_self\" >Cora\u00e7\u00e3o de M\u00e3e: Atilla confronta Hasan e exige o div\u00f3rcio de Lale<\/a><\/h4><\/div><\/div>\n<div class=\"col-md-12 col-sm-12 col-xs-12 pt-cv-content-item pt-cv-1-col\" ><div class='pt-cv-ifield'><h4 class=\"pt-cv-title\"><a href=\"https:\/\/www.tvnovelas.com.br\/tvnews\/guerra-das-rosas-gulfem-coloca-gulru-contra-a-parede\/\" class=\"_self\" target=\"_self\" >Guerra das Rosas: Gulfem coloca Gulru contra a parede<\/a><\/h4><\/div><\/div>\n<div class=\"col-md-12 col-sm-12 col-xs-12 pt-cv-content-item pt-cv-1-col\" ><div class='pt-cv-ifield'><h4 class=\"pt-cv-title\"><a href=\"https:\/\/www.tvnovelas.com.br\/tvnews\/coracao-de-mae-atilla-diz-a-lale-que-quer-o-divorcio\/\" class=\"_self\" target=\"_self\" >Cora\u00e7\u00e3o de M\u00e3e: Atilla diz a Lale que quer o div\u00f3rcio<\/a><\/h4><\/div><\/div>\n<div class=\"col-md-12 col-sm-12 col-xs-12 pt-cv-content-item pt-cv-1-col\" ><div class='pt-cv-ifield'><h4 class=\"pt-cv-title\"><a href=\"https:\/\/www.tvnovelas.com.br\/tvnews\/a-nobreza-do-amor-mirinho-garante-noivado-com-virginia-para-atrair-sogro-a-negocio\/\" class=\"_self\" target=\"_self\" >A Nobreza do Amor: Mirinho garante noivado com Virg\u00ednia para atrair sogro a neg\u00f3cio<\/a><\/h4><\/div><\/div>\n<div class=\"col-md-12 col-sm-12 col-xs-12 pt-cv-content-item pt-cv-1-col\" ><div class='pt-cv-ifield'><h4 class=\"pt-cv-title\"><a href=\"https:\/\/www.tvnovelas.com.br\/tvnews\/tres-gracas-joaquim-propoe-fuga-a-arminda-com-o-dinheiro-das-tres-gracas\/\" class=\"_self\" target=\"_self\" >Tr\u00eas Gra\u00e7as:  Joaquim prop\u00f5e fuga a Arminda com o dinheiro das Tr\u00eas Gra\u00e7as<\/a><\/h4><\/div><\/div>\n<div class=\"col-md-12 col-sm-12 col-xs-12 pt-cv-content-item pt-cv-1-col\" ><div class='pt-cv-ifield'><h4 class=\"pt-cv-title\"><a href=\"https:\/\/www.tvnovelas.com.br\/tvnews\/coracao-de-mae-atilla-decide-abrir-o-jogo-com-karsu\/\" class=\"_self\" target=\"_self\" >Cora\u00e7\u00e3o de M\u00e3e: Atilla decide abrir o jogo com Karsu<\/a><\/h4><\/div><\/div>\n<div class=\"col-md-12 col-sm-12 col-xs-12 pt-cv-content-item pt-cv-1-col\" ><div class='pt-cv-ifield'><h4 class=\"pt-cv-title\"><a href=\"https:\/\/www.tvnovelas.com.br\/tvnews\/coracao-de-mae-adnan-e-preso-apos-denuncia-de-irmak\/\" class=\"_self\" target=\"_self\" >Em Cora\u00e7\u00e3o de M\u00e3e: Adnan \u00e9 preso ap\u00f3s denuncia de Irmak<\/a><\/h4><\/div><\/div>\n<div class=\"col-md-12 col-sm-12 col-xs-12 pt-cv-content-item pt-cv-1-col\" ><div class='pt-cv-ifield'><h4 class=\"pt-cv-title\"><a href=\"https:\/\/www.tvnovelas.com.br\/tvnews\/coracao-de-mae-atilla-forca-karsu-a-ouvir-suas-explicacoes\/\" class=\"_self\" target=\"_self\" >Cora\u00e7\u00e3o de M\u00e3e: Atilla for\u00e7a Karsu a ouvir suas explica\u00e7\u00f5es<\/a><\/h4><\/div><\/div>\n<div class=\"col-md-12 col-sm-12 col-xs-12 pt-cv-content-item pt-cv-1-col\" ><div class='pt-cv-ifield'><h4 class=\"pt-cv-title\"><a href=\"https:\/\/www.tvnovelas.com.br\/tvnews\/coracao-acelerado-mulher-choca-janete-ao-se-apresentar-como-amante-do-palhares\/\" class=\"_self\" target=\"_self\" >Cora\u00e7\u00e3o Acelerado: Mulher choca Janete ao se apresentar como amante do Palhares<\/a><\/h4><\/div><\/div>\n<div class=\"col-md-12 col-sm-12 col-xs-12 pt-cv-content-item pt-cv-1-col\" ><div class='pt-cv-ifield'><h4 class=\"pt-cv-title\"><a href=\"https:\/\/www.tvnovelas.com.br\/tvnews\/a-nobreza-do-amor-jendal-dobra-a-recompensa-por-alika\/\" class=\"_self\" target=\"_self\" >A Nobreza do Amor: Jendal dobra a recompensa por Alika<\/a><\/h4><\/div><\/div><\/div><\/div><\/div>\r\n<a href=\"https:\/\/www.tvnovelas.com.br\/novelas\/\"><strong>Confira os resumos da semana de todas novelas<\/strong><\/a>\r\n<h3>Confira tamb\u00e9m<\/h3>\r\n<a href=\"https:\/\/www.tvnovelas.com.br\/filmes\/\" target=\"_blank\" rel=\"noopener noreferrer\"><strong>Programa\u00e7\u00e3o de filmes na TV aberta<\/strong><\/a><\/br>\r\n<a href=\"https:\/\/caetenews.com.br\/semana\/filmes-da-globo-na-sessao-da-tarde-desta-semana\/\" target=\"_blank\" rel=\"noopener\"><strong>Confira os filmes da semana na Sess\u00e3o da Tarde<\/strong><\/a><\/br>\r\n<a href=\"https:\/\/www.tvnovelas.com.br\/novelas\/\" target=\"_blank\" rel=\"noopener noreferrer\"><strong>Resumos de novelas<\/strong><\/a><br \/>\n<a href=\"https:\/\/tvnovelas.com.br\/filmes\/filmes-na-tv-segunda\/\" target=\"_blank\" rel=\"noopener\">Confira a Progrma\u00e7\u00e3o de Filmes na TV aberta<\/a><br \/>\n<a href=\"https:\/\/pt.wikipedia.org\/wiki\/Fam\u00edlia_\u00c9_Tudo\" target=\"_blank\" rel=\"noopener\">Sobre Fam\u00edlia \u00e9 Tudo na Wikipedia<\/a><br \/>\n<a href=\"https:\/\/www.tvnovelas.com.br\/tvnews\/\" target=\"_blank\" rel=\"noopener\">\u00daltimas not\u00edcias das novelas<\/a><\/p>\n","protected":false},"excerpt":{"rendered":"<p>Fam\u00edlia \u00e9 Tudo: Murilo desiste&#8230; Electra (Juliana Paiva) bem que tinha dito que preferia ficar sozinha, com medo de magoar Luca (Jayme Matarazzo) e abalar&#8230;<\/p>\n","protected":false},"author":1,"featured_media":68234,"comment_status":"closed","ping_status":"closed","sticky":false,"template":"","format":"standard","meta":{"_uf_show_specific_survey":0,"_uf_disable_surveys":false,"_jetpack_memberships_contains_paid_content":false,"footnotes":"","_wp_rev_ctl_limit":""},"categories":[689],"tags":[690,5,64],"class_list":["post-68233","post","type-post","status-publish","format-standard","has-post-thumbnail","hentry","category-familia-e-tudo","tag-familia-e-tudo","tag-globo","tag-novelas","wpcat-689-id"],"aioseo_notices":[],"jetpack_featured_media_url":"https:\/\/i0.wp.com\/www.tvnovelas.com.br\/tvnews\/wp-content\/uploads\/2024\/09\/40015.jpg?fit=728%2C410&ssl=1","jetpack_shortlink":"https:\/\/wp.me\/pdP2BO-hKx","jetpack_sharing_enabled":true,"_links":{"self":[{"href":"https:\/\/www.tvnovelas.com.br\/tvnews\/wp-json\/wp\/v2\/posts\/68233","targetHints":{"allow":["GET"]}}],"collection":[{"href":"https:\/\/www.tvnovelas.com.br\/tvnews\/wp-json\/wp\/v2\/posts"}],"about":[{"href":"https:\/\/www.tvnovelas.com.br\/tvnews\/wp-json\/wp\/v2\/types\/post"}],"author":[{"embeddable":true,"href":"https:\/\/www.tvnovelas.com.br\/tvnews\/wp-json\/wp\/v2\/users\/1"}],"replies":[{"embeddable":true,"href":"https:\/\/www.tvnovelas.com.br\/tvnews\/wp-json\/wp\/v2\/comments?post=68233"}],"version-history":[{"count":1,"href":"https:\/\/www.tvnovelas.com.br\/tvnews\/wp-json\/wp\/v2\/posts\/68233\/revisions"}],"predecessor-version":[{"id":68235,"href":"https:\/\/www.tvnovelas.com.br\/tvnews\/wp-json\/wp\/v2\/posts\/68233\/revisions\/68235"}],"wp:featuredmedia":[{"embeddable":true,"href":"https:\/\/www.tvnovelas.com.br\/tvnews\/wp-json\/wp\/v2\/media\/68234"}],"wp:attachment":[{"href":"https:\/\/www.tvnovelas.com.br\/tvnews\/wp-json\/wp\/v2\/media?parent=68233"}],"wp:term":[{"taxonomy":"category","embeddable":true,"href":"https:\/\/www.tvnovelas.com.br\/tvnews\/wp-json\/wp\/v2\/categories?post=68233"},{"taxonomy":"post_tag","embeddable":true,"href":"https:\/\/www.tvnovelas.com.br\/tvnews\/wp-json\/wp\/v2\/tags?post=68233"}],"curies":[{"name":"wp","href":"https:\/\/api.w.org\/{rel}","templated":true}]}}