{"id":68254,"date":"2024-09-03T08:30:24","date_gmt":"2024-09-03T11:30:24","guid":{"rendered":"https:\/\/www.tvnovelas.com.br\/tvnews\/?p=68254"},"modified":"2024-09-03T08:30:24","modified_gmt":"2024-09-03T11:30:24","slug":"no-rancho-fundo-blandina-faz-faxina-no-hotel-no-lugar-da-mae","status":"publish","type":"post","link":"https:\/\/www.tvnovelas.com.br\/tvnews\/no-rancho-fundo-blandina-faz-faxina-no-hotel-no-lugar-da-mae\/","title":{"rendered":"No Rancho Fundo: Blandina faz faxina no hotel no lugar da m\u00e3e"},"content":{"rendered":"<p><em>Em No Rancho Fundo: Blandina&#8230;<\/em><br \/>\n<figure id=\"attachment_68255\" aria-describedby=\"caption-attachment-68255\" style=\"width: 728px\" class=\"wp-caption alignnone\"><img data-recalc-dims=\"1\" decoding=\"async\" class=\"wp-image-68255 size-full\" title=\"(Foto: TV Globo\/No Rancho Fundo)\" src=\"https:\/\/i0.wp.com\/www.tvnovelas.com.br\/tvnews\/wp-content\/uploads\/2024\/09\/40019.jpg?resize=728%2C410&#038;ssl=1\" alt=\"Foto em No Rancho Fundo: Blandina\" width=\"728\" height=\"410\" \/><figcaption id=\"caption-attachment-68255\" class=\"wp-caption-text\">No Rancho Fundo: Blandina&#8230;<\/figcaption><\/figure><\/p>\n<p>Em No Rancho Fundo, Dona Castorina (F\u00e1tima Patr\u00edcio) come\u00e7a a trabalhar como faxineira do Hotel S\u00e3o Petersburgo para n\u00e3o depender da filha. Mas, ao descobrir, Blandina (Luisa Arraes) n\u00e3o gosta nadinha. A vigarista vai pedir que a m\u00e3e seja demitida do hotel. Mas, mesmo orgulhosa e agora rica, ela acabar\u00e1 limpando um quarto para ajudar a m\u00e3e.<\/p>\n<p>\u201cTu vai demitir minha m\u00e3e e vai demitir \u00e9 agora!\u201d, ordena ela a Tobias Aldon\u00e7o (Duda Rios).<\/p>\n<p>\u201cN\u00e3o vou ficar com meu quadro de faxineiras desfalcado por um capricho da senhora. Meu hotel n\u00e3o vai ficar sujo\u201d, reage ele.<\/p>\n<p>Contrariada, Blandina entrar\u00e1 no quarto de Artur, onde Dona Castorina estar\u00e1 trabalhando e dir\u00e1 que n\u00e3o pode ter uma m\u00e3e faxineira.<\/p>\n<p>\u201cM\u00e3inha, pare com isso agora! Isso n\u00e3o \u00e9 trabalho, \u00e9 humilha\u00e7\u00e3o. Uma empres\u00e1ria em ascens\u00e3o n\u00e3o pode ter uma m\u00e3e faxineira!\u201d<\/p>\n<p>\u201cN\u00e3o tem nada de humilhante em ter um emprego digno que n\u00e3o prejudica ningu\u00e9m\u201d, responde a m\u00e3e.<\/p>\n<p>E, do nada, Blandina tomar\u00e1 a vassoura das m\u00e3os da m\u00e3e e come\u00e7ar\u00e1 a varrer o ch\u00e3o.<\/p>\n<p>\u201cQue \u00e9 isso, minha filha!?\u201d, pergunta a m\u00e3e, sem entender nada.<\/p>\n<p>\u201cTu quer ver o teu servi\u00e7o feito? Ent\u00e3o eu fa\u00e7o. Deixa que eu cuido desse trabalho digno que tu tanto fala. O que eu n\u00e3o aceito mais \u00e9 ver minha m\u00e3e ralando depois de tudo o que j\u00e1 passou\u201d, diz ela, sinceramente.<br \/>\n<!--FIM--><\/p>\n<h3>Coment\u00e1rios em No Rancho Fundo<\/h3>\n<div class=\"fb-comments\" data-width=\"100%\" data-order-by=\"reverse_time\" data-numposts=\"5\"><\/div>\n<h2>\u00daltimas publica\u00e7\u00f5es de No Rancho Fundo: Blandina&#8230;<\/h2>\n<p><div class=\"pt-cv-wrapper\"><div class=\"pt-cv-view pt-cv-grid pt-cv-colsys\" id=\"pt-cv-view-1b948bbbtz\"><div data-id=\"pt-cv-page-1\" class=\"pt-cv-page\" data-cvc=\"1\"><div class=\"col-md-12 col-sm-12 col-xs-12 pt-cv-content-item pt-cv-1-col\" ><div class='pt-cv-ifield'><h4 class=\"pt-cv-title\"><a href=\"https:\/\/www.tvnovelas.com.br\/tvnews\/no-rancho-fundo-deodora-atira-em-ariosto-por-magoa-e-ciume\/\" class=\"_blank\" target=\"_blank\" >No Rancho Fundo: Deodora atira em Ariosto por m\u00e1goa e ci\u00fame<\/a><\/h4><\/div><\/div>\n<div class=\"col-md-12 col-sm-12 col-xs-12 pt-cv-content-item pt-cv-1-col\" ><div class='pt-cv-ifield'><h4 class=\"pt-cv-title\"><a href=\"https:\/\/www.tvnovelas.com.br\/tvnews\/no-rancho-fundo-romera-desbloqueada-entre-os-podres-de-saba-bodo\/\" class=\"_blank\" target=\"_blank\" >No Rancho Fundo: Romera desbloqueada entre os podres de Sab\u00e1 Bod\u00f3<\/a><\/h4><\/div><\/div>\n<div class=\"col-md-12 col-sm-12 col-xs-12 pt-cv-content-item pt-cv-1-col\" ><div class='pt-cv-ifield'><h4 class=\"pt-cv-title\"><a href=\"https:\/\/www.tvnovelas.com.br\/tvnews\/no-rancho-fundo-jordao-e-preso-por-tentar-matar-primo-cicero\/\" class=\"_blank\" target=\"_blank\" >No Rancho Fundo: Jord\u00e3o \u00e9 preso por tentar matar Primo C\u00edcero<\/a><\/h4><\/div><\/div>\n<div class=\"col-md-12 col-sm-12 col-xs-12 pt-cv-content-item pt-cv-1-col\" ><div class='pt-cv-ifield'><h4 class=\"pt-cv-title\"><a href=\"https:\/\/www.tvnovelas.com.br\/tvnews\/no-rancho-fundo-artur-confronta-elias-e-descobre-quem-ele-e\/\" class=\"_blank\" target=\"_blank\" >No Rancho Fundo:  Artur confronta Elias e descobre quem ele \u00e9<\/a><\/h4><\/div><\/div>\n<div class=\"col-md-12 col-sm-12 col-xs-12 pt-cv-content-item pt-cv-1-col\" ><div class='pt-cv-ifield'><h4 class=\"pt-cv-title\"><a href=\"https:\/\/www.tvnovelas.com.br\/tvnews\/no-rancho-fundo-elias-espalha-dinamites-na-gruta-azul-a-mando-de-ariosto\/\" class=\"_blank\" target=\"_blank\" >No Rancho Fundo: Elias espalha dinamites na Gruta Azul a mando de Ariosto<\/a><\/h4><\/div><\/div><\/div><\/div><\/div><br \/>\n<a href=\"https:\/\/wp.me\/pfspD2-OO\" target=\"_blank\" rel=\"noopener\">No Rancho Fundo: De Lasca Fogo a Lap\u00e3o da Beirada<\/a><br \/>\n<a href=\"https:\/\/tvnovelas.com.br\/page2\/arquivo\/no-rancho-fundo-trilha-sonora\/\" target=\"_blank\" rel=\"noopener\">No Rancho Fundo: trilha sonora<\/a><br \/>\n<a href=\"https:\/\/pt.wikipedia.org\/wiki\/No_Rancho_Fundo\" target=\"_blank\" rel=\"noopener\">Sobre No Rancho Fundo, na Wikipedia<\/a><br \/>\n<a href=\"https:\/\/tvnovelas.com.br\/filmes\/filmes-na-tv-segunda\/\" target=\"_blank\" rel=\"noopener\">Confira a programa\u00e7\u00e3o de filmes na TV aberta<\/a><br \/>\n<a href=\"https:\/\/www.tvnovelas.com.br\/tvnews\/\">\u00daltimas not\u00edcias de todas as novelas<\/a><\/p>\n","protected":false},"excerpt":{"rendered":"<p>No Rancho Fundo: Blandina&#8230; Dona Castorina (F\u00e1tima Patr\u00edcio) come\u00e7a a trabalhar como faxineira do Hotel S\u00e3o Petersburgo para n\u00e3o depender da filha&#8230;.<\/p>\n","protected":false},"author":1,"featured_media":68255,"comment_status":"closed","ping_status":"closed","sticky":false,"template":"","format":"standard","meta":{"_uf_show_specific_survey":0,"_uf_disable_surveys":false,"_jetpack_memberships_contains_paid_content":false,"footnotes":"","_wp_rev_ctl_limit":""},"categories":[763],"tags":[5,764,64],"class_list":["post-68254","post","type-post","status-publish","format-standard","has-post-thumbnail","hentry","category-no-rancho-fundo","tag-globo","tag-no-rancho-fundo","tag-novelas","wpcat-763-id"],"aioseo_notices":[],"jetpack_featured_media_url":"https:\/\/i0.wp.com\/www.tvnovelas.com.br\/tvnews\/wp-content\/uploads\/2024\/09\/40019.jpg?fit=728%2C410&ssl=1","jetpack_shortlink":"https:\/\/wp.me\/pdP2BO-hKS","jetpack_sharing_enabled":true,"_links":{"self":[{"href":"https:\/\/www.tvnovelas.com.br\/tvnews\/wp-json\/wp\/v2\/posts\/68254","targetHints":{"allow":["GET"]}}],"collection":[{"href":"https:\/\/www.tvnovelas.com.br\/tvnews\/wp-json\/wp\/v2\/posts"}],"about":[{"href":"https:\/\/www.tvnovelas.com.br\/tvnews\/wp-json\/wp\/v2\/types\/post"}],"author":[{"embeddable":true,"href":"https:\/\/www.tvnovelas.com.br\/tvnews\/wp-json\/wp\/v2\/users\/1"}],"replies":[{"embeddable":true,"href":"https:\/\/www.tvnovelas.com.br\/tvnews\/wp-json\/wp\/v2\/comments?post=68254"}],"version-history":[{"count":1,"href":"https:\/\/www.tvnovelas.com.br\/tvnews\/wp-json\/wp\/v2\/posts\/68254\/revisions"}],"predecessor-version":[{"id":68256,"href":"https:\/\/www.tvnovelas.com.br\/tvnews\/wp-json\/wp\/v2\/posts\/68254\/revisions\/68256"}],"wp:featuredmedia":[{"embeddable":true,"href":"https:\/\/www.tvnovelas.com.br\/tvnews\/wp-json\/wp\/v2\/media\/68255"}],"wp:attachment":[{"href":"https:\/\/www.tvnovelas.com.br\/tvnews\/wp-json\/wp\/v2\/media?parent=68254"}],"wp:term":[{"taxonomy":"category","embeddable":true,"href":"https:\/\/www.tvnovelas.com.br\/tvnews\/wp-json\/wp\/v2\/categories?post=68254"},{"taxonomy":"post_tag","embeddable":true,"href":"https:\/\/www.tvnovelas.com.br\/tvnews\/wp-json\/wp\/v2\/tags?post=68254"}],"curies":[{"name":"wp","href":"https:\/\/api.w.org\/{rel}","templated":true}]}}